{"id":26308,"date":"2024-01-30T14:56:10","date_gmt":"2024-01-30T11:56:10","guid":{"rendered":"https:\/\/onlinetranslators.de\/news\/nachrichten\/konjunktur-deutsche-wirtschaft-zum-jahresende-geschrumpft\/"},"modified":"2024-01-30T14:56:10","modified_gmt":"2024-01-30T11:56:10","slug":"konjunktur-deutsche-wirtschaft-zum-jahresende-geschrumpft","status":"publish","type":"post","link":"https:\/\/onlinetranslators.de\/news\/nachrichten\/konjunktur-deutsche-wirtschaft-zum-jahresende-geschrumpft\/","title":{"rendered":"Konjunktur: Deutsche Wirtschaft zum Jahresende geschrumpft"},"content":{"rendered":"<p class=\"caps\">Das deutsche Bruttoinlandsprodukt ist im vierten Quartal 2023 gegen\u00fcber dem Vorquartal um 0,3 Prozent gesunken. Das teilte das Statistische Bundesamt in Wiesbaden auf Basis vorl\u00e4ufiger Daten mit \u2013 und best\u00e4tigte damit <a href=\"https:\/\/www.spiegel.de\/wirtschaft\/deutsche-wirtschaft-schrumpft-2023-um-0-3-prozent-a-80857f02-063f-4704-8252-d712fe4bd207\" rel=\"noreferrer noopener\" target=\"_blank\">eine erste Sch\u00e4tzung<\/a>.<\/p>\n<p>Viele \u00d6konomen gehen auch von einem schwachen Start 2024 aus. \u00bbDa sind die Sparma\u00dfnahmen der Regierung, aber auch anhaltende Streiks der Lokf\u00fchrer und St\u00f6rungen der Lieferketten infolge des milit\u00e4rischen Konflikts im Roten Meer\u00ab, sagte ING-Chefvolkswirt Carsten Brzeski. Ein erneuter R\u00fcckgang der deutschen Wirtschaft im ersten Quartal 2024 erscheine wahrscheinlicher.<\/p>\n<p>Nach Angaben von Ifo-Konjunkturchef Timo Wollmersh\u00e4user klagen die Firmen in nahezu allen Wirtschaftsbereichen \u00fcber eine r\u00fcckl\u00e4ufige Nachfrage. Zus\u00e4tzlich werde die Wirtschaft durch eine Reihe von Sonderfaktoren belastet. \u00bbDazu z\u00e4hlen <a href=\"https:\/\/www.spiegel.de\/wirtschaft\/wirtschaft-und-infekte-interview-mit-claus-michelsen-ueber-hohen-krankenstand-a-35b65ce9-f481-4c3e-92fe-81770c7173c5\" rel=\"noreferrer noopener\" target=\"_blank\">der hohe Krankenstand<\/a>, die Streiks bei der Deutschen Bahn sowie der au\u00dfergew\u00f6hnlich kalte und schneereiche Januar. Aber erste Lichtblicke gibt es beim privaten Konsum.\u00ab<\/p>\n<h3>Inflation d\u00fcrfte sinken, L\u00f6hne steigen<\/h3>\n<p>Die Stimmung in der deutschen Wirtschaft hatte sich zu Beginn des Jahres dennoch verschlechtert. Das vom Ifo-Institut ermittelte Gesch\u00e4ftsklima fiel im Januar den zweiten Monat in Folge. \u00bbDie deutsche Wirtschaft steckt in der Rezession fest\u00ab, kommentierte Ifo-Pr\u00e4sident <a href=\"https:\/\/www.spiegel.de\/thema\/clemens_fuest\/\" rel=\"noreferrer noopener\" target=\"_blank\">Clemens Fuest<\/a>.<\/p>\n<p>Wirtschaftsforschungsinstitute senkten ihre Prognosen f\u00fcr 2024 ebenfalls, einige Volkswirte schlie\u00dfen auch einen erneuten R\u00fcckgang des Bruttoinlandsprodukts im Gesamtjahr nicht aus. Die <a href=\"https:\/\/www.spiegel.de\/thema\/deutsche_bundesbank\/\" rel=\"noreferrer noopener\" target=\"_blank\">Bundesbank<\/a> rechnet f\u00fcr 2024 noch mit einem Plus von 0,4 Prozent in Deutschland. Mit diesen schlechten Konjunkturaussichten ist Deutschland <a href=\"https:\/\/www.spiegel.de\/wirtschaft\/iwf-prognose-zur-weltwirtschaft-deutschland-faellt-2023-noch-tiefer-in-die-rezession-a-5bc4b90a-5770-492c-8edb-3242f4a13adb\" rel=\"noreferrer noopener\" target=\"_blank\">unter den Industrienationen eine Ausnahme<\/a>.<\/p>\n<p>Die Hoffnungen f\u00fcr das laufende Jahr <a href=\"https:\/\/www.spiegel.de\/wirtschaft\/service\/weihnachten-um-jeden-preis-konsum-in-der-krise-a-65f5be2b-ad67-4ee7-8e72-b3b997997b33\" rel=\"noreferrer noopener\" target=\"_blank\">ruhen vor allem auf der Konsumlust der Menschen <\/a>. \u00bbDank kr\u00e4ftiger Reallohnzuw\u00e4chse wird wohl vor allem der private Konsum wieder zulegen\u00ab, sagte <a href=\"https:\/\/www.spiegel.de\/thema\/kreditanstalt_fuer_wiederaufbau\/\" rel=\"noreferrer noopener\" target=\"_blank\">KfW<\/a>-Chefvolkswirtin Fritzi K\u00f6hler-Geib. Prognosen zufolge soll die Inflation in diesem Jahr sinken, bei gleichzeitig steigenden L\u00f6hnen.<\/p>\n<p>Die Kauflaune der Menschen tr\u00fcbte sich nach Angaben des Konsumforschungsinstituts GfK und des N\u00fcrnberg Instituts f\u00fcr Marktentscheidungen (NIM) zuletzt allerdings wieder ein. Hoffnungen auf eine nachhaltige Erholung des Konsumklimas m\u00fcssten weiter in die Zukunft verschoben werden. Krisen und Kriege sowie eine anhaltend hohe Inflation verunsicherten Verbraucher und verhinderten eine Verbesserung der Konsumstimmung, hie\u00df es.<\/p>\n<p>Im Gesamtjahr 2023 sank die Wirtschaftsleistung gegen\u00fcber dem Vorjahr preisbereinigt um 0,3 Prozent. Auch hier best\u00e4tigte die Beh\u00f6rde vorl\u00e4ufige Daten. Im vergangenen Jahr fiel der Privatkonsum als wichtige Konjunkturst\u00fctze aus. Zugleich bekamen Deutschlands Exporteure die Schw\u00e4che des Welthandels zu sp\u00fcren, gestiegene Immobilienzinsen bremsten den Bau aus.<\/p>\n","protected":false},"excerpt":{"rendered":"<p>Das deutsche Bruttoinlandsprodukt ist im vierten Quartal 2023 gegen\u00fcber dem Vorquartal um 0,3 Prozent gesunken. Das teilte das Statistische Bundesamt in Wiesbaden auf Basis vorl\u00e4ufiger Daten mit \u2013 und best\u00e4tigte<\/p>\n","protected":false},"author":1,"featured_media":26309,"comment_status":"open","ping_status":"open","sticky":false,"template":"","format":"standard","meta":{"footnotes":""},"categories":[1],"tags":[],"class_list":["post-26308","post","type-post","status-publish","format-standard","has-post-thumbnail","hentry","category-nachrichten"],"_links":{"self":[{"href":"https:\/\/onlinetranslators.de\/news\/wp-json\/wp\/v2\/posts\/26308","targetHints":{"allow":["GET"]}}],"collection":[{"href":"https:\/\/onlinetranslators.de\/news\/wp-json\/wp\/v2\/posts"}],"about":[{"href":"https:\/\/onlinetranslators.de\/news\/wp-json\/wp\/v2\/types\/post"}],"author":[{"embeddable":true,"href":"https:\/\/onlinetranslators.de\/news\/wp-json\/wp\/v2\/users\/1"}],"replies":[{"embeddable":true,"href":"https:\/\/onlinetranslators.de\/news\/wp-json\/wp\/v2\/comments?post=26308"}],"version-history":[{"count":0,"href":"https:\/\/onlinetranslators.de\/news\/wp-json\/wp\/v2\/posts\/26308\/revisions"}],"wp:featuredmedia":[{"embeddable":true,"href":"https:\/\/onlinetranslators.de\/news\/wp-json\/wp\/v2\/media\/26309"}],"wp:attachment":[{"href":"https:\/\/onlinetranslators.de\/news\/wp-json\/wp\/v2\/media?parent=26308"}],"wp:term":[{"taxonomy":"category","embeddable":true,"href":"https:\/\/onlinetranslators.de\/news\/wp-json\/wp\/v2\/categories?post=26308"},{"taxonomy":"post_tag","embeddable":true,"href":"https:\/\/onlinetranslators.de\/news\/wp-json\/wp\/v2\/tags?post=26308"}],"curies":[{"name":"wp","href":"https:\/\/api.w.org\/{rel}","templated":true}]}}