{"id":26259,"date":"2024-01-28T14:58:09","date_gmt":"2024-01-28T11:58:09","guid":{"rendered":"https:\/\/onlinetranslators.de\/news\/nachrichten\/afd-und-mitglieder-steigende-zahlen\/"},"modified":"2024-01-28T14:58:09","modified_gmt":"2024-01-28T11:58:09","slug":"afd-und-mitglieder-steigende-zahlen","status":"publish","type":"post","link":"https:\/\/onlinetranslators.de\/news\/nachrichten\/afd-und-mitglieder-steigende-zahlen\/","title":{"rendered":"AfD und Mitglieder: Steigende Zahlen"},"content":{"rendered":"<p class=\"caps\">Drei Landesverb\u00e4nde der AfD sind von den jeweiligen Landes\u00e4mtern f\u00fcr Verfassungsschutz als gesichert rechtsextrem eingestuft, in den vergangenen Wochen protestierten fast eine Million Menschen gegen die Partei.<\/p>\n<p>Doch das scheint viele Anh\u00e4ngerinnen und Anh\u00e4nger der AfD nicht davon abzuhalten, der in Teilen rechtsextremen Partei beizutreten.<\/p>\n<p>Im Gegenteil. Der Zuwachs aus dem vergangenen Jahr h\u00e4lt weiter an.<\/p>\n<p>Wie eine schriftliche Antwort auf eine Anfrage des SPIEGEL ergab, wurden im Zeitraum vom 1. bis 25. Januar \u00bbneu im System eingegangene und eingestellte Aufnahmeantr\u00e4ge\u00ab mit \u00bbgut 2500\u00ab angegeben. Davon entfielen seit dem 10. Januar allein 1900 Aufnahmeantr\u00e4ge, hei\u00dft es in der Mitteilung der AfD. Diese m\u00fcssten allerdings noch \u00fcberpr\u00fcft werden. Nach der AfD-Satzung gibt es eine einmonatige Widerspruchsfrist.<\/p>\n<p>Der Hinweis auf den 10. Januar durch die AfD folgt nicht ohne Grund:<\/p>\n<p>An diesem Tag hatte das Recherchezentrum \u00bbCorrectiv\u00ab seinen Bericht \u00fcber ein Treffen bei <a href=\"https:\/\/www.spiegel.de\/thema\/potsdam\/\" rel=\"noreferrer noopener\" target=\"_blank\">Potsdam<\/a> ins Internet gestellt, an dem radikale Rechte am 25. November 2023 teilgenommen hatten, unter anderem auch AfD-Politiker. Ein fr\u00fcherer Kopf der rechtsextremen \u00bbIdentit\u00e4ren Bewegung\u00ab in <a href=\"https:\/\/www.spiegel.de\/thema\/oesterreich\/\" rel=\"noreferrer noopener\" target=\"_blank\">\u00d6sterreich<\/a>, Martin Sellner, referierte in einer Villa \u00fcber \u00bbRemigration\u00ab, also die millionenfache Abschiebung oder Verdr\u00e4ngung von Einwanderern, darunter auch Deutsche mit Migrationshintergrund.<\/p>\n<p>Unter Menschen, die mit der AfD schon l\u00e4nger sympathisieren, scheint hingegen die Berichterstattung \u00fcber das Treffen, das in der Folge Proteste in der Republik ausl\u00f6ste, dazu gef\u00fchrt zu haben, der Partei beizutreten \u2013 glaubt man den Daten der AfD. Also eine Art \u00bbJetzt-erst-Recht-Effekt\u00ab.<\/p>\n<p>Folgt man den zur Verf\u00fcgung gestellten Daten der Partei, dann sind zwischen dem 20. und 24. Januar \u00bbpro Tag 137 bis 202 Antr\u00e4ge\u00ab eingegangen.<\/p>\n<p>\u00bbSehr wahrscheinlich hat es das seit der Gr\u00fcndungszeit 2013 nicht mehr gegeben, dass innerhalb von f\u00fcnf Tagen rund 800 Antr\u00e4ge zu verzeichnen waren\u00ab, hei\u00dft es in der schriftlichen Mitteilung der AfD-Bundespartei an den SPIEGEL.<\/p>\n<p>Demnach habe sich \u00bbder ohnehin starke Zuwachs, insbesondere seit dem 2. Halbjahr 2023\u00ab verst\u00e4rkt, tendenziell \u00bbin der Momentaufnahme der letzten Tagen sogar noch einmal deutlich\u00ab.<\/p>\n<p>Nach Angaben der Bundespartei hat die AfD demnach seit dem 1. Januar dieses Jahres \u00bbetwas mehr als 1000 neue Mitglieder netto hinzugewonnen, liege mithin aktuell bei knapp 41.000\u00ab Mitgliedern. Hierbei handele es sich aber um im vergangenen Jahr vollzogene Mitgliedsantr\u00e4ge, da laut AfD-Satzung eine einmonatige Widerspruchsfrist zu beachten sei. Noch im Fr\u00fchjahr 2023 hatte ein AfD-Sprecher die Zahl von 29.180 Mitgliedern genannt.<\/p>\n<p>Die \u00bbFrankfurter Allgemeine Zeitung\u00ab (<a href=\"https:\/\/www.spiegel.de\/thema\/frankfurter_allgemeine_zeitung\/\" rel=\"noreferrer noopener\" target=\"_blank\">FAZ<\/a>) hatte am Samstag berichtet, dass der AfD allerdings noch 8000 unbearbeitete Mitgliedsantr\u00e4ge vorliegen. Die Partei stelle nun weiteres Personal ein, um diese abzuarbeiten. Zum Jahresende rechnet laut FAZ die Parteif\u00fchrung mit einer Zahl zwischen 50.000 und 60.000 Mitgliedern.<\/p>\n<p>K\u00e4me es dazu, l\u00e4ge die AfD indes noch weit entfernt von den Mitgliederzahlen anderer Parteien. Unter den kleineren Parteien liegt etwa die FDP zum Jahresende 2023 bei 71.820. Das waren allerdings nach Angaben der FDP 4280 weniger als vor einem Jahr.<\/p>\n","protected":false},"excerpt":{"rendered":"<p>Drei Landesverb\u00e4nde der AfD sind von den jeweiligen Landes\u00e4mtern f\u00fcr Verfassungsschutz als gesichert rechtsextrem eingestuft, in den vergangenen Wochen protestierten fast eine Million Menschen gegen die Partei. Doch das scheint<\/p>\n","protected":false},"author":1,"featured_media":26260,"comment_status":"open","ping_status":"open","sticky":false,"template":"","format":"standard","meta":{"footnotes":""},"categories":[1],"tags":[],"class_list":["post-26259","post","type-post","status-publish","format-standard","has-post-thumbnail","hentry","category-nachrichten"],"_links":{"self":[{"href":"https:\/\/onlinetranslators.de\/news\/wp-json\/wp\/v2\/posts\/26259","targetHints":{"allow":["GET"]}}],"collection":[{"href":"https:\/\/onlinetranslators.de\/news\/wp-json\/wp\/v2\/posts"}],"about":[{"href":"https:\/\/onlinetranslators.de\/news\/wp-json\/wp\/v2\/types\/post"}],"author":[{"embeddable":true,"href":"https:\/\/onlinetranslators.de\/news\/wp-json\/wp\/v2\/users\/1"}],"replies":[{"embeddable":true,"href":"https:\/\/onlinetranslators.de\/news\/wp-json\/wp\/v2\/comments?post=26259"}],"version-history":[{"count":0,"href":"https:\/\/onlinetranslators.de\/news\/wp-json\/wp\/v2\/posts\/26259\/revisions"}],"wp:featuredmedia":[{"embeddable":true,"href":"https:\/\/onlinetranslators.de\/news\/wp-json\/wp\/v2\/media\/26260"}],"wp:attachment":[{"href":"https:\/\/onlinetranslators.de\/news\/wp-json\/wp\/v2\/media?parent=26259"}],"wp:term":[{"taxonomy":"category","embeddable":true,"href":"https:\/\/onlinetranslators.de\/news\/wp-json\/wp\/v2\/categories?post=26259"},{"taxonomy":"post_tag","embeddable":true,"href":"https:\/\/onlinetranslators.de\/news\/wp-json\/wp\/v2\/tags?post=26259"}],"curies":[{"name":"wp","href":"https:\/\/api.w.org\/{rel}","templated":true}]}}