{"id":26205,"date":"2024-01-26T06:25:57","date_gmt":"2024-01-26T03:25:57","guid":{"rendered":"https:\/\/onlinetranslators.de\/news\/nachrichten\/massenvertreibungsplane-der-rechtsextremisten-marine-le-pen-distanziert-sich-von-der-afd\/"},"modified":"2024-01-26T06:25:57","modified_gmt":"2024-01-26T03:25:57","slug":"massenvertreibungsplane-der-rechtsextremisten-marine-le-pen-distanziert-sich-von-der-afd","status":"publish","type":"post","link":"https:\/\/onlinetranslators.de\/news\/nachrichten\/massenvertreibungsplane-der-rechtsextremisten-marine-le-pen-distanziert-sich-von-der-afd\/","title":{"rendered":"Massenvertreibungspl\u00e4ne der Rechtsextremisten: Marine Le Pen distanziert sich von der AfD"},"content":{"rendered":"<p class=\"caps\">Die franz\u00f6sische Rechtspopulistin <a href=\"https:\/\/www.spiegel.de\/thema\/marine_le_pen\/\" rel=\"noreferrer noopener\" target=\"_blank\">Marine Le Pen<\/a> hat sich nach den Berichten \u00fcber das Potsdamer Treffen mit Rechtsextremen deutlich von der AfD distanziert und mit einem Ende der gemeinsamen Fraktion im EU-Parlament gedroht. \u00bbIch bin ganz und gar nicht einverstanden mit den Vorschl\u00e4gen, die bei diesem Treffen diskutiert worden sein sollen\u00ab, sagte Le Pen mit Blick auf die in <a href=\"https:\/\/www.spiegel.de\/thema\/potsdam\/\" rel=\"noreferrer noopener\" target=\"_blank\">Potsdam<\/a> thematisierten Pl\u00e4ne zu massenhaften Abschiebungen von Menschen mit Migrationsgeschichte in Deutschland.<\/p>\n<p>Es m\u00fcsse gepr\u00fcft werden, \u00bbob sich daraus Folgen ergeben\u00ab f\u00fcr die gemeinsame Fraktion im EU-Parlament, f\u00fcgte Le Pen hinzu. \u00bbWir werden \u00fcber diese sehr gro\u00dfen Meinungsverschiedenheiten reden m\u00fcssen.\u00ab Die deutschen Rechtspopulisten und Le Pens Rassemblement National (RN) z\u00e4hlen beide zur Fraktion \u00bbIdentit\u00e4t und Demokratie\u00ab im EU-Parlament. RN-Parteichef Jordan Bardella ist deren Vize-Vorsitzender.<\/p>\n<h3>Le Pen gibt sich gem\u00e4\u00dfigt<\/h3>\n<p>Le Pen will 2027 zum vierten Mal bei der franz\u00f6sischen Pr\u00e4sidentschaftswahl als Kandidatin antreten. Im Gegensatz zur AfD gibt sie sich zunehmend gem\u00e4\u00dfigt. Auch dank dieses Kurses hat sie derzeit gute Chancen, Nachfolgerin von <a href=\"https:\/\/www.spiegel.de\/thema\/emmanuel_macron\/\" rel=\"noreferrer noopener\" target=\"_blank\">Emmanuel Macron<\/a> zu werden. Ihr Spitzenkandidat f\u00fcr die Europawahlen im Juni, Parteichef <a href=\"https:\/\/www.spiegel.de\/ausland\/attentat-in-paris-wem-nuetzt-der-tod-am-eiffelturm-politisch-a-ebeb2558-f6c5-4c99-872d-801824cffae2\" rel=\"noreferrer noopener\" target=\"_blank\">Jordan Bardella, <\/a>liegt seit Wochen mit fast 30 Prozent f\u00fcr die Wahl in allen Prognosen vorne, fast zehn Prozentpunkte vor Macrons Regierungspartei.<\/p>\n<p>Verteidigen muss sich Le Pen nicht nur gegen Macron, sondern auch gegen ihren noch radikaleren Konkurrenten vom rechten Rand, Eric Zemmour. Der Extremist hat das Konzept der \u00bbRemigration\u00ab, das in Potsdam diskutiert wurde, in <a href=\"https:\/\/www.spiegel.de\/thema\/frankreich\/\" rel=\"noreferrer noopener\" target=\"_blank\">Frankreich<\/a> ma\u00dfgeblich bekannt gemacht.<\/p>\n<p>\u00bbWir haben niemals eine Politik der \u203aRemigration\u2039 verteidigt, die beinhalten w\u00fcrde, Menschen die franz\u00f6sische Staatsangeh\u00f6rigkeit zu entziehen\u00ab, betont Le Pen nun. \u00bbAuch wenn wir die Bedingungen f\u00fcr deren Erhalt kritisieren.\u00ab<\/p>\n<p>Nach Recherchen des Netzwerks Correctiv hatten sich AfD-Politiker, Mitglieder der rechtskonservativen \u00bbWerteunion\u00ab, Rechtsextreme und Unternehmer im November 2023 in einem Hotel nahe Potsdam getroffen, um die Vertreibung von Millionen Menschen mit Zuwanderungsgeschichte aus <a href=\"https:\/\/www.spiegel.de\/thema\/deutschland\/\" rel=\"noreferrer noopener\" target=\"_blank\">Deutschland<\/a> zu besprechen. Darunter fallen ausdr\u00fccklich auch unliebsame deutsche Staatsb\u00fcrger.<\/p>\n<p>Martin Sellner, langj\u00e4hriger Sprecher der rechtsextremen \u00bbIdentit\u00e4ren Bewegung\u00ab \u00d6sterreichs, stellte dort die v\u00f6lkischen Pl\u00e4ne vor. Die Rechtsextremen bezeichnen die geplanten Massenvertreibungen besch\u00f6nigend als \u00bbRemigration\u00ab. Das Treffen f\u00fchrte in Deutschland zu Demonstrationen gegen die AfD. Im ganzen Land gingen in den vergangenen Tagen Hunderttausende Menschen auf die Stra\u00dfe.<\/p>\n","protected":false},"excerpt":{"rendered":"<p>Die franz\u00f6sische Rechtspopulistin Marine Le Pen hat sich nach den Berichten \u00fcber das Potsdamer Treffen mit Rechtsextremen deutlich von der AfD distanziert und mit einem Ende der gemeinsamen Fraktion im<\/p>\n","protected":false},"author":1,"featured_media":26206,"comment_status":"open","ping_status":"open","sticky":false,"template":"","format":"standard","meta":{"footnotes":""},"categories":[1],"tags":[],"class_list":["post-26205","post","type-post","status-publish","format-standard","has-post-thumbnail","hentry","category-nachrichten"],"_links":{"self":[{"href":"https:\/\/onlinetranslators.de\/news\/wp-json\/wp\/v2\/posts\/26205","targetHints":{"allow":["GET"]}}],"collection":[{"href":"https:\/\/onlinetranslators.de\/news\/wp-json\/wp\/v2\/posts"}],"about":[{"href":"https:\/\/onlinetranslators.de\/news\/wp-json\/wp\/v2\/types\/post"}],"author":[{"embeddable":true,"href":"https:\/\/onlinetranslators.de\/news\/wp-json\/wp\/v2\/users\/1"}],"replies":[{"embeddable":true,"href":"https:\/\/onlinetranslators.de\/news\/wp-json\/wp\/v2\/comments?post=26205"}],"version-history":[{"count":0,"href":"https:\/\/onlinetranslators.de\/news\/wp-json\/wp\/v2\/posts\/26205\/revisions"}],"wp:featuredmedia":[{"embeddable":true,"href":"https:\/\/onlinetranslators.de\/news\/wp-json\/wp\/v2\/media\/26206"}],"wp:attachment":[{"href":"https:\/\/onlinetranslators.de\/news\/wp-json\/wp\/v2\/media?parent=26205"}],"wp:term":[{"taxonomy":"category","embeddable":true,"href":"https:\/\/onlinetranslators.de\/news\/wp-json\/wp\/v2\/categories?post=26205"},{"taxonomy":"post_tag","embeddable":true,"href":"https:\/\/onlinetranslators.de\/news\/wp-json\/wp\/v2\/tags?post=26205"}],"curies":[{"name":"wp","href":"https:\/\/api.w.org\/{rel}","templated":true}]}}