{"id":26117,"date":"2024-01-22T09:56:07","date_gmt":"2024-01-22T06:56:07","guid":{"rendered":"https:\/\/onlinetranslators.de\/news\/nachrichten\/news-massenproteste-gegen-rechts-aus-fur-ron-desantis-trauerstaatsakt-fur-wolfgang-schauble\/"},"modified":"2024-01-22T09:56:07","modified_gmt":"2024-01-22T06:56:07","slug":"news-massenproteste-gegen-rechts-aus-fur-ron-desantis-trauerstaatsakt-fur-wolfgang-schauble","status":"publish","type":"post","link":"https:\/\/onlinetranslators.de\/news\/nachrichten\/news-massenproteste-gegen-rechts-aus-fur-ron-desantis-trauerstaatsakt-fur-wolfgang-schauble\/","title":{"rendered":"News: Massenproteste gegen rechts, Aus f\u00fcr Ron DeSantis, Trauerstaatsakt f\u00fcr Wolfgang Sch\u00e4uble"},"content":{"rendered":"<h3>Die Frage nach den Folgen<\/h3>\n<p class=\"caps\">M\u00fcnchen: 100.000. K\u00f6ln: 70.000. Berlin: 100.000 \u2013 oder sogar deutlich mehr. Es sind beeindruckende Teilnehmerzahlen, die auch am Wochenende von Demonstrationen aus allen Ecken der Republik eintrudeln. In Bayerns Landeshauptstadt mussten die Organisatoren ihre Kundgebung sogar abbrechen \u2013 wegen \u00dcberf\u00fcllung, wie schon am Freitag in Hamburg.<\/p>\n<p>Die Sorge vor rechten Demokratie- und Menschenfeinden mobilisiert die Massen. Es ist ein Aufstand der Anst\u00e4ndigen, ausgel\u00f6st durch die Enth\u00fcllungen \u00fcber das viel beschriebene Extremistentreffen in Potsdam, bei dem auch AfD-Politiker dabei waren.<\/p>\n<p>Ich halte diese Proteste f\u00fcr ein wichtiges Signal. Sie r\u00fctteln auf, machen klar, dass es Unsinn ist, wenn rechte Populisten f\u00fcr sich in Anspruch nehmen, \u00bbdas Volk\u00ab zu vertreten. Doch es stellt sich auch die Frage, was die j\u00fcngste Stra\u00dfenbewegung auf Dauer wert ist.<\/p>\n<p>Die AfD ist nicht weg, so viel ist klar. Vielen ihrer potenziellen W\u00e4hler scheint es herzlich egal zu sein, wie radikal die Partei inzwischen ist \u2013 oder sie finden sie genau so richtig. In den Umfragen bleibt die AfD stabil auf Platz zwei.<\/p>\n<p>Es d\u00fcrfte schwer sein, Menschen, die f\u00fcr Faschisten stimmen, allein mit Protestz\u00fcgen in die Mitte der Gesellschaft zu holen. Es ist auch die Mammutaufgabe der Ampel, dies zu tun. Doch die arbeitet weiter an ihrem Image als zerstrittene Regierungstruppe. Aktuell zoffen sich die Koalition\u00e4re \u00fcber Kinderfreibetr\u00e4ge und Kindergeld. Die Demos gegen rechts wiederum gehen heute weiter. In mehreren St\u00e4dten wird zu Kundgebungen aufgerufen.<\/p>\n<ul>\n<li>\n<p><a href=\"https:\/\/www.spiegel.de\/panorama\/demonstration-in-muenchen-haltet-alle-zusammen-morgen-koenntet-ihr-die-naechsten-sein-a-05476da9-95eb-4bf5-8bc5-6fdfffe42b5e\" rel=\"noreferrer noopener\" target=\"_blank\">Abgebrochene Kundgebung in M\u00fcnchen: \u00bbHaltet alle zusammen. Morgen k\u00f6nntet ihr die n\u00e4chsten sein\u00ab<\/a><\/p>\n<\/li>\n<\/ul>\n<h3>Der Fall des Trump-Rivalen<\/h3>\n<p>Einen bemerkenswerten Niedergang hat Ron DeSantis da mitgemacht. Noch vor einem Jahr galt der Gouverneur aus Florida als Politstar von rechts au\u00dfen, der Donald Trump ernsthafte Konkurrenz machen k\u00f6nnte im Rennen um die Republikaner-Kandidatur f\u00fcrs Wei\u00dfe Haus.<\/p>\n<p>Doch noch vor der zweiten Vorwahl im US-Bundesstaat New Hampshire ist klar: Daraus wird nichts. Nach dem d\u00fcrftigen Ergebnis zum Auftakt in Iowa schmiss DeSantis am Sonntag hin \u2013 und k\u00fcndigte an, von nun an Trump zu unterst\u00fctzen.<\/p>\n<p>Bahn frei f\u00fcr den Ex-Pr\u00e4sidenten also? Sehr viel deutet aktuell darauf hin. Nikki Haley ist Trumps einzige verbliebene Gegnerin im Wettbewerb. Doch die gilt im Vergleich als gem\u00e4\u00dfigt. Unwahrscheinlich, dass ausgerechnet ihr Lager nun zum neuen Sehnsuchtsort f\u00fcr Fans des Hardliners DeSantis wird.<\/p>\n<ul>\n<li>\n<p><a href=\"https:\/\/www.spiegel.de\/ausland\/rondesantis-steigt-aus-donald-trump-und-nikki-haley-bleiben-a-cd85fba4-2471-4f21-affe-f560106a0709\" rel=\"noreferrer noopener\" target=\"_blank\">DeSantis steigt aus Pr\u00e4sidentschaftsrennen aus: Das kl\u00e4gliche Ende des Mini-Trumps                                       <\/a><\/p>\n<\/li>\n<\/ul>\n<h3>Die politische Trauerfeier<\/h3>\n<p>Er war immer wieder hochumstritten \u2013 aber sicher auch einer der wichtigsten Politiker der deutschen Nachkriegsgeschichte: Wolfgang Sch\u00e4uble, einst CDU-Chef, Bundesminister, Bundestagspr\u00e4sident, ist am 2. Weihnachtsfeiertag gestorben, heute wird ihm in der Hauptstadt gedacht.<\/p>\n<p>Die G\u00e4steliste beim Trauerstaatsakt ist lang. 1500 Menschen aus dem In- und Ausland werden im Reichstag erwartet, darunter Bundespr\u00e4sident Frank-Walter Steinmeier, Kanzler Olaf Scholz, EU-Kommissionschefin Ursula von der Leyen. Und: Emmanuel Macron, Frankreichs Pr\u00e4sident, der die Trauerrede h\u00e4lt.<\/p>\n<p>Macron wird Sch\u00e4uble sicherlich als gro\u00dfen Europ\u00e4er ehren. Und das an einem besonderen Datum: Der 22. Januar ist der Jahrestag des \u00c9lys\u00e9e-Vertrags zur deutsch-franz\u00f6sischen Freundschaft von 1963 und dessen Fortschreibung von 2019.<\/p>\n<p>Es wird also ein sehr politischer Trauertag. Denn zwischen Berlin und Paris liegt bekanntlich einiges im Argen, nicht nur, wenn es um Energie- oder Verteidigungsfragen geht. Auch das Verh\u00e4ltnis zwischen Macron und Scholz gilt als \u2013 sagen wir mal \u2013 ausbauf\u00e4hig. Fischbr\u00f6tchen-Charmeoffensive hin oder her.<\/p>\n<p>Nach der Zeremonie wollen sich die beiden im Kanzleramt treffen. Gut m\u00f6glich, dass es dabei auch um die neuerliche Trump-Gefahr geht, unter dem die USA kaum noch ein verl\u00e4sslicher Partner w\u00e4ren. Es k\u00e4me dann umso mehr auf die Verbindung Paris-Berlin an.<\/p>\n<ul>\n<li>\n<p><a href=\"https:\/\/www.spiegel.de\/politik\/deutschland\/nachruf-auf-wolfgang-schaeuble-ungewoehnlich-klug-doch-manchmal-lag-er-daneben-a-f3136b0f-db84-4fe8-b2ee-3bcc441e5572\" rel=\"noreferrer noopener\" target=\"_blank\">Zum Tod von Wolfgang Sch\u00e4uble: Ungew\u00f6hnlich klug \u2013 doch manchmal lag er daneben<\/a><\/p>\n<\/li>\n<\/ul>\n<h3>Lesen Sie hier den aktuellen SPIEGEL-Leitartikel<\/h3>\n<ul>\n<li>\n<p><strong>Deutschland braucht eine neue Partei der Mitte:<\/strong> W\u00e4hrend die Ampelparteien immer unpopul\u00e4rer werden, erstarken die R\u00e4nder des politischen Spektrums. <a href=\"https:\/\/www.spiegel.de\/wirtschaft\/deutschland-braucht-eine-neue-partei-der-mitte-meinung-a-16275bb9-22a7-4d7d-ae68-a8ba8b4d0308\" rel=\"noreferrer noopener\" target=\"_blank\">Die Zeit ist reif f\u00fcr eine neue Bewegung der Mitte. <\/a><\/p>\n<\/li>\n<\/ul>\n<h3>Hier geht\u2019s zum aktuellen Tagesquiz<\/h3>\n<p>Die Startfrage heute: <a href=\"https:\/\/www.spiegel.de\/panorama\/taegliches-quiz-beim-spiegel-7-fragen-zum-allgemeinwissen-pro-tag-a-8a9692b2-4462-4192-942c-fd7809c7519c\" rel=\"noreferrer noopener\" target=\"_blank\">Wie hei\u00dft der Mutterkonzern von Opel?<\/a><\/p>\n<h3>Gewinner des Tages\u2026<\/h3>\n<p>\u2026ist die Fu\u00dfball-Bundesliga. Zugegeben, als Anh\u00e4nger eines abstiegsbedrohten Drittligisten (sprechen wir nicht weiter dar\u00fcber) ist mir das sogenannte Oberhaus mit der Zeit recht egal geworden. Aber vermutlich hat das auch mit der dort herrschenden Eint\u00f6nigkeit zu tun.<\/p>\n<p>Zur Erinnerung, hier die Meister der vergangenen elf Jahre: Bayern, Bayern, Bayern, Bayern, Bayern, Bayern, Bayern, Bayern, Bayern, Bayern, Bayern. Nach der gestrigen Niederlage gegen Werder Bremen k\u00f6nnten die M\u00fcnchner nun aber erstmals den Kontakt zu Spitzenreiter Leverkusen verlieren. Und das kann man auch ohne FCB-Groll durchaus gut finden \u2013 wenn man kein Fan von Langeweile ist.<\/p>\n<ul>\n<li>\n<p><a href=\"https:\/\/www.spiegel.de\/sport\/fussball\/fc-bayern-muenchen-unterliegt-werder-bremen-viel-zu-traege-ohne-leben-drin-a-a3eb450a-a0f9-4c12-b70c-8cf849cedbd5\" rel=\"noreferrer noopener\" target=\"_blank\">Bayern-Niederlage gegen Bremen: \u00bbViel zu tr\u00e4ge. Ohne Leben drin\u00ab<\/a><\/p>\n<\/li>\n<\/ul>\n<h3>Die j\u00fcngsten Meldungen aus der Nacht<\/h3>\n<ul>\n<li>\n<p><strong>Lokf\u00fchrer wollen wieder streiken: <\/strong>Die GDL ruft zum n\u00e4chsten Streik auf: Von Mittwoch an wollen die Lokf\u00fchrer bei der Bahn erneut die Arbeit ruhen lassen. <a href=\"https:\/\/www.spiegel.de\/wirtschaft\/bahn-streik-gdl-will-wieder-streiken-a-487e7dcf-15ff-43e4-b383-5e39105e6c1d\" rel=\"noreferrer noopener\" target=\"_blank\">Der Ausstand soll bis Montag n\u00e4chster Woche dauern.<\/a><\/p>\n<\/li>\n<li>\n<p><strong>US-Armee erkl\u00e4rt zwei Elitesoldaten f\u00fcr tot: <\/strong>Sie durchsuchten ein Schiff nach Waffen f\u00fcr die Huthi-Miliz, seither galten zwei US-Elitek\u00e4mpfer als vermisst. Nun geht das Milit\u00e4r nicht mehr davon aus, <a href=\"https:\/\/www.spiegel.de\/ausland\/einsatz-gegen-huthi-miliz-us-armee-erklaert-zwei-elitesoldaten-fuer-tot-a-c0a23d13-a3db-42c8-9783-64ebfce08c06\" rel=\"noreferrer noopener\" target=\"_blank\">die beiden Soldaten noch lebend zu finden.<\/a><\/p>\n<\/li>\n<li>\n<p><strong>Beh\u00f6rden haben bislang Impfsch\u00e4den bei 467 Menschen anerkannt: <\/strong>Fast 12.000 Antr\u00e4ge wurden gestellt, etliche abgelehnt, etwa die H\u00e4lfte noch nicht bearbeitet. Erst bei einigen Hundert Menschen haben die Gesundheitsbeh\u00f6rden offiziell <a href=\"https:\/\/www.spiegel.de\/wissenschaft\/medizin\/corona-impfung-bislang-impfschaeden-bei-467-menschen-anerkannt-a-9577fc8c-3815-4e46-8792-a28d7480500a\" rel=\"noreferrer noopener\" target=\"_blank\">Sch\u00e4den nach einer Coronaimpfung festgestellt.<\/a><\/p>\n<\/li>\n<\/ul>\n<h3>Die SPIEGEL+-Empfehlungen f\u00fcr heute<\/h3>\n<ul>\n<li>\n<p><strong>\u00bbWenn eine Bundeskanzlerin bei mir klaut, will ich mich nicht beschweren\u00ab:<\/strong> Merkels Auftritt vor der Knesset 2008 ging in die Geschichtsb\u00fccher ein. Dabei stammt die Formel, die Sicherheit Israels sei Teil der deutschen Staatsr\u00e4son, vom Sozialdemokraten Rudolf Dre\u00dfler. Hier erkl\u00e4rt der 83-J\u00e4hrige, <a href=\"https:\/\/www.spiegel.de\/panorama\/rudolf-dressler-ueber-israel-politik-wie-ihm-angela-merkel-die-formel-der-staatsraeson-klaute-a-e9bb3a79-5271-4b49-99d4-fd0d1eeceb1d\" rel=\"noreferrer noopener\" target=\"_blank\">wie es dazu kam <\/a>.<\/p>\n<\/li>\n<li>\n<p><strong>Als die Neonazis \u00fcber meinen Heimatort herfielen: <\/strong>Sie gr\u00f6lten, p\u00f6belten und zeigten den Hitlergru\u00df. Mitte der Achtzigerjahre waren Neonazis noch leicht zu erkennen. Sobald sie aus der Pommesbude in L\u00fctgendortmund kamen, <a href=\"https:\/\/www.spiegel.de\/geschichte\/sommer-87-in-luetgendortmund-als-die-neonazis-ueber-meinen-heimatort-herfielen-a-0cde07db-8731-4745-ac8f-528fac1077e0\" rel=\"noreferrer noopener\" target=\"_blank\">wurde es brenzlig <\/a>.<\/p>\n<\/li>\n<li>\n<p><strong>Tsch\u00fcss SPIEGEL, ich werde Darts-Weltmeister:<\/strong> In den vergangenen Jahren ist Darts vom Kneipenspa\u00df zum TV-Ereignis geworden, immer mehr Spieler tr\u00e4umen von einer Profikarriere. Bevor es losgeht, m\u00fcssen sie sich allerdings eine Tourkarte erspielen. Auch SPIEGEL-Redakteur Sven Scharf <a href=\"https:\/\/www.spiegel.de\/sport\/darts-karriere-tourkarte-erspielen-ein-selbstversuch-a-e22f1d3e-9808-4839-b402-bd3d0225bf42\" rel=\"noreferrer noopener\" target=\"_blank\">hat es versucht <\/a>.<\/p>\n<\/li>\n<li>\n<p><strong>Wer macht die Arbeit, wenn keiner mehr da ist? <\/strong>Unternehmen \u00e4chzen unter Personalmangel, dabei f\u00e4ngt der gerade erst an: Die Boomer gehen, zu wenig Junge kommen nach. Innovative Projekte zeigen, wie wir k\u00fcnftig mit weniger Besch\u00e4ftigten arbeiten und wom\u00f6glich sogar <a href=\"https:\/\/www.spiegel.de\/wirtschaft\/fachkraeftemangel-in-deutschland-wer-macht-die-arbeit-wenn-keiner-mehr-da-ist-a-2e5c9248-46ae-4ccf-9ed6-014394111377\" rel=\"noreferrer noopener\" target=\"_blank\">besser leben k\u00f6nnen <\/a>.<\/p>\n<\/li>\n<\/ul>\n<p>Ich w\u00fcnsche Ihnen einen guten Start in den Tag.<\/p>\n<p><em>Ihr <a href=\"https:\/\/www.spiegel.de\/impressum\/autor-aa093126-0001-0003-0000-000000014660\" rel=\"noreferrer noopener\" target=\"_blank\">Kevin Hagen<\/a>, Chef vom Dienst<\/em><\/p>\n","protected":false},"excerpt":{"rendered":"<p>Die Frage nach den Folgen M\u00fcnchen: 100.000. K\u00f6ln: 70.000. Berlin: 100.000 \u2013 oder sogar deutlich mehr. Es sind beeindruckende Teilnehmerzahlen, die auch am Wochenende von Demonstrationen aus allen Ecken der<\/p>\n","protected":false},"author":1,"featured_media":26118,"comment_status":"open","ping_status":"open","sticky":false,"template":"","format":"standard","meta":{"footnotes":""},"categories":[1],"tags":[],"class_list":["post-26117","post","type-post","status-publish","format-standard","has-post-thumbnail","hentry","category-nachrichten"],"_links":{"self":[{"href":"https:\/\/onlinetranslators.de\/news\/wp-json\/wp\/v2\/posts\/26117","targetHints":{"allow":["GET"]}}],"collection":[{"href":"https:\/\/onlinetranslators.de\/news\/wp-json\/wp\/v2\/posts"}],"about":[{"href":"https:\/\/onlinetranslators.de\/news\/wp-json\/wp\/v2\/types\/post"}],"author":[{"embeddable":true,"href":"https:\/\/onlinetranslators.de\/news\/wp-json\/wp\/v2\/users\/1"}],"replies":[{"embeddable":true,"href":"https:\/\/onlinetranslators.de\/news\/wp-json\/wp\/v2\/comments?post=26117"}],"version-history":[{"count":0,"href":"https:\/\/onlinetranslators.de\/news\/wp-json\/wp\/v2\/posts\/26117\/revisions"}],"wp:featuredmedia":[{"embeddable":true,"href":"https:\/\/onlinetranslators.de\/news\/wp-json\/wp\/v2\/media\/26118"}],"wp:attachment":[{"href":"https:\/\/onlinetranslators.de\/news\/wp-json\/wp\/v2\/media?parent=26117"}],"wp:term":[{"taxonomy":"category","embeddable":true,"href":"https:\/\/onlinetranslators.de\/news\/wp-json\/wp\/v2\/categories?post=26117"},{"taxonomy":"post_tag","embeddable":true,"href":"https:\/\/onlinetranslators.de\/news\/wp-json\/wp\/v2\/tags?post=26117"}],"curies":[{"name":"wp","href":"https:\/\/api.w.org\/{rel}","templated":true}]}}