{"id":26101,"date":"2024-01-21T17:16:39","date_gmt":"2024-01-21T14:16:39","guid":{"rendered":"https:\/\/onlinetranslators.de\/news\/nachrichten\/gegen-afd-80-000-bei-demo-in-munchen-polizei-erwagt-abbruch-wegen-uberfullung\/"},"modified":"2024-01-21T17:16:39","modified_gmt":"2024-01-21T14:16:39","slug":"gegen-afd-80-000-bei-demo-in-munchen-polizei-erwagt-abbruch-wegen-uberfullung","status":"publish","type":"post","link":"https:\/\/onlinetranslators.de\/news\/nachrichten\/gegen-afd-80-000-bei-demo-in-munchen-polizei-erwagt-abbruch-wegen-uberfullung\/","title":{"rendered":"Gegen AfD: 80.000 bei Demo in M\u00fcnchen \u2013 Polizei erw\u00e4gt Abbruch wegen \u00dcberf\u00fcllung"},"content":{"rendered":"<p class=\"caps\">Nach Angaben der Veranstalter haben sich bis zu 200.000 Menschen am Sonntag an der Gro\u00dfdemonstration gegen Rechtsextremismus in M\u00fcnchen beteiligt. \u00bbWir gehen auf die 200.000 zu\u00ab, wurde \u00fcber Lautsprecher vor Ort mitgeteilt. Die Kundgebung wurde im Anschluss aus Sicherheitsgr\u00fcnden abgebrochen, da der Veranstaltungsbereich in der Innenstadt v\u00f6llig \u00fcberf\u00fcllt war.<\/p>\n<p>Die Polizei spricht hingegen von mindestens 80.000 Teilnehmern. Auch das ist eine gro\u00dfe Anzahl &#8211; so gro\u00df offenbar, dass die Beh\u00f6rden einen Abbruch der Demo wegen Sicherheitsbedenken erw\u00e4gen. Das sagte ein Polizeisprecher am Sonntagnachmittag der Nachrichtenagentur dpa. Derzeit w\u00fcrden dazu Gespr\u00e4che mit dem Veranstalter gef\u00fchrt.<\/p>\n<p>Der Protest ist einer von vielen derzeit bundesweit \u2013 ausgel\u00f6st durch die Enth\u00fcllungen des Recherchezentrums Correctiv \u00fcber ein Treffen von Rechtsextremisten am 25. November 2023, an dem AfD-Politiker sowie einzelne Mitglieder der CDU und weit rechts stehenden konservativen sogenannten \u00bbWerteunion\u00ab teilgenommen hatten.<\/p>\n","protected":false},"excerpt":{"rendered":"<p>Nach Angaben der Veranstalter haben sich bis zu 200.000 Menschen am Sonntag an der Gro\u00dfdemonstration gegen Rechtsextremismus in M\u00fcnchen beteiligt. \u00bbWir gehen auf die 200.000 zu\u00ab, wurde \u00fcber Lautsprecher vor<\/p>\n","protected":false},"author":1,"featured_media":26102,"comment_status":"open","ping_status":"open","sticky":false,"template":"","format":"standard","meta":{"footnotes":""},"categories":[1],"tags":[],"class_list":["post-26101","post","type-post","status-publish","format-standard","has-post-thumbnail","hentry","category-nachrichten"],"_links":{"self":[{"href":"https:\/\/onlinetranslators.de\/news\/wp-json\/wp\/v2\/posts\/26101","targetHints":{"allow":["GET"]}}],"collection":[{"href":"https:\/\/onlinetranslators.de\/news\/wp-json\/wp\/v2\/posts"}],"about":[{"href":"https:\/\/onlinetranslators.de\/news\/wp-json\/wp\/v2\/types\/post"}],"author":[{"embeddable":true,"href":"https:\/\/onlinetranslators.de\/news\/wp-json\/wp\/v2\/users\/1"}],"replies":[{"embeddable":true,"href":"https:\/\/onlinetranslators.de\/news\/wp-json\/wp\/v2\/comments?post=26101"}],"version-history":[{"count":0,"href":"https:\/\/onlinetranslators.de\/news\/wp-json\/wp\/v2\/posts\/26101\/revisions"}],"wp:featuredmedia":[{"embeddable":true,"href":"https:\/\/onlinetranslators.de\/news\/wp-json\/wp\/v2\/media\/26102"}],"wp:attachment":[{"href":"https:\/\/onlinetranslators.de\/news\/wp-json\/wp\/v2\/media?parent=26101"}],"wp:term":[{"taxonomy":"category","embeddable":true,"href":"https:\/\/onlinetranslators.de\/news\/wp-json\/wp\/v2\/categories?post=26101"},{"taxonomy":"post_tag","embeddable":true,"href":"https:\/\/onlinetranslators.de\/news\/wp-json\/wp\/v2\/tags?post=26101"}],"curies":[{"name":"wp","href":"https:\/\/api.w.org\/{rel}","templated":true}]}}