{"id":26071,"date":"2024-01-20T09:25:57","date_gmt":"2024-01-20T06:25:57","guid":{"rendered":"https:\/\/onlinetranslators.de\/news\/nachrichten\/nancy-faeser-zu-geheimtreffen-von-rechtsextremisten-das-weckt-unwillkurlich-erinnerungen-an-die-furchtbare-wannseekonferenz\/"},"modified":"2024-01-20T09:25:57","modified_gmt":"2024-01-20T06:25:57","slug":"nancy-faeser-zu-geheimtreffen-von-rechtsextremisten-das-weckt-unwillkurlich-erinnerungen-an-die-furchtbare-wannseekonferenz","status":"publish","type":"post","link":"https:\/\/onlinetranslators.de\/news\/nachrichten\/nancy-faeser-zu-geheimtreffen-von-rechtsextremisten-das-weckt-unwillkurlich-erinnerungen-an-die-furchtbare-wannseekonferenz\/","title":{"rendered":"Nancy Faeser zu Geheimtreffen von Rechtsextremisten: \u00bbDas weckt unwillk\u00fcrlich Erinnerungen an die furchtbare Wannseekonferenz\u00ab"},"content":{"rendered":"<p class=\"caps\">Bundesinnenministerin<a href=\"https:\/\/www.spiegel.de\/thema\/nancy-faeser\/\" rel=\"noreferrer noopener\" target=\"_blank\"> Nancy Faeser<\/a> f\u00fchlt sich durch das k\u00fcrzlich bekannt gewordene Treffen von Rechtsradikalen in Potsdam an die Wannseekonferenz der <a href=\"https:\/\/www.spiegel.de\/thema\/nationalsozialismus\/\" rel=\"noreferrer noopener\" target=\"_blank\">Nationalsozialisten <\/a>erinnert. \u00bbDas weckt unwillk\u00fcrlich Erinnerungen an die furchtbare Wannseekonferenz\u00ab, sagte die SPD-Politikerin der Funke Mediengruppe. Sie wolle beides nicht miteinander gleichsetzen. \u00bbAber was hinter harmlos klingenden Begriffen wie \u00bbRemigration\u00ab versteckt wird, ist die Vorstellung, Menschen wegen ihrer ethnischen Herkunft oder ihrer politischen Haltung massenhaft zu vertreiben und zu deportieren.\u00ab<\/p>\n<h3>Vorschl\u00e4ge zur \u00bbRemigration\u00ab<\/h3>\n<p>Damit bezog Faeser sich auf Berichte des Medienhauses Correctiv \u00fcber ein Treffen Rechtsradikaler am 25. November in Potsdam, an dem mehrere AfD-Politiker sowie einzelne Mitglieder der CDU und der sehr konservativen \u00bbWerteunion\u00ab teilgenommen hatten.<\/p>\n<p>Der fr\u00fchere Kopf der rechtsextremen Identit\u00e4ren Bewegung in \u00d6sterreich, Martin Sellner, hatte dort nach eigenen Angaben \u00fcber \u00bbRemigration\u00ab gesprochen. Wenn Rechtsextremisten diesen Begriff verwenden, meinen sie in der Regel, dass eine gro\u00dfe Zahl von Menschen ausl\u00e4ndischer Herkunft das Land verlassen soll \u2013 auch unter Zwang. Bei der Wannseekonferenz schmiedeten die Nazis 1942 Pl\u00e4ne zur Vernichtung der j\u00fcdischen Bev\u00f6lkerung Europas.<\/p>\n<h3>Viele Demos am Wochenende<\/h3>\n<p>Ein Verbotsverfahren gegen die <a href=\"https:\/\/www.spiegel.de\/thema\/alternative_fuer_deutschland\/\" rel=\"noreferrer noopener\" target=\"_blank\">AfD<\/a> sieht Faeser skeptisch. \u00bbUnsere Verfassung sieht dieses sch\u00e4rfste Instrument der wehrhaften Demokratie zurecht als Ultima Ratio vor.\u00ab Es gebe sehr hohe H\u00fcrden. Bei entsprechender Sachlage k\u00f6nne dies niemand ausschlie\u00dfen. In der politischen Auseinandersetzung sei dies jedoch kein Mittel. \u00bbWenn sich Menschen einer solchen Partei zuwenden, m\u00fcssen wir daf\u00fcr werben, dass diese Menschen zu den demokratischen Parteien zur\u00fcckkommen.\u00ab<\/p>\n<p>In den vergangenen Tagen haben bei Demonstrationen in zahlreichen deutschen St\u00e4dten Zehntausende ein Zeichen gegen die AfD und gegen Rassismus gesetzt. F\u00fcr dieses Wochenende sind in gro\u00dfen und kleineren St\u00e4dte insgesamt rund 90 Kundgebungen angemeldet, wie aus einer Auflistung des Portals <a href=\"https:\/\/zusammen-gegen-rechts.org\/\" rel=\"noreferrer noopener\" target=\"_blank\">\u00bbZusammen gegen Rechts\u00ab             <\/a>hervorgeht. Allein in M\u00fcnchen rufen mehr als 200 Organisationen zu einer Gro\u00dfdemonstration am Sonntag auf.<\/p>\n<ul>\n<li>\n<p>Eine \u00dcbersicht, wann und wo heute Protest geplant ist, finden Sie hier: <a href=\"https:\/\/www.spiegel.de\/panorama\/gesellschaft\/demos-gegen-rechts-wo-am-wochenende-demonstriert-wird-eine-uebersicht-a-2c309ef7-2d91-4681-8046-c1800913f66b\" rel=\"noreferrer noopener\" target=\"_blank\">Wo am Wochenende gegen rechts demonstriert wird<\/a><\/p>\n<\/li>\n<\/ul>\n","protected":false},"excerpt":{"rendered":"<p>Bundesinnenministerin Nancy Faeser f\u00fchlt sich durch das k\u00fcrzlich bekannt gewordene Treffen von Rechtsradikalen in Potsdam an die Wannseekonferenz der Nationalsozialisten erinnert. \u00bbDas weckt unwillk\u00fcrlich Erinnerungen an die furchtbare Wannseekonferenz\u00ab, sagte<\/p>\n","protected":false},"author":1,"featured_media":26072,"comment_status":"open","ping_status":"open","sticky":false,"template":"","format":"standard","meta":{"footnotes":""},"categories":[1],"tags":[],"class_list":["post-26071","post","type-post","status-publish","format-standard","has-post-thumbnail","hentry","category-nachrichten"],"_links":{"self":[{"href":"https:\/\/onlinetranslators.de\/news\/wp-json\/wp\/v2\/posts\/26071","targetHints":{"allow":["GET"]}}],"collection":[{"href":"https:\/\/onlinetranslators.de\/news\/wp-json\/wp\/v2\/posts"}],"about":[{"href":"https:\/\/onlinetranslators.de\/news\/wp-json\/wp\/v2\/types\/post"}],"author":[{"embeddable":true,"href":"https:\/\/onlinetranslators.de\/news\/wp-json\/wp\/v2\/users\/1"}],"replies":[{"embeddable":true,"href":"https:\/\/onlinetranslators.de\/news\/wp-json\/wp\/v2\/comments?post=26071"}],"version-history":[{"count":0,"href":"https:\/\/onlinetranslators.de\/news\/wp-json\/wp\/v2\/posts\/26071\/revisions"}],"wp:featuredmedia":[{"embeddable":true,"href":"https:\/\/onlinetranslators.de\/news\/wp-json\/wp\/v2\/media\/26072"}],"wp:attachment":[{"href":"https:\/\/onlinetranslators.de\/news\/wp-json\/wp\/v2\/media?parent=26071"}],"wp:term":[{"taxonomy":"category","embeddable":true,"href":"https:\/\/onlinetranslators.de\/news\/wp-json\/wp\/v2\/categories?post=26071"},{"taxonomy":"post_tag","embeddable":true,"href":"https:\/\/onlinetranslators.de\/news\/wp-json\/wp\/v2\/tags?post=26071"}],"curies":[{"name":"wp","href":"https:\/\/api.w.org\/{rel}","templated":true}]}}