{"id":26059,"date":"2024-01-19T20:37:25","date_gmt":"2024-01-19T17:37:25","guid":{"rendered":"https:\/\/onlinetranslators.de\/news\/nachrichten\/hamburg-demonstration-gegen-rechts-abgebrochen\/"},"modified":"2024-01-19T20:37:25","modified_gmt":"2024-01-19T17:37:25","slug":"hamburg-demonstration-gegen-rechts-abgebrochen","status":"publish","type":"post","link":"https:\/\/onlinetranslators.de\/news\/nachrichten\/hamburg-demonstration-gegen-rechts-abgebrochen\/","title":{"rendered":"Hamburg: Demonstration gegen rechts abgebrochen"},"content":{"rendered":"<p class=\"caps\">In <a href=\"https:\/\/www.spiegel.de\/thema\/hamburg\/\" rel=\"noreferrer noopener\" target=\"_blank\">Hamburg<\/a> ist eine Demonstration gegen rechts abgebrochen worden \u2013 offenbar, da die erwartete Teilnehmerzahl bei Weitem \u00fcberschritten wurde. Die genaue Anzahl der Teilnehmenden ist unklar. Die Polizei hatte zu Beginn der Versammlung von rund 30.000 Personen berichtet. Die Nachrichtenagentur AFP schreibt von 50.000 Teilnehmenden. Kaz\u0131m Abac\u0131 vom Verein \u00bbUnternehmer ohne Grenzen\u00ab, der die Demonstration mitorganisiert hatte, sprach sogar von 130.000.<\/p>\n<p>Laut <a href=\"https:\/\/www.abendblatt.de\/hamburg\/politik\/article241457106\/demo-hamburg-heute-jungfernstieg-afd-udo-lindenberg-live-blog.html\" rel=\"noreferrer noopener\" target=\"_blank\">\u00bbHamburger Abendblatt\u00ab             <\/a>wurde die Demonstration gegen 16.45 Uhr aus Sicherheitsgr\u00fcnden beendet. Man habe auch die Sorge, \u00bbdass Menschen in die Alster st\u00fcrzen k\u00f6nnten\u00ab, hie\u00df es.<\/p>\n<h3>Breites B\u00fcndnis hinter der Demo<\/h3>\n<p>Die Demonstranten versammelten sich gro\u00dfr\u00e4umig um den Jungfernstieg, wo ein breites B\u00fcndnis aus Gewerkschaften, Kirchen, Kulturschaffenden, Wirtschaftsverb\u00e4nden, Parteien und Vereinen zu einer Kundgebung unter dem Motto \u00bbHamburg steht auf \u2013 Gemeinsam gegen Rechtsextremismus und neonazistische Netzwerke\u00ab aufgerufen hatte. <a href=\"https:\/\/www.spiegel.de\/politik\/deutschland\/afd-politiker-diskutierten-mit-rechtsextremen-masterplan-zur-vertreibung-von-millionen-menschen-a-afc299c2-1176-4237-aba4-0f9b28851013\" rel=\"noreferrer noopener\" target=\"_blank\">Hintergrund der Demo war ein konspiratives Treffen<\/a> zur Abschiebung von Millionen Menschen aus <a href=\"https:\/\/www.spiegel.de\/thema\/deutschland\/\" rel=\"noreferrer noopener\" target=\"_blank\">Deutschland<\/a> von Rechtsextremisten unter anderem mit AfD-Funktion\u00e4ren in <a href=\"https:\/\/www.spiegel.de\/thema\/potsdam\/\" rel=\"noreferrer noopener\" target=\"_blank\">Potsdam<\/a>, das das Recherchezentrum Correctiv aufgedeckt hatte.<\/p>\n<p>B\u00fcrgermeister <a href=\"https:\/\/www.spiegel.de\/thema\/peter_tschentscher\/\" rel=\"noreferrer noopener\" target=\"_blank\">Peter Tschentscher<\/a> (<a href=\"https:\/\/www.spiegel.de\/thema\/spd\/\" rel=\"noreferrer noopener\" target=\"_blank\">SPD<\/a>) sprach auf der Kundgebung und attackierte die AfD dabei scharf. \u00bbDie Botschaft an die AfD und ihre rechten Netzwerke ist: Wir sind die Mehrheit und wir sind stark, weil wir geschlossen sind und weil wir entschlossen sind, unser Land und unsere Demokratie nach 1945 nicht ein zweites Mal zerst\u00f6ren zu lassen.\u00ab<\/p>\n<p>Durch Bekanntwerden des Potsdamer Treffens habe man erfahren, \u00bbdass Rechtsradikale in Deutschland einen Umsturz und eine systematische sogenannte Remigration von Millionen B\u00fcrgerinnen und B\u00fcrgern unseres Landes planen\u00ab, sagte er. Das zeige, wie schnell Populismus in verfassungsfeindliche, Demokratie und Menschen verachtende Aktivit\u00e4ten umschlagen k\u00f6nne.<\/p>\n<h3>\u00bbWer die Deportation von Menschen plant, ist ein rechtsradikaler Verfassungsfeind\u00ab<\/h3>\n<p>Schon das Wort \u00bbRemigration\u00ab sei eine emp\u00f6rende Verharmlosung. \u00bbSie wollen eine Deportation. Sie wollen die Zeit zur\u00fcckdrehen, zur\u00fcck in eine Zeit von Hass und Gewalt\u00ab, sagte Tschentscher.<\/p>\n<p>Auch das Argument der AfD, dass es sich bei dem Treffen in Potsdam um eine \u00bbprivate\u00ab Veranstaltung gehandelt habe, lie\u00df der B\u00fcrgermeister nicht gelten. Dies sei ihm auch v\u00f6llig egal: \u00bbWer die Deportation von Menschen plant, ist ein rechtsradikaler Verfassungsfeind \u2013 und nichts anderes!\u00ab<\/p>\n<p>Urspr\u00fcnglich sollte die Demonstration auf dem Rathausmarkt stattfinden. Die AfD hatte dies mit der kurzfristigen Anmeldung einer Fraktionssitzung unm\u00f6glich gemacht, da in diesem Fall ein Bannkreis von 350 Metern rund um das Rathaus gilt.<\/p>\n<p>In anderen St\u00e4dten gab es ebenfalls Demonstrationen. Gegen die AfD, f\u00fcr Demokratie und gesellschaftlichen Zusammenhalt sind in Jena nach Polizeiangaben rund 3300 Menschen auf die Stra\u00dfe gegangen. Sie zogen nach einer Kundgebung durch die Innenstadt. Vor der Jenaer Stadtkirche rief Ministerpr\u00e4sident Bodo Ramelow dazu auf, gegen die unter anderem in Th\u00fcringen als gesichert rechtsextrem eingestufte AfD \u00bbeine starke Brandmauer\u00ab zu bilden. Die AfD sei dabei, \u00bbunser Land zu vergiften\u00ab.<\/p>\n<h3>Deutschlandweit Demonstrationen geplant<\/h3>\n<p>Auch am Wochenende werden deutschlandweit erneut Zehntausende Menschen bei Demonstrationen gegen rechts und f\u00fcr die Demokratie erwartet. Bei einer Kundgebung in <a href=\"https:\/\/www.spiegel.de\/thema\/hannover\/\" rel=\"noreferrer noopener\" target=\"_blank\">Hannover<\/a> am Samstag gehen die Veranstalter von deutlich mehr als 10.000 Teilnehmern aus. Als Redner werden Niedersachsens Ministerpr\u00e4sident <a href=\"https:\/\/www.spiegel.de\/thema\/stephan_weil\/\" rel=\"noreferrer noopener\" target=\"_blank\">Stephan Weil<\/a> (SPD), der fr\u00fchere Bundespr\u00e4sident <a href=\"https:\/\/www.spiegel.de\/thema\/christian_wulff\/\" rel=\"noreferrer noopener\" target=\"_blank\">Christian Wulff<\/a> (<a href=\"https:\/\/www.spiegel.de\/thema\/cdu\/\" rel=\"noreferrer noopener\" target=\"_blank\">CDU<\/a>) und die Vorsitzende des Deutschen Gewerkschaftsbundes, <a href=\"https:\/\/www.spiegel.de\/thema\/yasmin_fahimi\/\" rel=\"noreferrer noopener\" target=\"_blank\">Yasmin Fahimi<\/a>, erwartet. Weitere gr\u00f6\u00dfere Demos sind am Samstag unter anderem in <a href=\"https:\/\/www.spiegel.de\/thema\/dortmund\/\" rel=\"noreferrer noopener\" target=\"_blank\">Dortmund<\/a>, <a href=\"https:\/\/www.spiegel.de\/thema\/erfurt\/\" rel=\"noreferrer noopener\" target=\"_blank\">Erfurt<\/a> und <a href=\"https:\/\/www.spiegel.de\/thema\/heidelberg\/\" rel=\"noreferrer noopener\" target=\"_blank\">Heidelberg<\/a> geplant. In <a href=\"https:\/\/www.spiegel.de\/thema\/karlsruhe\/\" rel=\"noreferrer noopener\" target=\"_blank\">Karlsruhe<\/a> soll ein Demonstrationszug am <a href=\"https:\/\/www.spiegel.de\/thema\/bundesverfassungsgericht\/\" rel=\"noreferrer noopener\" target=\"_blank\">Bundesverfassungsgericht<\/a> vorbeif\u00fchren.<\/p>\n<p>Am Sonntag werden allein in <a href=\"https:\/\/www.spiegel.de\/thema\/muenchen\/\" rel=\"noreferrer noopener\" target=\"_blank\">M\u00fcnchen<\/a> 10.000 bis 20.000 Teilnehmer bei einer Demo gegen rechts erwartet. Auch in <a href=\"https:\/\/www.spiegel.de\/thema\/dresden\/\" rel=\"noreferrer noopener\" target=\"_blank\">Dresden<\/a> und <a href=\"https:\/\/www.spiegel.de\/thema\/berlin\/\" rel=\"noreferrer noopener\" target=\"_blank\">Berlin<\/a> sind Kundgebungen angemeldet, ebenso wie in <a href=\"https:\/\/www.spiegel.de\/thema\/bremen\/\" rel=\"noreferrer noopener\" target=\"_blank\">Bremen<\/a>, wo B\u00fcrgermeister <a href=\"https:\/\/www.spiegel.de\/thema\/andreas_bovenschulte\/\" rel=\"noreferrer noopener\" target=\"_blank\">Andreas Bovenschulte<\/a> (SPD) sein Kommen angek\u00fcndigt hat.<\/p>\n","protected":false},"excerpt":{"rendered":"<p>In Hamburg ist eine Demonstration gegen rechts abgebrochen worden \u2013 offenbar, da die erwartete Teilnehmerzahl bei Weitem \u00fcberschritten wurde. Die genaue Anzahl der Teilnehmenden ist unklar. Die Polizei hatte zu<\/p>\n","protected":false},"author":1,"featured_media":26060,"comment_status":"open","ping_status":"open","sticky":false,"template":"","format":"standard","meta":{"footnotes":""},"categories":[1],"tags":[],"class_list":["post-26059","post","type-post","status-publish","format-standard","has-post-thumbnail","hentry","category-nachrichten"],"_links":{"self":[{"href":"https:\/\/onlinetranslators.de\/news\/wp-json\/wp\/v2\/posts\/26059","targetHints":{"allow":["GET"]}}],"collection":[{"href":"https:\/\/onlinetranslators.de\/news\/wp-json\/wp\/v2\/posts"}],"about":[{"href":"https:\/\/onlinetranslators.de\/news\/wp-json\/wp\/v2\/types\/post"}],"author":[{"embeddable":true,"href":"https:\/\/onlinetranslators.de\/news\/wp-json\/wp\/v2\/users\/1"}],"replies":[{"embeddable":true,"href":"https:\/\/onlinetranslators.de\/news\/wp-json\/wp\/v2\/comments?post=26059"}],"version-history":[{"count":0,"href":"https:\/\/onlinetranslators.de\/news\/wp-json\/wp\/v2\/posts\/26059\/revisions"}],"wp:featuredmedia":[{"embeddable":true,"href":"https:\/\/onlinetranslators.de\/news\/wp-json\/wp\/v2\/media\/26060"}],"wp:attachment":[{"href":"https:\/\/onlinetranslators.de\/news\/wp-json\/wp\/v2\/media?parent=26059"}],"wp:term":[{"taxonomy":"category","embeddable":true,"href":"https:\/\/onlinetranslators.de\/news\/wp-json\/wp\/v2\/categories?post=26059"},{"taxonomy":"post_tag","embeddable":true,"href":"https:\/\/onlinetranslators.de\/news\/wp-json\/wp\/v2\/tags?post=26059"}],"curies":[{"name":"wp","href":"https:\/\/api.w.org\/{rel}","templated":true}]}}