{"id":26049,"date":"2024-01-19T10:16:44","date_gmt":"2024-01-19T07:16:44","guid":{"rendered":"https:\/\/onlinetranslators.de\/news\/nachrichten\/news-ultrarechte-burschenschaft-spd-in-der-krise-beckenbauers-trauerfeier\/"},"modified":"2024-01-19T10:16:44","modified_gmt":"2024-01-19T07:16:44","slug":"news-ultrarechte-burschenschaft-spd-in-der-krise-beckenbauers-trauerfeier","status":"publish","type":"post","link":"https:\/\/onlinetranslators.de\/news\/nachrichten\/news-ultrarechte-burschenschaft-spd-in-der-krise-beckenbauers-trauerfeier\/","title":{"rendered":"News: Ultrarechte Burschenschaft, SPD in der Krise, Beckenbauers Trauerfeier"},"content":{"rendered":"<h3>Salon der Demokratiefeinde<\/h3>\n<p class=\"caps\">Der ehemalige Finanzsenator Peter Kurth galt in der Berliner CDU viele Jahre lang als Modernisierer, als einer, der fr\u00fch eine Zusammenarbeit mit den Gr\u00fcnen ins Spiel brachte. Er lebt offen schwul, nahm 2015 einen syrischen Fl\u00fcchtling bei sich auf und hat, so berichten es Vertraute, zuletzt eine kranke Ukrainerin unterst\u00fctzt. Ein liberaler Geist, allem Anschein nach.<\/p>\n<p>Da gibt es aber noch ein anderes Leben des Peter Kurth. In diesem Leben l\u00e4dt er in seine Dachgeschosswohnung zu einer Buchvorstellung des einflussreichen AfD-Politikers Maximilian Krah und des neurechten Vordenkers Benedikt Kaiser ein. Unter den rund hundert G\u00e4sten sind die Berliner AfD-Vorsitzende, der rechtsextreme Verleger G\u00f6tz Kubitschek und Martin Sellner, Leitfigur der rechtsextremen \u00bbIdentit\u00e4ren Bewegung\u00ab. Sellner hat zuletzt Ber\u00fchmtheit erlangt, nachdem das Recherchezentrum Correctiv ein Geheimtreffen von AfD- und CDU-Politikern mit Rechtsextremisten wie Sellner in einem Brandenburger Landhotel aufgedeckt hatte.<\/p>\n<p>Die Verstrickungen Kurths in die braune Szene gehen aber offenbar noch tiefer, wie meine Kolleginnen und Kollegen recherchiert haben. So soll der beliebte Politiker nicht nur in die <a href=\"https:\/\/www.spiegel.de\/politik\/deutschland\/peter-kurth-finanzierte-ex-cdu-politiker-ein-projekt-der-identitaeren-bewegung-a-dfbee407-fe5c-4076-af51-82b4fe2fc6d0\" rel=\"noreferrer noopener\" target=\"_blank\">Finanzierung einer Immobilie f\u00fcr die \u00bbIdentit\u00e4re Bewegung\u00ab                                       <\/a> eingebunden gewesen sein, er ist offenbar auch einer der f\u00fchrenden K\u00f6pfe der ultrarechten Berliner Burschenschaft Gothia.<\/p>\n<p>Kurth, der sich zu den neuen Vorw\u00fcrfen nicht ge\u00e4u\u00dfert hat, k\u00f6nnte zu seiner Verteidigung allerdings auch auf andere zeigen: Mehrere Politiker der CDU sind ebenfalls Mitglieder der Burschenschaft oder bewegen sich in deren Umfeld, wie etwa Robbin Juhnke, CDU-Innenexperte im Berliner Abgeordnetenhaus. Er selbst sagt, sein letzter Besuch im \u00bbGothenhaus\u00ab liege \u00bbetliche Jahre\u00ab zur\u00fcck.<\/p>\n<p>Die neuen Enth\u00fcllungen, so schreiben meine Kollegen, w\u00fcrden die Frage aufwerfen, \u00bbwie l\u00f6chrig die von CDU-Chef Friedrich Merz behauptete \u203aBrandmauer\u2039 nach rechts au\u00dfen in Teilen der Partei tats\u00e4chlich ist\u00ab.<\/p>\n<p>Im Moment jedenfalls scheinen die L\u00f6cher immer gr\u00f6\u00dfer zu werden.<\/p>\n<ul>\n<li>\n<p><a href=\"https:\/\/www.spiegel.de\/politik\/deutschland\/geheime-netzwerke-die-rechten-burschen-von-afd-und-cdu-a-b92c1bd6-35e9-432b-bd93-319cacd78982\" rel=\"noreferrer noopener\" target=\"_blank\">Geheime Verbindungen: Die rechten Burschen von AfD und CDU <\/a><\/p>\n<\/li>\n<\/ul>\n<h3>Kanzlerd\u00e4mmerung oder Neustart?<\/h3>\n<p>Wer sich zuletzt nicht ma\u00dflos \u00fcber die Ampel, ihre unendlichen Querelen und manch politische Entscheidung ge\u00e4rgert hat, hat sich vermutlich mindestens Sorgen gemacht: Das B\u00fcndnis wirkte nach dem einschneidenden Urteil des Bundesverfassungsgerichts zum Haushalt so desolat, dass sein vorzeitiges Ende pl\u00f6tzlich denkbar war. Nun, nach der gestrigen Bereinigungssitzung f\u00fcr den Haushalt 2024 mit erstaunlich wenig Streit scheint ein Bruch abgewendet, vorerst.<\/p>\n<p>Trotzdem ist die Stimmung in der Ampel mindestens so d\u00fcster wie nach einer 0:5-Niederlage des Heimklubs. Selbst in der sonst so loyalen Kanzlerpartei SPD gibt es erste Anzeichen des Aufbegehrens. \u00bbBei den Menschen vor Ort erntet die Ampel nur noch Kopfsch\u00fctteln\u00ab, sagte zum Beispiel Steffen Krach, sozialdemokratischer Pr\u00e4sident der Region Hannover, meinen Kolleginnen und Kollegen, die f\u00fcr eine Geschichte \u00fcber den Zustand der SPD recherchiert haben. Von einer \u00bbgef\u00e4hrlichen Abw\u00e4rtsdynamik\u00ab spricht Juso-Chef Philipp T\u00fcrmer.<\/p>\n<p>Ger\u00fcchte machen die Runde, Szenarien, k\u00f6nnte nicht der Beliebteste im Kabinett, Verteidigungsminister Boris Pistorius, den Kanzler abl\u00f6sen? Gro\u00dfer Quatsch, hei\u00dft es im Kanzleramt. Warum nicht das Kabinett kr\u00e4ftig umbilden? Das sei Fassadenmalerei und l\u00f6se kein einziges Problem, hei\u00dft es in der Partei.<\/p>\n<p>In der Regierung wei\u00df man aber, dass etwas geschehen muss. Von einer Wende ist die Rede, von einer Art Restart. Ein offensiveres, aber gemeinsames Auftreten soll dazugeh\u00f6ren, ein Ende der gegenseitigen Tiefschl\u00e4ge, mehr Konzentration auf eine Politik, deren positive Folgen die B\u00fcrgerinnen und B\u00fcrger sofort sp\u00fcrten.<\/p>\n<p>Gestern wurde bekannt, dass Finanzminister Christian Lindner die Steuerfreibetr\u00e4ge f\u00fcr Kinder anheben will, nicht aber das Kindergeld, wovon vor allem Spitzenverdiener profitieren w\u00fcrden. Abgeordnete von Gr\u00fcnen und SPD reagierten irritiert. Der Neuanfang l\u00e4sst offenbar noch auf sich warten.<\/p>\n<ul>\n<li>\n<p><a href=\"https:\/\/www.spiegel.de\/politik\/deutschland\/spd-krise-und-olaf-scholz-die-ersten-ruecken-vom-kanzler-ab-a-e8ea2de7-b584-4690-a13a-a7cd10401278\" rel=\"noreferrer noopener\" target=\"_blank\">SPD am Abgrund: Die Ersten r\u00fccken vom Kanzler ab <\/a><\/p>\n<\/li>\n<\/ul>\n<h3>Kaiserliches Gedenken<\/h3>\n<p>Die Gedenkfeier f\u00fcr Franz Beckenbauer in der M\u00fcnchner Allianz Arena heute um 15 Uhr kommt schon nahe an einen Staatsakt heran. Zumindest d\u00fcrfte es die gr\u00f6\u00dfte Trauerfeier in der deutschen Sportgeschichte werden, 75.000 Menschen fasst das Stadion.<\/p>\n<p>Der Salzburger Tenor Jonas Kaufmann, geb\u00fcrtiger M\u00fcnchner, wird singen, unter anderem \u00bbCon te partir\u00f2\u00ab, dessen Melodie man eher unter dem Henry-Maske-Song \u00bbTime to Say Goodbye\u00ab kennt. Einstige Fu\u00dfballgr\u00f6\u00dfen werden dabei sein, ehemalige Trainer, Mannschaftsdelegationen aus dem Ausland, Gr\u00f6\u00dfen aus Kultur und Politik. Der bayerische Ministerpr\u00e4sident Markus S\u00f6der wird sprechen, Bayern-Pr\u00e4sident Herbert Hainer und Ehrenpr\u00e4sident Uli Hoene\u00df ebenfalls.<\/p>\n<p>Der Kanzler wird auch zugegen sein, aber nicht reden, protokollarisch obliegt diese Aufgabe Bundespr\u00e4sident Frank-Walter Steinmeier, der, so h\u00f6rt man im Vorfeld, vor allem die Menschenfreundlichkeit Franz Beckenbauers betonen wird. Drei Fernsehsender \u00fcbertragen live. Was f\u00fcr ein Akt!<\/p>\n<p>\u00bbLeiwand\u00ab, w\u00fcrde der Wahlsalzburger Beckenbauer wohl dazu sagen.<\/p>\n<ul>\n<li>\n<p><a href=\"https:\/\/www.spiegel.de\/sport\/fussball\/franz-beckenbauer-das-sonntagskind-a-95aa827a-92c7-4188-8dc4-9a0c5cea8a3c\" rel=\"noreferrer noopener\" target=\"_blank\">Franz Beckenbauer: Das Sonntagskind  <\/a><\/p>\n<\/li>\n<\/ul>\n<h3>Lesen Sie hier den aktuellen SPIEGEL-Leitartikel<\/h3>\n<ul>\n<li>\n<p><strong>Kampf gegen Rechtsextremismus: Sch\u00fctzt das Verfassungssystem vor der AfD! <\/strong>Viele Regelungen, die den Rechtsstaat garantieren, lassen sich leicht au\u00dfer Kraft setzen. Es ist h\u00f6chste Zeit, die Demokratie <a href=\"https:\/\/www.spiegel.de\/politik\/rechtsstaat-und-rechtsextremismus-schuetzt-das-verfassungssystem-vor-der-afd-a-fed017b8-d88e-45cb-bc97-3b25c75aa43e\" rel=\"noreferrer noopener\" target=\"_blank\">gegen die Umsturzpl\u00e4ne von rechts au\u00dfen zu sichern <\/a>.<\/p>\n<\/li>\n<\/ul>\n<h3>Hier geht\u2019s zum aktuellen Tagesquiz<\/h3>\n<p>Die Startfrage heute: <a href=\"https:\/\/www.spiegel.de\/panorama\/taegliches-quiz-beim-spiegel-7-fragen-zum-allgemeinwissen-pro-tag-a-8a9692b2-4462-4192-942c-fd7809c7519c\" rel=\"noreferrer noopener\" target=\"_blank\">Vor Angela Merkel regierte schon einmal ein Bundeskanzler an der Spitze einer Gro\u00dfen Koalition. Wer?<\/a><\/p>\n<h3>Gewinner des Tages\u2026<\/h3>\n<p>\u2026sind die Menschen, die zu Zehntausenden auch heute wieder f\u00fcr die Demokratie auf die Stra\u00dfe gehen.<\/p>\n<p>Die Zahl der St\u00e4dte, in denen Demos gegen Rechtsextremismus angek\u00fcndigt sind, w\u00e4chst und w\u00e4chst: 15.30 Uhr Hamburg, 16 Uhr Erlangen, 16 Uhr Jena, 17 Uhr Bielefeld, 17 Uhr, Kiel, 17 Uhr Stralsund, 18 Uhr Rosenheim, 19 Uhr Bochum, und so weiter.<\/p>\n<p>Die Mitte, sie schweigt nicht mehr.<\/p>\n<ul>\n<li>\n<p><a href=\"https:\/\/www.spiegel.de\/politik\/deutschland\/proteste-fuer-afd-verbot-endlich-wehrhaft-kommentar-a-185627a2-8af3-47b5-a7ea-78d0e668171a\" rel=\"noreferrer noopener\" target=\"_blank\">Zivilgesellschaft gegen AfD: Endlich wehrhaft <\/a><\/p>\n<\/li>\n<\/ul>\n<h3>Die j\u00fcngsten Meldungen aus der Nacht<\/h3>\n<ul>\n<li>\n<p><strong>US-Kongress wendet Shutdown ab:<\/strong> Der US-Regierung droht vorerst keine Haushaltssperre. Beide Kongresskammern haben sich kurz vor Fristende auf eine \u00dcberbr\u00fcckungsma\u00dfnahme in ihrem Streit geeinigt \u2013 <a href=\"https:\/\/www.spiegel.de\/ausland\/us-kongress-wendet-shutdown-ab-a-1b74b8d6-d2da-463d-ae46-41270111059d\" rel=\"noreferrer noopener\" target=\"_blank\">viel mehr als ein Aufschub des Problems ist das nicht.<\/a><\/p>\n<\/li>\n<li>\n<p><strong>Schutz von Delfinen \u2013 Frankreich verh\u00e4ngt einmonatiges Fischereiverbot: <\/strong>Tausende Delfine sterben j\u00e4hrlich in Frankreich, weil sie vor der Atlantikk\u00fcste versehentlich gefangen werden. Im Golf von Biskaya gilt nun ein mehrw\u00f6chiges Fischereiverbot. <a href=\"https:\/\/www.spiegel.de\/wirtschaft\/delfine-im-golf-von-biskaya-frankreich-verhaengt-einmonatiges-fischereiverbot-a-99293252-e75a-4cf5-8675-6351908dc25e\" rel=\"noreferrer noopener\" target=\"_blank\">Betroffene Fischer sind emp\u00f6rt.<\/a><\/p>\n<\/li>\n<li>\n<p><strong>Ex-Stabhochsprungweltmeister Shawnacy Barber ist tot:<\/strong> Bei der WM 2015 holte Shawnacy Barber vor dem Deutschen Raphael Holzdeppe die Goldmedaille. <a href=\"https:\/\/www.spiegel.de\/sport\/ex-stabhochsprungweltmeister-shawnacy-barber-ist-tot-a-45759b8d-b3bc-4178-9702-12ecd23ea2fc\" rel=\"noreferrer noopener\" target=\"_blank\">Jetzt ist der Kanadier im Alter von 29 Jahren gestorben.<\/a><\/p>\n<\/li>\n<\/ul>\n<h3>Die SPIEGEL+-Empfehlungen f\u00fcr heute<\/h3>\n<ul>\n<li>\n<p><strong>Wie faire Preise f\u00fcr Landwirte Realit\u00e4t werden k\u00f6nnen: <\/strong>Ausgerechnet der bislang so verschriene Weltmarkt k\u00f6nnte Landwirten zu h\u00f6heren Einnahmen verhelfen. Und auch im Handel gibt es innovative \u00dcberlegungen. Wenn die Politik mitmacht, sieht die Zukunft auf den H\u00f6fen <a href=\"https:\/\/www.spiegel.de\/wirtschaft\/service\/bauernproteste-wie-faire-preise-fuer-landwirte-realitaet-werden-koennen-a-4c0bb9d1-ebf9-47d0-bbd6-752927495a81\" rel=\"noreferrer noopener\" target=\"_blank\">gar nicht so schlecht aus <\/a>.<\/p>\n<\/li>\n<li>\n<p><strong>\u00bbOhne Fachkr\u00e4fte aus dem Ausland w\u00e4re das Gesundheitssystem am Ende\u00ab: <\/strong>Kinder\u00e4rztinnen und -\u00e4rzte positionieren sich gegen zunehmenden Rassismus in ihrem Bereich. Mediziner Burkhard Rodeck betont, wie sehr die Versorgung junger Patienten <a href=\"https:\/\/www.spiegel.de\/gesundheit\/kinderaerzte-gegen-die-afd-ohne-fachkraefte-aus-dem-ausland-waere-das-gesundheitssystem-am-ende-a-efbf03b1-6a74-46ac-ab33-5fa85f865c04\" rel=\"noreferrer noopener\" target=\"_blank\">von Menschen mit Migrationshintergrund abh\u00e4ngt <\/a>.<\/p>\n<\/li>\n<li>\n<p><strong>Es gibt keine schlechten Gef\u00fchle: <\/strong>Angst zu haben oder unsicher zu sein, ist unangenehm. Oft fl\u00fcchten wir vor solchen Gef\u00fchlen in Aktionismus und Arbeit. Dabei haben alle Emotionen eine wichtige Botschaft, <a href=\"https:\/\/www.spiegel.de\/psychologie\/coaching-stress-reduzieren-schritt-7-es-gibt-keine-schlechten-gefuehle-a-90b44f75-87ce-40ad-a5ad-28e90a8e8a55\" rel=\"noreferrer noopener\" target=\"_blank\">die wir h\u00f6ren sollten <\/a>.<\/p>\n<\/li>\n<li>\n<p><strong>Warum wurde ein schlechter Film so erfolgreich?: <\/strong>Der Horrorfilm \u00bbDer Exorzist\u00ab war im Winter 1973\/74 ein fulminanter Kassenschlager. Das Publikum kreischte und kotzte, und trotzdem wollten alle den Psychoschocker sehen. <a href=\"https:\/\/www.spiegel.de\/geschichte\/der-spiegel-vor-50-jahren-der-exorzist-warum-wurde-ein-schlechter-film-so-erfolgreich-a-8f6a421d-06f6-4ac3-b460-401588b51cf6\" rel=\"noreferrer noopener\" target=\"_blank\">Warum blo\u00df? <\/a><\/p>\n<\/li>\n<\/ul>\n<p>Ich w\u00fcnsche Ihnen einen optimistischen Start in den Tag.<\/p>\n<p><em>Ihr <a href=\"https:\/\/www.spiegel.de\/impressum\/autor-dfbb79a9-0001-0003-0000-000000021583\" rel=\"noreferrer noopener\" target=\"_blank\">Martin Knobbe<\/a>, Leiter des SPIEGEL-Hauptstadtb\u00fcros<\/em><\/p>\n","protected":false},"excerpt":{"rendered":"<p>Salon der Demokratiefeinde Der ehemalige Finanzsenator Peter Kurth galt in der Berliner CDU viele Jahre lang als Modernisierer, als einer, der fr\u00fch eine Zusammenarbeit mit den Gr\u00fcnen ins Spiel brachte.<\/p>\n","protected":false},"author":1,"featured_media":26050,"comment_status":"open","ping_status":"open","sticky":false,"template":"","format":"standard","meta":{"footnotes":""},"categories":[1],"tags":[],"class_list":["post-26049","post","type-post","status-publish","format-standard","has-post-thumbnail","hentry","category-nachrichten"],"_links":{"self":[{"href":"https:\/\/onlinetranslators.de\/news\/wp-json\/wp\/v2\/posts\/26049","targetHints":{"allow":["GET"]}}],"collection":[{"href":"https:\/\/onlinetranslators.de\/news\/wp-json\/wp\/v2\/posts"}],"about":[{"href":"https:\/\/onlinetranslators.de\/news\/wp-json\/wp\/v2\/types\/post"}],"author":[{"embeddable":true,"href":"https:\/\/onlinetranslators.de\/news\/wp-json\/wp\/v2\/users\/1"}],"replies":[{"embeddable":true,"href":"https:\/\/onlinetranslators.de\/news\/wp-json\/wp\/v2\/comments?post=26049"}],"version-history":[{"count":0,"href":"https:\/\/onlinetranslators.de\/news\/wp-json\/wp\/v2\/posts\/26049\/revisions"}],"wp:featuredmedia":[{"embeddable":true,"href":"https:\/\/onlinetranslators.de\/news\/wp-json\/wp\/v2\/media\/26050"}],"wp:attachment":[{"href":"https:\/\/onlinetranslators.de\/news\/wp-json\/wp\/v2\/media?parent=26049"}],"wp:term":[{"taxonomy":"category","embeddable":true,"href":"https:\/\/onlinetranslators.de\/news\/wp-json\/wp\/v2\/categories?post=26049"},{"taxonomy":"post_tag","embeddable":true,"href":"https:\/\/onlinetranslators.de\/news\/wp-json\/wp\/v2\/tags?post=26049"}],"curies":[{"name":"wp","href":"https:\/\/api.w.org\/{rel}","templated":true}]}}