{"id":26027,"date":"2024-01-18T11:26:06","date_gmt":"2024-01-18T08:26:06","guid":{"rendered":"https:\/\/onlinetranslators.de\/news\/nachrichten\/afd-und-rechtsextremismus-erst-der-kampf-um-die-sprache-dann-die-macht\/"},"modified":"2024-01-18T11:26:06","modified_gmt":"2024-01-18T08:26:06","slug":"afd-und-rechtsextremismus-erst-der-kampf-um-die-sprache-dann-die-macht","status":"publish","type":"post","link":"https:\/\/onlinetranslators.de\/news\/nachrichten\/afd-und-rechtsextremismus-erst-der-kampf-um-die-sprache-dann-die-macht\/","title":{"rendered":"AfD und Rechtsextremismus: Erst der Kampf um die Sprache, dann die Macht"},"content":{"rendered":"<p class=\"caps\">Rechtsextreme Ideologen wie Martin Sellner und G\u00f6tz Kubitschek denken weiter als bis zur n\u00e4chsten Wahl. Sie wollen Begriffe pr\u00e4gen, dadurch Debatten setzen \u2013 und so das Land \u00e4ndern.<\/p>\n","protected":false},"excerpt":{"rendered":"<p>Rechtsextreme Ideologen wie Martin Sellner und G\u00f6tz Kubitschek denken weiter als bis zur n\u00e4chsten Wahl. Sie wollen Begriffe pr\u00e4gen, dadurch Debatten setzen \u2013 und so das Land \u00e4ndern.<\/p>\n","protected":false},"author":1,"featured_media":26028,"comment_status":"open","ping_status":"open","sticky":false,"template":"","format":"standard","meta":{"footnotes":""},"categories":[1],"tags":[],"class_list":["post-26027","post","type-post","status-publish","format-standard","has-post-thumbnail","hentry","category-nachrichten"],"_links":{"self":[{"href":"https:\/\/onlinetranslators.de\/news\/wp-json\/wp\/v2\/posts\/26027","targetHints":{"allow":["GET"]}}],"collection":[{"href":"https:\/\/onlinetranslators.de\/news\/wp-json\/wp\/v2\/posts"}],"about":[{"href":"https:\/\/onlinetranslators.de\/news\/wp-json\/wp\/v2\/types\/post"}],"author":[{"embeddable":true,"href":"https:\/\/onlinetranslators.de\/news\/wp-json\/wp\/v2\/users\/1"}],"replies":[{"embeddable":true,"href":"https:\/\/onlinetranslators.de\/news\/wp-json\/wp\/v2\/comments?post=26027"}],"version-history":[{"count":0,"href":"https:\/\/onlinetranslators.de\/news\/wp-json\/wp\/v2\/posts\/26027\/revisions"}],"wp:featuredmedia":[{"embeddable":true,"href":"https:\/\/onlinetranslators.de\/news\/wp-json\/wp\/v2\/media\/26028"}],"wp:attachment":[{"href":"https:\/\/onlinetranslators.de\/news\/wp-json\/wp\/v2\/media?parent=26027"}],"wp:term":[{"taxonomy":"category","embeddable":true,"href":"https:\/\/onlinetranslators.de\/news\/wp-json\/wp\/v2\/categories?post=26027"},{"taxonomy":"post_tag","embeddable":true,"href":"https:\/\/onlinetranslators.de\/news\/wp-json\/wp\/v2\/tags?post=26027"}],"curies":[{"name":"wp","href":"https:\/\/api.w.org\/{rel}","templated":true}]}}