{"id":26007,"date":"2024-01-17T14:27:12","date_gmt":"2024-01-17T11:27:12","guid":{"rendered":"https:\/\/onlinetranslators.de\/news\/nachrichten\/werteunion-bestatigt-teilnahme-von-mitgliedern-bei-rechtsextremen-migrationstreffen\/"},"modified":"2024-01-17T14:27:12","modified_gmt":"2024-01-17T11:27:12","slug":"werteunion-bestatigt-teilnahme-von-mitgliedern-bei-rechtsextremen-migrationstreffen","status":"publish","type":"post","link":"https:\/\/onlinetranslators.de\/news\/nachrichten\/werteunion-bestatigt-teilnahme-von-mitgliedern-bei-rechtsextremen-migrationstreffen\/","title":{"rendered":"Werteunion best\u00e4tigt Teilnahme von Mitgliedern bei rechtsextremen Migrationstreffen"},"content":{"rendered":"<p class=\"caps\">Seit der Enth\u00fcllung eines Treffens von Rechtsradikalen in <a href=\"https:\/\/www.spiegel.de\/thema\/potsdam\/\" rel=\"noreferrer noopener\" target=\"_blank\">Potsdam<\/a> steht vor allem die AfD im Fokus. Bei dem Gipfel im November, an dem \u00fcber die millionenfache Abschiebung von Menschen debattiert wurde, hatten jedoch auch Mitglieder der \u00bbWerteunion\u00ab teilgenommen. Nun \u2013 eine Woche nach Bekanntwerden des Gipfels \u2013 hat der Verein erstmals die Teilnahme zweier Mitglieder offiziell best\u00e4tigt.<\/p>\n<p>Die beiden Frauen \u00bbhielten sich dort als eingeladene Privatg\u00e4ste und nicht als Vertreter der \u203aWerteunion\u2039 auf\u00ab, teilte der Verein am Dienstagabend mit. Befragungen der beiden Mitglieder und weiterer Personen h\u00e4tten ergeben, dass bei dem Treffen unter anderem \u00bbvon einer sogenannten Remigration\u00ab gesprochen worden sei.<\/p>\n<p>Wenn Rechtsextremisten diesen Begriff verwenden, meinen sie in der Regel, dass eine gro\u00dfe Zahl von Menschen ausl\u00e4ndischer Herkunft das Land verlassen soll \u2013 auch unter Zwang. \u00dcber das Thema sei \u00bbausschlie\u00dflich als Teil eines Vortrages von Herrn Sellner\u00ab gesprochen worden, erkl\u00e4rte die \u00bbWerteunion\u00ab. Martin Sellner ist der fr\u00fchere Kopf der rechtsextremen Identit\u00e4ren Bewegung in <a href=\"https:\/\/www.spiegel.de\/thema\/oesterreich\/\" rel=\"noreferrer noopener\" target=\"_blank\">\u00d6sterreich<\/a>. Er hatte selbst best\u00e4tigt, \u00fcber \u00bbRemigration\u00ab gesprochen zu haben.<\/p>\n<p>Das Medienhaus Correctiv hatte vorige Woche \u00fcber das Treffen berichtet. An dem Treffen in Potsdam hatten unter anderem AfD-Funktion\u00e4re wie der Referent von Parteichefin <a href=\"https:\/\/www.spiegel.de\/thema\/alice_weidel\/\" rel=\"noreferrer noopener\" target=\"_blank\">Alice Weidel<\/a> teilgenommen. Er wurde inzwischen in dieser Funktion entlassen.<\/p>\n<h3>Neue AfD-Verbotsdebatte<\/h3>\n<p>Die Enth\u00fcllungen haben erneut eine Debatte \u00fcber ein AfD-Verbotsverfahren befeuert \u2013 und Hunderttausende in <a href=\"https:\/\/www.spiegel.de\/thema\/deutschland\/\" rel=\"noreferrer noopener\" target=\"_blank\">Deutschland<\/a> motiviert, sich gegen Rechtsextremismus zu positionieren. In den vergangenen Tagen gab es in vielen St\u00e4dten gro\u00dfe Demonstrationen gegen rechts. Erst k\u00fcrzlich hat zudem eine Petition die Regierung aufgefordert, beim Verfassungsgericht einen <a href=\"https:\/\/www.spiegel.de\/politik\/deutschland\/afd-sollen-bjoern-hoecke-die-grundrechte-entzogen-werden-hunderttausende-unterschreiben-petition-a-93749ac5-5dd7-45a2-aa13-69533941fb25\" rel=\"noreferrer noopener\" target=\"_blank\">Antrag auf Grundrechtsverwirkung gegen Bj\u00f6rn H\u00f6cke<\/a> zu stellen. Mehr als eine Million Menschen haben bereits unterschrieben.<\/p>\n<p>Die \u00bbWerteunion\u00ab kritisierte Correctiv und erkl\u00e4rte unter Verweis auf eigene Recherchen, es sei \u00bbum die R\u00fcckf\u00fchrung von sich in Deutschland illegal aufhaltenden Migranten, Ausl\u00e4ndern mit geduldetem Aufenthaltsstatus und Ausl\u00e4ndern mit Bleiberecht, die durch schwere Straftaten aufgefallen sind\u00ab, gegangen, nicht aber um \u00bbmassenhafte R\u00fcckf\u00fchrung von Deutschen mit Migrationshintergrund\u00ab.<\/p>\n<p>Die \u00bbWerteunion\u00ab ist ein Verein, der nach eigener Darstellung \u00bbloyal zu CDU und <a href=\"https:\/\/www.spiegel.de\/thema\/csu\/\" rel=\"noreferrer noopener\" target=\"_blank\">CSU<\/a> steht\u00ab und Mitglieder beider Parteien in seinen Reihen hat. Die Spitzen beider Parteien sind jedoch auf Distanz zu dem Verein gegangen, der keine offizielle Parteigliederung von CDU oder CSU ist. Der Vorsitzende der \u00bbWerteunion\u00ab, der fr\u00fchere Verfassungsschutzpr\u00e4sident Hans-Georg Maa\u00dfen (CDU), hatte k\u00fcrzlich angek\u00fcndigt, die \u00bbWerteunion\u00ab in eine eigene Partei umwandeln zu wollen. Die CDU versucht, Maa\u00dfen auszuschlie\u00dfen.<\/p>\n","protected":false},"excerpt":{"rendered":"<p>Seit der Enth\u00fcllung eines Treffens von Rechtsradikalen in Potsdam steht vor allem die AfD im Fokus. Bei dem Gipfel im November, an dem \u00fcber die millionenfache Abschiebung von Menschen debattiert<\/p>\n","protected":false},"author":1,"featured_media":26008,"comment_status":"open","ping_status":"open","sticky":false,"template":"","format":"standard","meta":{"footnotes":""},"categories":[1],"tags":[],"class_list":["post-26007","post","type-post","status-publish","format-standard","has-post-thumbnail","hentry","category-nachrichten"],"_links":{"self":[{"href":"https:\/\/onlinetranslators.de\/news\/wp-json\/wp\/v2\/posts\/26007","targetHints":{"allow":["GET"]}}],"collection":[{"href":"https:\/\/onlinetranslators.de\/news\/wp-json\/wp\/v2\/posts"}],"about":[{"href":"https:\/\/onlinetranslators.de\/news\/wp-json\/wp\/v2\/types\/post"}],"author":[{"embeddable":true,"href":"https:\/\/onlinetranslators.de\/news\/wp-json\/wp\/v2\/users\/1"}],"replies":[{"embeddable":true,"href":"https:\/\/onlinetranslators.de\/news\/wp-json\/wp\/v2\/comments?post=26007"}],"version-history":[{"count":0,"href":"https:\/\/onlinetranslators.de\/news\/wp-json\/wp\/v2\/posts\/26007\/revisions"}],"wp:featuredmedia":[{"embeddable":true,"href":"https:\/\/onlinetranslators.de\/news\/wp-json\/wp\/v2\/media\/26008"}],"wp:attachment":[{"href":"https:\/\/onlinetranslators.de\/news\/wp-json\/wp\/v2\/media?parent=26007"}],"wp:term":[{"taxonomy":"category","embeddable":true,"href":"https:\/\/onlinetranslators.de\/news\/wp-json\/wp\/v2\/categories?post=26007"},{"taxonomy":"post_tag","embeddable":true,"href":"https:\/\/onlinetranslators.de\/news\/wp-json\/wp\/v2\/tags?post=26007"}],"curies":[{"name":"wp","href":"https:\/\/api.w.org\/{rel}","templated":true}]}}