{"id":25973,"date":"2024-01-16T02:36:09","date_gmt":"2024-01-15T23:36:09","guid":{"rendered":"https:\/\/onlinetranslators.de\/news\/nachrichten\/schweiz-will-friedensgipfel-fur-ukraine-ausrichten\/"},"modified":"2024-01-16T02:36:09","modified_gmt":"2024-01-15T23:36:09","slug":"schweiz-will-friedensgipfel-fur-ukraine-ausrichten","status":"publish","type":"post","link":"https:\/\/onlinetranslators.de\/news\/nachrichten\/schweiz-will-friedensgipfel-fur-ukraine-ausrichten\/","title":{"rendered":"Schweiz will Friedensgipfel f\u00fcr Ukraine ausrichten"},"content":{"rendered":"<p class=\"caps\">Die <a href=\"https:\/\/www.spiegel.de\/thema\/schweiz\/\" rel=\"noreferrer noopener\" target=\"_blank\">Schweiz<\/a> m\u00f6chte die Rolle des Gastgebers eines Friedensgipfels auf h\u00f6chster Ebene f\u00fcr die <a href=\"https:\/\/www.spiegel.de\/thema\/ukraine\/\" rel=\"noreferrer noopener\" target=\"_blank\">Ukraine<\/a> \u00fcbernehmen. Auf Ersuchen des ukrainischen Pr\u00e4sidenten <a href=\"https:\/\/www.spiegel.de\/thema\/wolodymyr_selensky\/\" rel=\"noreferrer noopener\" target=\"_blank\">Wolodymyr Selenskyj<\/a> sei die Schweiz bereit, ein Gipfeltreffen auszurichten, teilte die Schweizer Regierung mit: \u00bbDie weiteren Details werden nun ausgearbeitet.\u00ab Einen Termin f\u00fcr das Treffen gab es zun\u00e4chst noch nicht.<\/p>\n<p>An der Seite der Schweizer Bundespr\u00e4sidentin Viola Amherd sagte Selenskyj in <a href=\"https:\/\/www.spiegel.de\/thema\/bern\/\" rel=\"noreferrer noopener\" target=\"_blank\">Bern<\/a>, an dem Gipfel sollten alle L\u00e4nder teilnehmen k\u00f6nnen, die die Souver\u00e4nit\u00e4t und die territoriale Integrit\u00e4t der Ukraine respektierten. \u00bbAlso ziehen Sie Ihre Schl\u00fcsse daraus, wen wir einladen\u00ab, sagte Selenskyj vor Reportern \u2013 und lie\u00df damit durchblicken, dass eine Einladung Russlands nicht geplant ist.<\/p>\n<p>\u00bbWir m\u00f6chten, dass der Globale S\u00fcden anwesend ist\u00ab, sagte der ukrainische Pr\u00e4sident. \u00bbEs ist wichtig f\u00fcr uns zu zeigen, dass die ganze Welt gegen die russische Aggression und die ganze Welt f\u00fcr einen gerechten Frieden ist.\u00ab Die neutrale Schweiz hat bereits in der Vergangenheit zur L\u00f6sung von Konflikten beigetragen und k\u00f6nnte nun helfen, eine L\u00f6sung f\u00fcr den Krieg zu finden, der 24. Februar 2022 mit dem russischen \u00dcberfall begann.<\/p>\n<p>Das Format eines solchen Gipfels soll den vier \u00bbFriedensformel\u00ab-Konferenzen folgen, die seit dem Fr\u00fchjahr 2023 in D\u00e4nemark, Saudi-Arabien, Malta und am Sonntag in Davos stattgefunden haben. Daran waren in Davos 83 L\u00e4nder und internationale Organisationen beteiligt, nicht aber China. In dem Plan geht es um die Grundvoraussetzungen f\u00fcr einen Frieden, die <a href=\"https:\/\/www.spiegel.de\/thema\/kiew\/\" rel=\"noreferrer noopener\" target=\"_blank\">Kiew<\/a> in einem Zehn-Punkte-Plan formuliert hat. Dazu geh\u00f6ren unter anderem der Abzug Russlands aus allen Landesteilen, Strafen f\u00fcr russische Kriegsverbrecher und Reparationen.<\/p>\n<p>Selenskyj reist aus Bern nach Davos weiter. Dort nimmt er an der Jahrestagung des Weltwirtschaftsforums (WEF) teil und k\u00f6nnte den chinesischen Ministerpr\u00e4sidenten Li Qiang treffen. China kommt aus Sicht der Regierung in Kiew eine entscheidende Bedeutung bei den Bem\u00fchungen zur Beendigung des Krieges zu.<\/p>\n","protected":false},"excerpt":{"rendered":"<p>Die Schweiz m\u00f6chte die Rolle des Gastgebers eines Friedensgipfels auf h\u00f6chster Ebene f\u00fcr die Ukraine \u00fcbernehmen. Auf Ersuchen des ukrainischen Pr\u00e4sidenten Wolodymyr Selenskyj sei die Schweiz bereit, ein Gipfeltreffen auszurichten,<\/p>\n","protected":false},"author":1,"featured_media":25974,"comment_status":"open","ping_status":"open","sticky":false,"template":"","format":"standard","meta":{"footnotes":""},"categories":[1],"tags":[],"class_list":["post-25973","post","type-post","status-publish","format-standard","has-post-thumbnail","hentry","category-nachrichten"],"_links":{"self":[{"href":"https:\/\/onlinetranslators.de\/news\/wp-json\/wp\/v2\/posts\/25973","targetHints":{"allow":["GET"]}}],"collection":[{"href":"https:\/\/onlinetranslators.de\/news\/wp-json\/wp\/v2\/posts"}],"about":[{"href":"https:\/\/onlinetranslators.de\/news\/wp-json\/wp\/v2\/types\/post"}],"author":[{"embeddable":true,"href":"https:\/\/onlinetranslators.de\/news\/wp-json\/wp\/v2\/users\/1"}],"replies":[{"embeddable":true,"href":"https:\/\/onlinetranslators.de\/news\/wp-json\/wp\/v2\/comments?post=25973"}],"version-history":[{"count":0,"href":"https:\/\/onlinetranslators.de\/news\/wp-json\/wp\/v2\/posts\/25973\/revisions"}],"wp:featuredmedia":[{"embeddable":true,"href":"https:\/\/onlinetranslators.de\/news\/wp-json\/wp\/v2\/media\/25974"}],"wp:attachment":[{"href":"https:\/\/onlinetranslators.de\/news\/wp-json\/wp\/v2\/media?parent=25973"}],"wp:term":[{"taxonomy":"category","embeddable":true,"href":"https:\/\/onlinetranslators.de\/news\/wp-json\/wp\/v2\/categories?post=25973"},{"taxonomy":"post_tag","embeddable":true,"href":"https:\/\/onlinetranslators.de\/news\/wp-json\/wp\/v2\/tags?post=25973"}],"curies":[{"name":"wp","href":"https:\/\/api.w.org\/{rel}","templated":true}]}}