{"id":25957,"date":"2024-01-15T09:56:46","date_gmt":"2024-01-15T06:56:46","guid":{"rendered":"https:\/\/onlinetranslators.de\/news\/nachrichten\/rechte-geheimtreffen-afd-chef-tino-chrupalla-kann-sich-angeblich-an-nichts-erinnern\/"},"modified":"2024-01-15T09:56:46","modified_gmt":"2024-01-15T06:56:46","slug":"rechte-geheimtreffen-afd-chef-tino-chrupalla-kann-sich-angeblich-an-nichts-erinnern","status":"publish","type":"post","link":"https:\/\/onlinetranslators.de\/news\/nachrichten\/rechte-geheimtreffen-afd-chef-tino-chrupalla-kann-sich-angeblich-an-nichts-erinnern\/","title":{"rendered":"Rechte Geheimtreffen: AfD-Chef Tino Chrupalla kann sich angeblich \u00bban nichts erinnern\u00ab"},"content":{"rendered":"<p class=\"caps\">Der Bundesvorsitzende der \u00bbAlternative f\u00fcr Deutschland\u00ab, Tino Chrupalla, kann sich angeblich nicht erinnern, ob er an einem Geheimtreffen rechter Netzwerker im Oktober 2021 teilgenommen hat oder nicht. Auf Fragen zu dem Treffen, das intern \u00bb5. D\u00fcsseldorfer Runde\u00ab genannt wurde, sagte Chrupalla dem <a href=\"https:\/\/www.rnd.de\/politik\/geheimtreffen-der-rechtsextremen-auch-afd-chef-tino-chrupalla-beteiligt-F2Q7GOG7ZBGXLJTBGEWYNPDEQY.html\" rel=\"noreferrer noopener\" target=\"_blank\">\u00bbRedaktionsnetzwerk Deutschland\u00ab            <\/a>: \u00bbIch kann mich an nichts erinnern\u00ab. Eine \u00e4hnlich lautende Stellungnahme gab der AfD-Chef gegen\u00fcber <a href=\"https:\/\/www.zeit.de\/politik\/deutschland\/2024-01\/afd-rechtsextremismus-tino-chrupalla-duesseldorfer-runde\" rel=\"noreferrer noopener\" target=\"_blank\">\u00bbZeit online\u00ab <\/a> ab: \u00bbIch bin wie Scholz, ich erinnere mich an nichts mehr.\u00ab<\/p>\n<p>Am Freitag hatte der SPIEGEL <a href=\"https:\/\/www.spiegel.de\/politik\/deutschland\/rechtsextreme-netzwerke-nahm-auch-afd-chef-chrupalla-an-geheimtreffen-teil-a-ba6482db-537f-4ed0-94c5-a9e77919dea0\" rel=\"noreferrer noopener\" target=\"_blank\">\u00fcber interne Unterlagen berichtet<\/a>, die Aktivisten des Anonymous-Kollektivs im Internet ver\u00f6ffentlicht hatten. Die Dokumente legen den Verdacht nahe, dass Chrupalla kurz nach der Bundestagswahl 2021 an einem bislang unbekannten Ort mit Vertretern eines geheimen Netzwerks zusammengetroffen war, in dem rechte Politiker offenbar Kontakte zu verm\u00f6genden Unternehmern kn\u00fcpfen konnten.<\/p>\n<p>Laut der geleakten Dokumente sollten an der Zusammenkunft am 9. Oktober 2021 \u00bbrund 25\u00ab einflussreiche Personen teilnehmen, \u00bbdarunter extrem potente Menschen in Finanzdingen\u00ab. Die \u2013 namentlich nicht genannten \u2013 Finanziers seien bereit, in \u00bbsinnvolle Projekte\u00ab zu investieren, etwa den Aufbau eines rechten Medienportals.<\/p>\n<p>In den Unterlagen findet sich zudem der Entwurf eines Dankschreibens, das an die Teilnehmer jener \u00bb5. D\u00fcsseldorfer Runde\u00ab gerichtet ist. W\u00f6rtlich hei\u00dft es darin: \u00bbDass sich \u2013 unmittelbar nach einem anstrengenden Bundestagswahlkampf \u2013 der Bundessprecher der AfD, Tino Chrupalla, selbst ins Auto setzt, um vor einem kleinen privaten Kreis v\u00f6llig unkompliziert und glaubw\u00fcrdig \u203aRede und Antwort\u2039 zu stehen, um am n\u00e4chsten Morgen in aller Fr\u00fche wieder \u00fcber G\u00f6rlitz nach Berlin zu fahren, ist wahrlich nicht selbstverst\u00e4ndlich gewesen!\u00ab<\/p>\n<p>Organisator des Treffens soll Gernot M\u00f6rig gewesen sein, ein fr\u00fcherer D\u00fcsseldorfer Zahnarzt, der sich seit Jahrzehnten in der rechtsextremen Szene engagiert und als junger Mann den v\u00f6lkischen \u00bbBund Heimattreuer Jugend\u00ab leitete. M\u00f6rig soll auch ma\u00dfgeblich in die Organisation jener <a href=\"https:\/\/www.spiegel.de\/politik\/deutschland\/afd-politiker-diskutierten-mit-rechtsextremen-masterplan-zur-vertreibung-von-millionen-menschen-a-afc299c2-1176-4237-aba4-0f9b28851013\" rel=\"noreferrer noopener\" target=\"_blank\">Geheimkonferenz in Potsdam<\/a> eingebunden gewesen sein, die k\u00fcrzlich von der Rechercheplattform \u00bbCorrectiv\u00ab \u00f6ffentlich gemacht wurde.<\/p>\n<p>Vor Politikern der AfD und anderen G\u00e4sten soll der \u00f6sterreichische Rechtsextremist Martin Sellner einen Plan f\u00fcr eine gro\u00df angelegte \u00bbRemigration\u00ab pr\u00e4sentiert haben \u2013 die massenhafte Abschiebung oder Verdr\u00e4ngung von Zuwanderern und Menschen mit Migrationshintergrund aus Deutschland. Laut \u00bbCorrectiv\u00ab wurde der geheime Gespr\u00e4chskreis intern als \u00bbD\u00fcsseldorfer Forum\u00ab bezeichnet.<\/p>\n<h3>Die AfD schweigt zu Geheimtreffen<\/h3>\n<p>Zu der zwei Jahre zuvor anberaumten \u00bb5. D\u00fcsseldorfer Runde\u00ab hat der SPIEGEL seit Mittwoch vergangener Woche sowohl Chrupalla als auch die AfD-Bundespartei und die AfD-Bundestagsfraktion um Stellungnahmen gebeten. Trotz mehrfach wiederholter Anfragen blieb eine Antwort auf die Frage, ob Chrupalla an der Veranstaltung teilgenommen habe, bislang aus. Auch Gernot M\u00f6rig lie\u00df eine SPIEGEL-Anfrage zu dem Treffen im Oktober 2021 und der mutma\u00dflichen Teilnahme Chrupallas im Jahr 2021 unbeantwortet.<\/p>\n<p>Den Vortrag von Martin Sellner zur \u00bbRemigration\u00ab bei dem Treffen 2023 in Potsdam, so teilte M\u00f6rig unterdessen \u00bbCorrectiv\u00ab mit, habe er \u00bbanders in Erinnerung\u00ab. H\u00e4tte er solche Aussagen bewusst wahrgenommen, w\u00e4ren sie \u00bbnicht ohne Widerspruch von mir geblieben\u00ab, insbesondere im Hinblick auf die Ungleichbehandlung deutscher Staatsb\u00fcrger.<\/p>\n<p>Rechtsextremist Sellner erkl\u00e4rte via Telegram, dass er \u00bbniemals \u203aVertreibungen\u2039 gutgehei\u00dfen\u00ab habe. Die AfD legte in einer Pressemitteilung Wert auf die Feststellung, dass sie \u00bbnicht verantwortlich f\u00fcr Vortr\u00e4ge oder sonstige Inhalte\u00ab sei, \u00bbdie von Privatpersonen auf privaten Veranstaltungen\u00ab gehalten w\u00fcrden.<\/p>\n","protected":false},"excerpt":{"rendered":"<p>Der Bundesvorsitzende der \u00bbAlternative f\u00fcr Deutschland\u00ab, Tino Chrupalla, kann sich angeblich nicht erinnern, ob er an einem Geheimtreffen rechter Netzwerker im Oktober 2021 teilgenommen hat oder nicht. Auf Fragen zu<\/p>\n","protected":false},"author":1,"featured_media":25958,"comment_status":"open","ping_status":"open","sticky":false,"template":"","format":"standard","meta":{"footnotes":""},"categories":[1],"tags":[],"class_list":["post-25957","post","type-post","status-publish","format-standard","has-post-thumbnail","hentry","category-nachrichten"],"_links":{"self":[{"href":"https:\/\/onlinetranslators.de\/news\/wp-json\/wp\/v2\/posts\/25957","targetHints":{"allow":["GET"]}}],"collection":[{"href":"https:\/\/onlinetranslators.de\/news\/wp-json\/wp\/v2\/posts"}],"about":[{"href":"https:\/\/onlinetranslators.de\/news\/wp-json\/wp\/v2\/types\/post"}],"author":[{"embeddable":true,"href":"https:\/\/onlinetranslators.de\/news\/wp-json\/wp\/v2\/users\/1"}],"replies":[{"embeddable":true,"href":"https:\/\/onlinetranslators.de\/news\/wp-json\/wp\/v2\/comments?post=25957"}],"version-history":[{"count":0,"href":"https:\/\/onlinetranslators.de\/news\/wp-json\/wp\/v2\/posts\/25957\/revisions"}],"wp:featuredmedia":[{"embeddable":true,"href":"https:\/\/onlinetranslators.de\/news\/wp-json\/wp\/v2\/media\/25958"}],"wp:attachment":[{"href":"https:\/\/onlinetranslators.de\/news\/wp-json\/wp\/v2\/media?parent=25957"}],"wp:term":[{"taxonomy":"category","embeddable":true,"href":"https:\/\/onlinetranslators.de\/news\/wp-json\/wp\/v2\/categories?post=25957"},{"taxonomy":"post_tag","embeddable":true,"href":"https:\/\/onlinetranslators.de\/news\/wp-json\/wp\/v2\/tags?post=25957"}],"curies":[{"name":"wp","href":"https:\/\/api.w.org\/{rel}","templated":true}]}}