{"id":25953,"date":"2024-01-15T05:46:07","date_gmt":"2024-01-15T02:46:07","guid":{"rendered":"https:\/\/onlinetranslators.de\/news\/nachrichten\/spd-chef-klingbeil-uber-ampel-querelen-alle-sollten-sich-zusammenreisen\/"},"modified":"2024-01-15T05:46:07","modified_gmt":"2024-01-15T02:46:07","slug":"spd-chef-klingbeil-uber-ampel-querelen-alle-sollten-sich-zusammenreisen","status":"publish","type":"post","link":"https:\/\/onlinetranslators.de\/news\/nachrichten\/spd-chef-klingbeil-uber-ampel-querelen-alle-sollten-sich-zusammenreisen\/","title":{"rendered":"SPD-Chef Klingbeil \u00fcber Ampel-Querelen: \u00bbAlle sollten sich zusammenrei\u00dfen\u00ab"},"content":{"rendered":"<p class=\"caps\">Klingbeil, zusammen mit Saskia Esken Co-Vorsitzender der Sozialdemokraten, verteidigt die Arbeit der Regierungskoalition aus <a href=\"https:\/\/www.spiegel.de\/thema\/spd\/\" rel=\"noreferrer noopener\" target=\"_blank\">SPD<\/a>, Gr\u00fcnen und FDP im Hinblick auf die zahlreichen Krisen in Deutschland und weltweit: \u00bbEs sind wahnsinnig harte Zeiten. Ich glaube, das merkt jeder jetzt schon mit dem Start in das Jahr 2024\u00ab, sagte Klingbeil am Sonntag in der ARD-Sendung \u00bbBericht aus Berlin\u00ab. Das Land stehe vor gro\u00dfen Herausforderungen.<\/p>\n<p>Die dauerhaften, teils \u00f6ffentlich ausgetragenen Streitereien innerhalb der Ampelkoalition h\u00e4tten zur Verunsicherung der B\u00fcrgerinnen und B\u00fcrger beigetragen. \u00bbDass drei unterschiedliche Parteien auch mal unterschiedliche Antworten haben, das geh\u00f6rt mit dazu, aber da war zu viel Streit\u00ab, sagte Klingbeil. \u00bbDer Streit war zu lang. Da sind Kompromisse auch zu schnell infrage gestellt worden. Das hat zur Verunsicherung beigetragen, und damit muss Schluss sein.\u00ab<\/p>\n<h3>\u00bbIch sehe da keine Gefahr eines Umsturzes\u00ab<\/h3>\n<p>Klingbeil forderte SPD, Gr\u00fcne und FDP dazu auf, k\u00fcnftig besser zusammenzuarbeiten: \u00bbInsofern ist es richtig, jetzt noch mal zu appellieren, auch deutlich zu machen, es muss dieses Jahr eine andere Kultur in der Regierung herrschen. Alle sollten sich da zusammenrei\u00dfen, die Verantwortung, die wir tragen als Politik insgesamt, dieses Land jetzt durch unruhige Zeiten zu bringen\u00ab, sei gewaltig, so der SPD-Chef.<\/p>\n<p>Trotz der Bauernproteste und einer generell politisch aufgeheizten Stimmung im Land erwartet Klingbeil keine Zeit radikaler Stra\u00dfenproteste. Nach wie vor sei \u00bbdie Mehrheit der Menschen in diesem Land fest in der Mitte dieses Landes auch verankert. Ich sehe da keine Gefahr eines Umsturzes oder eines Wutwinters oder sonst was.\u00ab Dass die Landwirte auf die Stra\u00dfe gehen, finde er legitim, es m\u00fcsse aber das Gespr\u00e4ch gesucht werden: \u00bbDa werden auch L\u00f6sungen gefunden.\u00ab<\/p>\n<p>Ob die geplanten Subventionsk\u00fcrzungen wegen der Proteste komplett wieder zur\u00fcckgenommen werden sollten, lie\u00df Klingbeil offen. Ihm schwebe eher vor, \u00fcber die Marktmacht der Discounter zu diskutieren, sagte er: \u00bbDa geht es beispielsweise auch um die Frage, wie wahnsinnig viel B\u00fcrokratie da im Bereich der Landwirtschaft vorhanden ist, wie die abgebaut werden kann. Also es geht um mehr als die Frage Agrardiesel.\u00ab<\/p>\n<h3>Appell an die schweigende Mitte<\/h3>\n<p>W\u00e4hrend <a href=\"https:\/\/www.spiegel.de\/politik\/deutschland\/berlin-und-potsdam-mehrere-tausend-menschen-bei-demos-gegen-rechts-a-b4f5c97b-91b5-4969-8c8a-d4abb4552c89\" rel=\"noreferrer noopener\" target=\"_blank\">am Sonntag im ganzen Land<\/a> Tausende Menschen gegen Rechtsextremismus auf die Stra\u00dfe gingen, w\u00fcnscht sich Klingbeil in dem Interview auch ein gr\u00f6\u00dferes Engagement der sogenannten schweigenden Mitte der Gesellschaft. <a href=\"https:\/\/www.spiegel.de\/politik\/deutschland\/afd-politiker-diskutierten-mit-rechtsextremen-masterplan-zur-vertreibung-von-millionen-menschen-a-afc299c2-1176-4237-aba4-0f9b28851013\" rel=\"noreferrer noopener\" target=\"_blank\">Auf das Treffen radikaler Rechter in Potsdam angesprochen<\/a>, bei dem der \u00f6sterreichische Rechtsextremist Martin Sellner unter anderem vor AfD-Mitgliedern seine Ideen f\u00fcr eine massenweise Vertreibung von Deutschen mit Migrationsgeschichte vorgetragen hatte, sagte Klingbeil: \u00bbDa erwarte ich, dass niemand mehr schweigt und niemand zuguckt.\u00ab<\/p>\n<p>All jene, die gerade ruhig sind, sollten auch laut die Stimme erheben und sagen: \u00bbWir lassen nicht zu, dass dieses Land so polarisiert und gespalten wird von einer Gruppe, die viel, viel kleiner ist als die Vern\u00fcnftigen in diesem Land.\u00ab<\/p>\n","protected":false},"excerpt":{"rendered":"<p>Klingbeil, zusammen mit Saskia Esken Co-Vorsitzender der Sozialdemokraten, verteidigt die Arbeit der Regierungskoalition aus SPD, Gr\u00fcnen und FDP im Hinblick auf die zahlreichen Krisen in Deutschland und weltweit: \u00bbEs sind<\/p>\n","protected":false},"author":1,"featured_media":25954,"comment_status":"open","ping_status":"open","sticky":false,"template":"","format":"standard","meta":{"footnotes":""},"categories":[1],"tags":[],"class_list":["post-25953","post","type-post","status-publish","format-standard","has-post-thumbnail","hentry","category-nachrichten"],"_links":{"self":[{"href":"https:\/\/onlinetranslators.de\/news\/wp-json\/wp\/v2\/posts\/25953","targetHints":{"allow":["GET"]}}],"collection":[{"href":"https:\/\/onlinetranslators.de\/news\/wp-json\/wp\/v2\/posts"}],"about":[{"href":"https:\/\/onlinetranslators.de\/news\/wp-json\/wp\/v2\/types\/post"}],"author":[{"embeddable":true,"href":"https:\/\/onlinetranslators.de\/news\/wp-json\/wp\/v2\/users\/1"}],"replies":[{"embeddable":true,"href":"https:\/\/onlinetranslators.de\/news\/wp-json\/wp\/v2\/comments?post=25953"}],"version-history":[{"count":0,"href":"https:\/\/onlinetranslators.de\/news\/wp-json\/wp\/v2\/posts\/25953\/revisions"}],"wp:featuredmedia":[{"embeddable":true,"href":"https:\/\/onlinetranslators.de\/news\/wp-json\/wp\/v2\/media\/25954"}],"wp:attachment":[{"href":"https:\/\/onlinetranslators.de\/news\/wp-json\/wp\/v2\/media?parent=25953"}],"wp:term":[{"taxonomy":"category","embeddable":true,"href":"https:\/\/onlinetranslators.de\/news\/wp-json\/wp\/v2\/categories?post=25953"},{"taxonomy":"post_tag","embeddable":true,"href":"https:\/\/onlinetranslators.de\/news\/wp-json\/wp\/v2\/tags?post=25953"}],"curies":[{"name":"wp","href":"https:\/\/api.w.org\/{rel}","templated":true}]}}