{"id":25943,"date":"2024-01-14T19:26:38","date_gmt":"2024-01-14T16:26:38","guid":{"rendered":"https:\/\/onlinetranslators.de\/news\/nachrichten\/berlin-und-potsdam-mehrere-tausend-menschen-bei-demos-gegen-rechts\/"},"modified":"2024-01-14T19:26:38","modified_gmt":"2024-01-14T16:26:38","slug":"berlin-und-potsdam-mehrere-tausend-menschen-bei-demos-gegen-rechts","status":"publish","type":"post","link":"https:\/\/onlinetranslators.de\/news\/nachrichten\/berlin-und-potsdam-mehrere-tausend-menschen-bei-demos-gegen-rechts\/","title":{"rendered":"Berlin und Potsdam: Mehrere Tausend Menschen bei Demos gegen Rechts"},"content":{"rendered":"<p class=\"caps\">Nach dem <a href=\"https:\/\/www.spiegel.de\/politik\/deutschland\/afd-und-neonazis-bei-geheimtreffen-der-voelkische-plan-a-201ab2eb-3bf6-46c9-9653-33a21e3dcbf0\" rel=\"noreferrer noopener\" target=\"_blank\">Bekanntwerden radikaler Abschiebefantasien der AfD<\/a> haben am Sonntag zahlreiche Menschen vor dem <a href=\"https:\/\/www.spiegel.de\/thema\/brandenburger_tor\/\" rel=\"noreferrer noopener\" target=\"_blank\">Brandenburger Tor<\/a> in Berlin gegen Rechtsextremismus demonstriert. Auf Transparenten der Veranstaltung unter dem Motto \u00bbDemokratie verteidigen\u00ab waren etwa Spr\u00fcche wie \u00bbAfD ist keine Alternative\u00ab zu lesen.<\/p>\n<p>Die Polizei wollte sich am Nachmittag noch auf keine genaue Teilnehmerzahl festlegen, sprach aber von mehreren Tausend Teilnehmerinnen und Teilnehmern. Die Veranstalter selbst gaben 25.000 Demonstrierende an.<\/p>\n<p>Laut einem Posting des Zentrums f\u00fcr politische Sch\u00f6nheit auf dem Kurznachrichtendienst X seien zahlreiche Menschen von der Polizei nicht auf das Gel\u00e4nde gelassen worden. Ein Sprecher der Polizei wies diese Vorw\u00fcrfe auf Anfrage zur\u00fcck: \u00bbEs gibt keine Zugangsbeschr\u00e4nkung\u00ab, man m\u00fcsse den Teilnehmerstrom jedoch kanalisieren. Zu Zwischenf\u00e4llen soll es laut Polizei nicht gekommen sein.<\/p>\n<p>Bei der Veranstaltung wurde unter anderem die Linken-Bundesvorsitzende <a href=\"https:\/\/www.spiegel.de\/thema\/janine-wissler\/\" rel=\"noreferrer noopener\" target=\"_blank\">Janine Wissler<\/a> erwartet. Klimaaktivistin <a href=\"https:\/\/www.spiegel.de\/thema\/luisa-neubauer\/\" rel=\"noreferrer noopener\" target=\"_blank\">Luisa Neubauer<\/a> hielt eine Rede.<\/p>\n<h3>Gro\u00dfdemo in Potsdam<\/h3>\n<p>Auch in Potsdam fand am Sonntag eine Kundgebung gegen rechts statt. Zu der Veranstaltung auf dem Altmarkt waren auch Bundeskanzler Olaf Scholz (<a href=\"https:\/\/www.spiegel.de\/thema\/spd\/\" rel=\"noreferrer noopener\" target=\"_blank\">SPD<\/a>) und Bundesau\u00dfenministerin <a href=\"https:\/\/www.spiegel.de\/thema\/annalena_baerbock\/\" rel=\"noreferrer noopener\" target=\"_blank\">Annalena Baerbock<\/a> (Gr\u00fcne) gekommen. Potsdams Oberb\u00fcrgermeister Mike Schubert (SPD) hatte zu der Demo aufgerufen. Schubert sprach von 10.000 Teilnehmern.<\/p>\n<p>Demonstrierende hielten Plakate hoch mit Aufschriften wie \u00bbPotsdam ist bunt\u00ab und \u00bbWir halten zusammen\u00ab. \u00bbIch stehe hier als eine von Tausenden von Potsdamerinnen und Potsdamern, die einstehen f\u00fcr Demokratie und gegen alten und neuen Faschismus\u00ab, sagte Baerbock der Nachrichtenagentur dpa. Auch Brandenburgs Wissenschaftsministerin Manja Sch\u00fcle (SPD) und Fraktionschefs von SPD, <a href=\"https:\/\/www.spiegel.de\/thema\/cdu\/\" rel=\"noreferrer noopener\" target=\"_blank\">CDU<\/a>, Gr\u00fcnen und Linken im Brandenburger Landtag nahmen an der Kundgebung teil.<\/p>\n<p>Hintergrund des Protests ist ein Radikalentreffen in einer Potsdamer Villa vom November. Daran hatten unter anderem einzelne AfD-Funktion\u00e4re sowie einzelne Mitglieder der CDU und der erzkonservativen Werteunion teilgenommen. Der Potsdamer Oberb\u00fcrgermeister Schubert sagte, die Pl\u00e4ne erinnerten an \u00bbdas dunkelste Kapitel deutscher Geschichte.\u00ab Daher sei es an der Zeit, Gesicht zu zeigen und die Demokratie zu verteidigen.<\/p>\n","protected":false},"excerpt":{"rendered":"<p>Nach dem Bekanntwerden radikaler Abschiebefantasien der AfD haben am Sonntag zahlreiche Menschen vor dem Brandenburger Tor in Berlin gegen Rechtsextremismus demonstriert. Auf Transparenten der Veranstaltung unter dem Motto \u00bbDemokratie verteidigen\u00ab<\/p>\n","protected":false},"author":1,"featured_media":25944,"comment_status":"open","ping_status":"open","sticky":false,"template":"","format":"standard","meta":{"footnotes":""},"categories":[1],"tags":[],"class_list":["post-25943","post","type-post","status-publish","format-standard","has-post-thumbnail","hentry","category-nachrichten"],"_links":{"self":[{"href":"https:\/\/onlinetranslators.de\/news\/wp-json\/wp\/v2\/posts\/25943","targetHints":{"allow":["GET"]}}],"collection":[{"href":"https:\/\/onlinetranslators.de\/news\/wp-json\/wp\/v2\/posts"}],"about":[{"href":"https:\/\/onlinetranslators.de\/news\/wp-json\/wp\/v2\/types\/post"}],"author":[{"embeddable":true,"href":"https:\/\/onlinetranslators.de\/news\/wp-json\/wp\/v2\/users\/1"}],"replies":[{"embeddable":true,"href":"https:\/\/onlinetranslators.de\/news\/wp-json\/wp\/v2\/comments?post=25943"}],"version-history":[{"count":0,"href":"https:\/\/onlinetranslators.de\/news\/wp-json\/wp\/v2\/posts\/25943\/revisions"}],"wp:featuredmedia":[{"embeddable":true,"href":"https:\/\/onlinetranslators.de\/news\/wp-json\/wp\/v2\/media\/25944"}],"wp:attachment":[{"href":"https:\/\/onlinetranslators.de\/news\/wp-json\/wp\/v2\/media?parent=25943"}],"wp:term":[{"taxonomy":"category","embeddable":true,"href":"https:\/\/onlinetranslators.de\/news\/wp-json\/wp\/v2\/categories?post=25943"},{"taxonomy":"post_tag","embeddable":true,"href":"https:\/\/onlinetranslators.de\/news\/wp-json\/wp\/v2\/tags?post=25943"}],"curies":[{"name":"wp","href":"https:\/\/api.w.org\/{rel}","templated":true}]}}