{"id":25929,"date":"2024-01-14T04:46:34","date_gmt":"2024-01-14T01:46:34","guid":{"rendered":"https:\/\/onlinetranslators.de\/news\/nachrichten\/john-kerry-will-angeblich-als-us-klimabeauftragter-aufhoren\/"},"modified":"2024-01-14T04:46:34","modified_gmt":"2024-01-14T01:46:34","slug":"john-kerry-will-angeblich-als-us-klimabeauftragter-aufhoren","status":"publish","type":"post","link":"https:\/\/onlinetranslators.de\/news\/nachrichten\/john-kerry-will-angeblich-als-us-klimabeauftragter-aufhoren\/","title":{"rendered":"John Kerry will angeblich als US-Klimabeauftragter aufh\u00f6ren"},"content":{"rendered":"<p class=\"caps\">Der US-Klimabeauftragte John Kerry plant \u00fcbereinstimmenden Medienberichten zufolge seinen R\u00fcckzug aus der Regierung von US-Pr\u00e4sident Joe Biden. Der 80-J\u00e4hrige wolle bis zum Fr\u00fchjahr als Sondergesandter f\u00fcr das Klima aufh\u00f6ren, berichteten am Samstag das Nachrichtenportal <a href=\"https:\/\/www.axios.com\/2024\/01\/13\/john-kerry-biden-campaign-climate-2024\" rel=\"noreferrer noopener\" target=\"_blank\">\u00bbAxios\u00ab            <\/a>, die \u00bbNew York Times\u00ab und andere unter Berufung auf mit den Pl\u00e4nen vertraute Personen.<\/p>\n<p>Kerry soll sich vergangene Woche mit Pr\u00e4sident Biden im Wei\u00dfen Haus getroffen haben, um ihn \u00fcber seine R\u00fccktrittsabsicht zu informieren, wie die <a href=\"https:\/\/www.nytimes.com\/2024\/01\/13\/climate\/john-kerry-climate-envoy.html\" rel=\"noreferrer noopener\" target=\"_blank\">\u00bbNew York Times\u00ab meldet. <\/a><\/p>\n<h3>Wechsel ins Wahlkampfteam von Biden<\/h3>\n<p>Es werde erwartet, dass der Demokrat ins Wahlkampfteam von Biden wechsle und ihn mit Blick auf die Pr\u00e4sidentenwahl im November unterst\u00fctze. In der kommenden Woche wird Kerry beim Weltwirtschaftsforum in Davos erwartet.<\/p>\n<p>Kerry hat die Rolle als Klimabeauftragter seit Beginn von Bidens Amtszeit inne. Er erhielt den Posten zu einer Zeit, in der Biden die R\u00fcckkehr zum Pariser Klimaabkommen einleitete. W\u00e4hrend der Regierungsjahre des ehemaligen US-Pr\u00e4sidenten Donald Trump hatten sich die USA aus dem Abkommen zur\u00fcckgezogen.<\/p>\n<h3>Einigung mit China erzielt<\/h3>\n<p>Im vergangenen November einigten sich die Vereinigten Staaten und China darauf, gemeinsam gegen die globale Erw\u00e4rmung vorzugehen, indem sie Wind- und Solarenergie sowie andere erneuerbare Energien ausbauen. Diese Vereinbarung war von gro\u00dfer Bedeutung und kam nach jahrelanger Diplomatie zwischen Kerry und seinem chinesischen Amtskollegen Xie Zhenhua zustande.<\/p>\n<p>\u00bbDie Klimakrise ist eine universelle Bedrohung f\u00fcr die Menschheit, und wir alle sind daf\u00fcr verantwortlich, sie so schnell wie m\u00f6glich zu bew\u00e4ltigen\u00ab, sagte Kerry bei einem Besuch in Peking im vergangenen Sommer, als er mit Vizepr\u00e4sident Han Zheng \u00fcber Klimafragen sprach.<\/p>\n<p>Die Entscheidung von seinem Amt zur\u00fcckzutreten, folgt auf die Ank\u00fcndigung von Xie, dass auch er in den Ruhestand geht, berichtet die \u00bbNew York Times\u00ab. Dies w\u00fcrde die Frage aufwerfen, wie die Klimadiplomatie zwischen den USA und China aussehen werde, wenn die beiden Personen, die sich am meisten f\u00fcr die Zusammenarbeit einsetzen, nicht mehr da sind.<\/p>\n<p>Auch die Zukunft der Rolle des Klimabeauftragten in den Vereinigten Staaten ist ungewiss. Pr\u00e4sident Biden schuf diese Funktion f\u00fcr Kerry, der direkt f\u00fcr den Pr\u00e4sidenten arbeitete und bei seiner Ernennung nicht vom Senat best\u00e4tigt werden musste, was viele Republikaner ver\u00e4rgerte.<\/p>\n<p>Kerry leitete als Sondergesandter f\u00fcr das Klima die US-Delegationen bei mehreren Klimagipfeln, zuletzt bei der Weltklimakonferenz in Dubai. Der Politiker vertrat den US-Bundesstaat Massachusetts 28 Jahre lang im Senat und war 2004 auch der Pr\u00e4sidentschaftskandidat der Demokraten. Unter dem damaligen US-Pr\u00e4sidenten Barack Obama war Kerry von 2013 bis 2017 Au\u00dfenminister.<\/p>\n","protected":false},"excerpt":{"rendered":"<p>Der US-Klimabeauftragte John Kerry plant \u00fcbereinstimmenden Medienberichten zufolge seinen R\u00fcckzug aus der Regierung von US-Pr\u00e4sident Joe Biden. Der 80-J\u00e4hrige wolle bis zum Fr\u00fchjahr als Sondergesandter f\u00fcr das Klima aufh\u00f6ren, berichteten<\/p>\n","protected":false},"author":1,"featured_media":25930,"comment_status":"open","ping_status":"open","sticky":false,"template":"","format":"standard","meta":{"footnotes":""},"categories":[1],"tags":[],"class_list":["post-25929","post","type-post","status-publish","format-standard","has-post-thumbnail","hentry","category-nachrichten"],"_links":{"self":[{"href":"https:\/\/onlinetranslators.de\/news\/wp-json\/wp\/v2\/posts\/25929","targetHints":{"allow":["GET"]}}],"collection":[{"href":"https:\/\/onlinetranslators.de\/news\/wp-json\/wp\/v2\/posts"}],"about":[{"href":"https:\/\/onlinetranslators.de\/news\/wp-json\/wp\/v2\/types\/post"}],"author":[{"embeddable":true,"href":"https:\/\/onlinetranslators.de\/news\/wp-json\/wp\/v2\/users\/1"}],"replies":[{"embeddable":true,"href":"https:\/\/onlinetranslators.de\/news\/wp-json\/wp\/v2\/comments?post=25929"}],"version-history":[{"count":0,"href":"https:\/\/onlinetranslators.de\/news\/wp-json\/wp\/v2\/posts\/25929\/revisions"}],"wp:featuredmedia":[{"embeddable":true,"href":"https:\/\/onlinetranslators.de\/news\/wp-json\/wp\/v2\/media\/25930"}],"wp:attachment":[{"href":"https:\/\/onlinetranslators.de\/news\/wp-json\/wp\/v2\/media?parent=25929"}],"wp:term":[{"taxonomy":"category","embeddable":true,"href":"https:\/\/onlinetranslators.de\/news\/wp-json\/wp\/v2\/categories?post=25929"},{"taxonomy":"post_tag","embeddable":true,"href":"https:\/\/onlinetranslators.de\/news\/wp-json\/wp\/v2\/tags?post=25929"}],"curies":[{"name":"wp","href":"https:\/\/api.w.org\/{rel}","templated":true}]}}