{"id":25901,"date":"2024-01-12T23:16:11","date_gmt":"2024-01-12T20:16:11","guid":{"rendered":"https:\/\/onlinetranslators.de\/news\/nachrichten\/nach-correctiv-recherchen-im-netz-und-auf-den-strasen-formiert-sich-widerstand-gegen-rechts\/"},"modified":"2024-01-12T23:16:11","modified_gmt":"2024-01-12T20:16:11","slug":"nach-correctiv-recherchen-im-netz-und-auf-den-strasen-formiert-sich-widerstand-gegen-rechts","status":"publish","type":"post","link":"https:\/\/onlinetranslators.de\/news\/nachrichten\/nach-correctiv-recherchen-im-netz-und-auf-den-strasen-formiert-sich-widerstand-gegen-rechts\/","title":{"rendered":"Nach Correctiv-Recherchen: Im Netz und auf den Stra\u00dfen formiert sich Widerstand gegen rechts"},"content":{"rendered":"<p class=\"caps\">190.000 Likes, mehr als 9000 Kommentare: Der <a href=\"https:\/\/correctiv.org\/aktuelles\/neue-rechte\/2024\/01\/10\/geheimplan-remigration-vertreibung-afd-rechtsextreme-november-treffen\/\" rel=\"noreferrer noopener\" target=\"_blank\">Beitrag von Correctiv            <\/a>, wonach sich Rechtsextreme und einflussreiche AfD-Politiker trafen, um \u00fcber radikale Abschiebepl\u00e4ne von Menschen mit migrantischer Herkunft zu beraten, bewegt noch Tage nach der Ver\u00f6ffentlichung zahlreiche Menschen in den sozialen Medien. Es wird kontrovers und umfangreich diskutiert.<\/p>\n<p>In Kommentaren finden sich einerseits rechtspopulistische, teils auch rechtsextreme und menschenverachtende Aussagen. Andererseits positionieren sich etliche Menschen scharf gegen rechtes Gedankengut \u2013 und gegen die AfD.<\/p>\n<p>Im Netz trenden seit Tagen Hashtags mit teils zweifelhaftem rechtem Vokabular wie #Remigration aber auch #correctiv und #AfdVerbotjetzt. Die Klimaaktivistin Luisa Neubauer etwa schreibt bei Instagram, die \u00bbvollst\u00e4ndig angemessene Reaktion auf die Correctiv-Recherchen\u00ab sei diese: \u00bbPr\u00fcft ein Afd-Verbot jetzt.\u00ab<\/p>\n<p>Der Kabarettist, Autor und Moderator Florian Schr\u00f6der warnt bei X, vormals Twitter: \u00bbDie AfD ist keine Protestpartei. Sie ist das Ende unserer Freiheit.\u00ab Bei Threads und Instagram mahnte Schr\u00f6der in einer Videobotschaft eindringlich vor den Gefahren, die durch die AfD drohten. Auch etliche andere Prominente meldeten sich nach den Correctiv-Recherchen zu Wort, darunter der Musiker Bela B, die Journalisten Dunja Hayali und Mitri Sirin und der Moderator Fabian Grischkat.<\/p>\n<p>Comedian Kurt Kr\u00f6mer warnte: \u00bbDie schweigende Mehrheit sollte jetzt langsam wach werden, sonst ist bald wieder 1933.\u00ab Sein Beitrag gefiel bei Instagram mehr als 130.000 Menschen. Unter dem Hashtag #schweigendemehrheitwachauffolgten mehrere Nutzer Kr\u00f6mers Beispiel. Sie berichteten von ihren migrantischen Wurzeln und den damit verbundenen Sorgen angesichts der bekannt gewordenen radikalen Abschiebepl\u00e4ne.<\/p>\n<p>Fast 50.000 Likes hat inzwischen ein Beitrag der Autorin und Aktivistin Tupoka Ogette. In ihrem Aufruf \u00bbDear white people\u00ab wendet sie sich an die wei\u00dfe Mehrheitsgesellschaft: \u00bbSeid nicht \u00fcberrascht. Seid ready. Seid ready im wahren Leben. Und zwar abseits von Social Media. &#8230; \u00dcbt zu argumentieren, habt eure Fakten parat, bildet euch. &#8230; F\u00fchrt die schwierigen Gespr\u00e4che.\u00ab<\/p>\n<p>Eine Nutzerin antwortete darauf: \u00bbEs ist an der Zeit, dass wei\u00dfe, privilegierte B\u00fcrger:innen wie ich, die die deutsche Staatsangeh\u00f6rigkeit seit Geburt haben, aufstehen und etwas tun.\u00ab Wie sich im Netz zeigt, sind viele Menschen in diesen Tagen offenbar bereit, \u00f6ffentlich ein Zeichen gegen rechts zu setzen: in dem sie auf die Stra\u00dfe gehen. In mehreren St\u00e4dten haben bereits entsprechende Kundgebungen gegen rechts stattgefunden, weitere stehen bevor.<\/p>\n<p>An diesem Freitag sind f\u00fcr den sp\u00e4ten Nachmittag und fr\u00fchen Abend etwa Kundgebungen jeweils in Berlin und Hamburg geplant. Weitere sollen am Samstag etwa in Duisburg und D\u00fcsseldorf in Nordrhein-Westfalen stattfinden.<\/p>\n<p>Vor dem Bundeskanzleramt in Berlin forderten Demonstranten am Freitagabend die Pr\u00fcfung eines AfD-Verbots. Auch Klimaaktivistin Luisa Neubauer war bei der Demonstration dabei. Auf Transparenten war unter anderem \u00abDemokratie in Gefahr\u00bb und \u00abNie wieder\u00bb zu lesen.<\/p>\n<p>Potsdams Oberb\u00fcrgermeister Mike Schubert (SPD) rief zu einer Kundgebung am Sonntag auf. Anlass sei die Berichterstattung \u00fcber das Treffen in Potsdam, bei dem \u00fcber einen Plan zur massenhaften Vertreibung von Migranten gesprochen worden sei. Die Kundgebung soll um 13 Uhr beginnen.<\/p>\n","protected":false},"excerpt":{"rendered":"<p>190.000 Likes, mehr als 9000 Kommentare: Der Beitrag von Correctiv , wonach sich Rechtsextreme und einflussreiche AfD-Politiker trafen, um \u00fcber radikale Abschiebepl\u00e4ne von Menschen mit migrantischer Herkunft zu beraten, bewegt<\/p>\n","protected":false},"author":1,"featured_media":25902,"comment_status":"open","ping_status":"open","sticky":false,"template":"","format":"standard","meta":{"footnotes":""},"categories":[1],"tags":[],"class_list":["post-25901","post","type-post","status-publish","format-standard","has-post-thumbnail","hentry","category-nachrichten"],"_links":{"self":[{"href":"https:\/\/onlinetranslators.de\/news\/wp-json\/wp\/v2\/posts\/25901","targetHints":{"allow":["GET"]}}],"collection":[{"href":"https:\/\/onlinetranslators.de\/news\/wp-json\/wp\/v2\/posts"}],"about":[{"href":"https:\/\/onlinetranslators.de\/news\/wp-json\/wp\/v2\/types\/post"}],"author":[{"embeddable":true,"href":"https:\/\/onlinetranslators.de\/news\/wp-json\/wp\/v2\/users\/1"}],"replies":[{"embeddable":true,"href":"https:\/\/onlinetranslators.de\/news\/wp-json\/wp\/v2\/comments?post=25901"}],"version-history":[{"count":0,"href":"https:\/\/onlinetranslators.de\/news\/wp-json\/wp\/v2\/posts\/25901\/revisions"}],"wp:featuredmedia":[{"embeddable":true,"href":"https:\/\/onlinetranslators.de\/news\/wp-json\/wp\/v2\/media\/25902"}],"wp:attachment":[{"href":"https:\/\/onlinetranslators.de\/news\/wp-json\/wp\/v2\/media?parent=25901"}],"wp:term":[{"taxonomy":"category","embeddable":true,"href":"https:\/\/onlinetranslators.de\/news\/wp-json\/wp\/v2\/categories?post=25901"},{"taxonomy":"post_tag","embeddable":true,"href":"https:\/\/onlinetranslators.de\/news\/wp-json\/wp\/v2\/tags?post=25901"}],"curies":[{"name":"wp","href":"https:\/\/api.w.org\/{rel}","templated":true}]}}