{"id":25887,"date":"2024-01-12T08:35:54","date_gmt":"2024-01-12T05:35:54","guid":{"rendered":"https:\/\/onlinetranslators.de\/news\/nachrichten\/news-cdu-vorstand-in-klausur-israel-gaza-krieg-vor-gericht-globale-durchschnittstemperatur-2023\/"},"modified":"2024-01-12T08:35:54","modified_gmt":"2024-01-12T05:35:54","slug":"news-cdu-vorstand-in-klausur-israel-gaza-krieg-vor-gericht-globale-durchschnittstemperatur-2023","status":"publish","type":"post","link":"https:\/\/onlinetranslators.de\/news\/nachrichten\/news-cdu-vorstand-in-klausur-israel-gaza-krieg-vor-gericht-globale-durchschnittstemperatur-2023\/","title":{"rendered":"News: CDU-Vorstand in Klausur, Israel-Gaza-Krieg vor Gericht, globale Durchschnittstemperatur 2023"},"content":{"rendered":"<h3>Wellness f\u00fcr die CDU<\/h3>\n<p class=\"caps\">Es l\u00e4uft alles wie geschmiert f\u00fcr die CDU. Sp\u00e4testens seit sich die Ampelkoalition nach dem von der Union angestrengten Haushaltsurteil des Bundesverfassungsgerichts fortgesetzt in Spardebatten verheddert, k\u00f6nnen sich die Konservativen gen\u00fcsslich zur\u00fccklehnen.<\/p>\n<p>Wenn sich der CDU-Bundesvorstand heute zur zweit\u00e4gigen Klausur im Heidelberger Marriott Hotel trifft, spricht wenig dagegen, dass die angereisten Damen und Herren den Konferenzbereich direkt links liegen lassen und stattdessen die Annehmlichkeiten des Hauses genie\u00dfen: Wie w\u00e4r&#039;s mit einer Fu\u00dfreflexzonenmassage in entspannter Atmosph\u00e4re, ein paar Bahnen im Innenpool und danach einem sch\u00f6nen Steak im Restaurant \u00bbGrill 16\u00ab?<\/p>\n<p>Das Ergebnispapier \u00bbHeidelberger Erkl\u00e4rung\u00ab k\u00f6nnte dann nebenbei beim Nachtisch verabschiedet werden, die darin enthaltenen Forderungen sind sowieso <a href=\"https:\/\/www.spiegel.de\/politik\/deutschland\/cdu-entwurf-zur-heidelberger-erklaerung-union-will-mit-drittstaatenloesung-kernkraft-und-schuldenbremse-punkten-a-e299727a-3bc5-410c-babc-b9bfbd4061b9\" rel=\"noreferrer noopener\" target=\"_blank\">bereits bekannt<\/a>: etwa die strenge Begrenzung der Migration, eine m\u00f6gliche R\u00fcckkehr zur Atomkraft, die Beibehaltung der Schuldenbremse, die Abschaffung von Heizungsgesetz und B\u00fcrgergeld in jetziger Form, die R\u00fccknahme der Agrardiesel-Streichung sowie mehr Arbeitslosengeld f\u00fcr langj\u00e4hrig Versicherte.<\/p>\n<p>Die CDU gibt sich regierungsbereit \u2013 was umso leichter f\u00e4llt, als sie wei\u00df, dass die Ampel noch fast zwei Jahre zu rackern hat. Und man dar\u00fcber insgeheim froh sein kann: Neuwahlen mit einer AfD im Umfragehoch? Die w\u00e4ren wohl auch der CDU unangenehm.<\/p>\n<ul>\n<li>\n<p>B\u00fcrgergeld-Debatte: <a href=\"https:\/\/www.spiegel.de\/wirtschaft\/buergergeld-debatte-cdu-will-arbeitslosengeld-anheben-fuer-langjaehrig-versicherte-a-f3c18fb3-6e7b-4789-aa91-7b97d716b701\" rel=\"noreferrer noopener\" target=\"_blank\">CDU will Arbeitslosengeld anheben \u2013 f\u00fcr langj\u00e4hrig Versicherte<\/a><\/p>\n<\/li>\n<\/ul>\n<h3>Nahostkrieg vor dem Internationalen Gerichtshof<\/h3>\n<p>Ist Israels milit\u00e4rische Reaktion auf den Terroranschlag der Hamas angemessen? Rechtfertigen die Ermordung von 1200 Israelis und die Entf\u00fchrung von 240 Menschen, dass der Vergeltungskrieg im Gazastreifen bisher etwa 20.000 Tote gefordert hat, zum Gro\u00dfteil Frauen und Kinder? Wohl niemand, der oder die sich mit den Nachrichten aus dem Nahen Osten besch\u00e4ftigt, hat sich diese Frage noch nicht gestellt.<\/p>\n<p>Vor dem Internationalen Gerichtshof (IGH) in Den Haag wird zurzeit ein ungeheuerlicher Vorwurf verhandelt: Begeht Israel einen Genozid an den Pal\u00e4stinensern? Diese Klage erhebt S\u00fcdafrika. Gestern pr\u00e4sentierte dessen Delegation ihre Argumente.<\/p>\n<p>Meine Kollegin Juliane von Mittelstaedt analysiert, dass es bis zu einem Urteil zwar Jahre dauert, Israel aber schon in diesem Januar durch IGH-Beschluss vorl\u00e4ufig aufgefordert werden k\u00f6nnte, die Kampfhandlungen einzustellen \u2013 mit schwierigen politischen Folgen f\u00fcr das Land und seine Verb\u00fcndeten. Heute wird die israelische Seite vor Gericht sprechen.<\/p>\n<ul>\n<li>\n<p>Israel vor dem Internationalen Gerichtshof: <a href=\"https:\/\/www.spiegel.de\/ausland\/israel-vor-dem-internationalen-gerichtshof-in-den-haag-die-grosse-genozid-frage-a-05018da6-3dc5-4d35-beef-958226695e6c\" rel=\"noreferrer noopener\" target=\"_blank\">Die monstr\u00f6se Genozid-Frage                                       <\/a><\/p>\n<\/li>\n<\/ul>\n<p>Mehr Nachrichten und Hintergr\u00fcnde zum Krieg in Nahost finden Sie hier:<\/p>\n<ul>\n<li>\n<p><strong>USA und Gro\u00dfbritannien greifen mutma\u00dfliche Huthi-Ziele im Jemen an: <\/strong>Die USA und Gro\u00dfbritannien reagieren auf mehrfache Huthi-Angriffe auf Handelsschiffe im Roten Meer. <a href=\"https:\/\/www.spiegel.de\/ausland\/usa-und-grossbritannien-greifen-mutmassliche-huthi-ziele-im-jemen-an-a-62186d87-0f96-41e2-8498-2d3ff0390423\" rel=\"noreferrer noopener\" target=\"_blank\">In einer gemeinsamen Milit\u00e4raktion haben sie mutma\u00dfliche Stellungen der Miliz im Jemen attackiert.<\/a><\/p>\n<\/li>\n<li>\n<p><strong>Warum die Panzerabwehrraketen der Hisbollah Israel so zusetzen: <\/strong>Hisbollah-K\u00e4mpfer schie\u00dfen mit Panzerabwehrwaffen auf israelische Orte und stellen die Armee vor schwere Probleme. Warum versagt die potente Flugabwehr des Landes hier? <a href=\"https:\/\/www.spiegel.de\/wissenschaft\/technik\/israel-warum-die-panzerabwehrraketen-der-hisbollah-dem-land-so-zusetzen-a-24dbd763-6bad-4b0a-b61e-aa411a4508ea\" rel=\"noreferrer noopener\" target=\"_blank\">Und was bezweckt die Miliz mit den Angriffen? <\/a><\/p>\n<\/li>\n<li>\n<p><strong>Geisel-Angeh\u00f6rige rufen mit Lautsprechern Botschaften nach Gaza:<\/strong> Die Geiseln der Terrororganisation Hamas befinden sich seit fast hundert Tagen in Gefangenschaft. Freunde und Familie haben sich an der Grenze zu Gaza zusammengefunden, <a href=\"https:\/\/www.spiegel.de\/ausland\/gaza-geisel-angehoerige-rufen-mit-lautsprechern-botschaften-ueber-grenze-a-45165dca-78fc-4144-832b-5b761a6199d5\" rel=\"noreferrer noopener\" target=\"_blank\">um ihnen Botschaften der Hoffnung zu \u00fcbermitteln.<\/a><\/p>\n<\/li>\n<\/ul>\n<h3>Und nun zum Wetter<\/h3>\n<p>Wir leiden unter dem Bahnstreik (morgen ist er erstmal vorbei!), \u00e4rgern uns \u00fcber die Bauern oder \u00fcber die Bundesregierung, jetzt macht uns auch noch verdammtes Blitzeis zu schaffen \u2013 da ger\u00e4t schon einmal in Vergessenheit, was die Menschheit als Ganzes bedroht: die globale Klimakatastrophe.<\/p>\n<p>Heute informiert die Weltwetterorganisation WMO in Genf \u00fcber die globale Durchschnittstemperatur im Jahr 2023, sie ber\u00fccksichtigt dabei sechs Datens\u00e4tze, darunter des europ\u00e4ischen Klimadienstes Copernicus, von der Nasa und der US-Klimabeh\u00f6rde NOAA. Das wird gewiss keine beruhigende Nachricht. Und w\u00e4re vielleicht ein Anlass, die deutsche Nabelschau kurz zu unterbrechen und sich zu fragen, ob es nicht Wichtigeres zu tun g\u00e4be. Nur ein Vorschlag.<\/p>\n<ul>\n<li>\n<p>Temperaturrekord: <a href=\"https:\/\/www.spiegel.de\/wissenschaft\/natur\/klimawandel-2023-ist-das-waermste-jahr-seit-beginn-der-aufzeichnungen-a-c83d8aae-eee4-4788-8191-b71b74a3dbc1\" rel=\"noreferrer noopener\" target=\"_blank\">2023 ist das w\u00e4rmste Jahr seit Beginn der Aufzeichnungen<\/a><\/p>\n<\/li>\n<\/ul>\n<h3>Hier geht&#039;s zum aktuellen Tagesquiz<\/h3>\n<p>Die Startfrage heute: <a href=\"https:\/\/www.spiegel.de\/panorama\/taegliches-quiz-beim-spiegel-7-fragen-zum-allgemeinwissen-pro-tag-a-8a9692b2-4462-4192-942c-fd7809c7519c\" rel=\"noreferrer noopener\" target=\"_blank\">Welche Stadt war vor Bras\u00edlia die Hauptstadt Brasiliens?<\/a><\/p>\n<h3>Verlierer des Tages\u2026<\/h3>\n<p>\u2026ist Gerhard Schr\u00f6der \u2013 jedenfalls an Kilos. Die aktuelle Gattin des Ex-Kanzlers ver\u00f6ffentlichte <a href=\"https:\/\/www.instagram.com\/p\/C119UkCMItL\/\" rel=\"noreferrer noopener\" target=\"_blank\">auf Instagram ein Foto            <\/a>, das belegt, wie einer aussieht, der \u00fcber viele Wochen morgens Haferflocken und Obst, zur Hauptmahlzeit viel Gem\u00fcse und Fisch, und mutma\u00dflich zu keiner Tageszeit Currywurst verzehrt: erschlankt, aber mit seltsam gro\u00dfen H\u00e4nden.<\/p>\n<h3>Die j\u00fcngsten Meldungen aus der Nacht<\/h3>\n<ul>\n<li>\n<p><strong>Pentagon leitet interne Untersuchungen ein: <\/strong>Anfang Dezember diagnostizierten \u00c4rzte bei US-Verteidigungsminister Austin Prostatakrebs. Pr\u00e4sident Biden erfuhr davon erst in dieser Woche. Das Ministerium will nun seine Abl\u00e4ufe \u00fcberpr\u00fcfen \u2013 <a href=\"https:\/\/www.spiegel.de\/ausland\/lloyd-austin-pentagon-leitet-interne-untersuchungen-ein-a-19f9b97f-dfa5-4dec-b0d8-6c2bd7f8fa88\" rel=\"noreferrer noopener\" target=\"_blank\">wohl auf Druck des Wei\u00dfen Hauses.<\/a><\/p>\n<\/li>\n<li>\n<p><strong>Frankreich hat eine neue Regierung \u2013 St\u00e9phane S\u00e9journ\u00e9 wird Au\u00dfenminister: <\/strong>Gabriel Attal ist seit Dienstag Regierungschef in Frankreich, nun hat der \u00c9lys\u00e9e-Palast sein Kabinett verk\u00fcndet. Es ist m\u00e4nnlicher als das vorherige, <a href=\"https:\/\/www.spiegel.de\/ausland\/frankreich-hat-eine-neue-regierung-stephane-sejourne-wird-aussenminister-a-6f535d8e-e0b9-47b4-b479-01c893ddc44a\" rel=\"noreferrer noopener\" target=\"_blank\">au\u00dferdem finden sich alte Bekannte.<\/a><\/p>\n<\/li>\n<li>\n<p><strong>Ebay zahlt Millionenstrafe nach Einsch\u00fcchterungsversuchen: <\/strong>Sie verschickten Kakerlaken, Schweinemaske und Trauerkranz: Weil Ebay-Mitarbeiter zwei kritische Newsletter-Schreiber tyrannisierten, muss der Konzern drei Millionen Dollar zahlen. <a href=\"https:\/\/www.spiegel.de\/netzwelt\/ebay-zahlt-millionenstrafe-nach-einschuechterungsversuchen-gegen-blogger-a-fe8f5fa4-a421-4e50-bb8e-901e6d8b7d4e\" rel=\"noreferrer noopener\" target=\"_blank\">Und es drohen weitere Konsequenzen.<\/a><\/p>\n<\/li>\n<\/ul>\n<h3>Die SPIEGEL+-Empfehlungen f\u00fcr heute<\/h3>\n<ul>\n<li>\n<p><strong>Ein Ort f\u00fcr Niemanden: <\/strong>Mehr als 200.000 Israelis leben seit Kriegsbeginn in Hotels. Nun plant die Regierung die R\u00fcckkehr einiger Gemeinden im S\u00fcden. Die Bewohner des Nordens warten auf einen Krieg, von dem niemand wei\u00df, <a href=\"https:\/\/www.spiegel.de\/ausland\/israel-gaza-krieg-und-die-binnenfluechtlinge-ein-ort-fuer-niemanden-a-4f5d8ae1-2936-4330-bdbc-47ff9c21ccbd\" rel=\"noreferrer noopener\" target=\"_blank\">ob er kommen wird <\/a>.<\/p>\n<\/li>\n<li>\n<p><strong>Kann man Wasser aus gekauften Flaschen noch trinken?<\/strong> Mikroplastik ist \u00fcberall, im Ozean, in der Luft und in menschlichem Blut. Es gibt aber noch deutlich kleinere Partikel. Forschende haben sie in Wasser gekaufter Flaschen gefunden. Was das <a href=\"https:\/\/www.spiegel.de\/wissenschaft\/medizin\/nanoplastik-nachgewiesen-kann-man-wasser-aus-gekauften-flaschen-noch-trinken-a-bd06776f-ed07-4397-814b-bbd4a1303a7e\" rel=\"noreferrer noopener\" target=\"_blank\">f\u00fcr Mensch und Umwelt bedeutet <\/a>.<\/p>\n<\/li>\n<li>\n<p><strong>Traumj\u00e4ger, R\u00e4tsel, Luxusproblem \u2013 auf diese Spieler sollten Sie achten:<\/strong> Beendet Leverkusen wirklich die Bayern-Dominanz? Kommt der BVB st\u00e4rker aus der Pause? Mit wem wird Bundestrainer Nagelsmann bei der Heim-EM \u00fcberraschen? Antworten darauf k\u00f6nnten von diesen Profis kommen. <a href=\"https:\/\/www.spiegel.de\/sport\/fussball\/fussball-bundesliga-joshua-kimmich-patrik-schick-naby-keita-diese-profis-stehen-ab-jetzt-im-fokus-a-7954cd25-03f7-4bae-86bd-16821e05f75d\" rel=\"noreferrer noopener\" target=\"_blank\">Eine \u00dcbersicht <\/a>.<\/p>\n<\/li>\n<li>\n<p><strong>Einer dieser \u00bbTiefe Gespr\u00e4che\u00ab-M\u00e4nner erz\u00e4hlt mir sofort von seinen sexuellen Vorlieben: <\/strong>Gef\u00fchlt jeder zweite Mann schreibt in sein Dating-Profil, dass er einen Pulli zum Teilen hat und eine Frau sucht, \u00bbdie sich selbst nicht zu ernst nimmt\u00ab. Wann genau ist das erstrebenswert geworden? Eine <a href=\"https:\/\/www.spiegel.de\/partnerschaft\/mitte-30-und-auf-partnersuche-ueber-maenner-die-auf-tiefe-gespraeche-wert-legen-a-e00f1f4a-b2b9-4932-9e00-236381581eaa\" rel=\"noreferrer noopener\" target=\"_blank\">Kolumne von Lia Jacob <\/a>.<\/p>\n<\/li>\n<\/ul>\n<p>Ich w\u00fcnsche Ihnen einen guten Tag ohne Glatteis und Graupelschauer.<\/p>\n<p><em>Ihr <a href=\"https:\/\/www.spiegel.de\/impressum\/autor-4b6b97ed-0001-0003-0000-000000013730\" rel=\"noreferrer noopener\" target=\"_blank\">Stefan Kuzmany<\/a>, Autor der Chefredaktion<\/em><\/p>\n","protected":false},"excerpt":{"rendered":"<p>Wellness f\u00fcr die CDU Es l\u00e4uft alles wie geschmiert f\u00fcr die CDU. Sp\u00e4testens seit sich die Ampelkoalition nach dem von der Union angestrengten Haushaltsurteil des Bundesverfassungsgerichts fortgesetzt in Spardebatten verheddert,<\/p>\n","protected":false},"author":1,"featured_media":25888,"comment_status":"open","ping_status":"open","sticky":false,"template":"","format":"standard","meta":{"footnotes":""},"categories":[1],"tags":[],"class_list":["post-25887","post","type-post","status-publish","format-standard","has-post-thumbnail","hentry","category-nachrichten"],"_links":{"self":[{"href":"https:\/\/onlinetranslators.de\/news\/wp-json\/wp\/v2\/posts\/25887","targetHints":{"allow":["GET"]}}],"collection":[{"href":"https:\/\/onlinetranslators.de\/news\/wp-json\/wp\/v2\/posts"}],"about":[{"href":"https:\/\/onlinetranslators.de\/news\/wp-json\/wp\/v2\/types\/post"}],"author":[{"embeddable":true,"href":"https:\/\/onlinetranslators.de\/news\/wp-json\/wp\/v2\/users\/1"}],"replies":[{"embeddable":true,"href":"https:\/\/onlinetranslators.de\/news\/wp-json\/wp\/v2\/comments?post=25887"}],"version-history":[{"count":0,"href":"https:\/\/onlinetranslators.de\/news\/wp-json\/wp\/v2\/posts\/25887\/revisions"}],"wp:featuredmedia":[{"embeddable":true,"href":"https:\/\/onlinetranslators.de\/news\/wp-json\/wp\/v2\/media\/25888"}],"wp:attachment":[{"href":"https:\/\/onlinetranslators.de\/news\/wp-json\/wp\/v2\/media?parent=25887"}],"wp:term":[{"taxonomy":"category","embeddable":true,"href":"https:\/\/onlinetranslators.de\/news\/wp-json\/wp\/v2\/categories?post=25887"},{"taxonomy":"post_tag","embeddable":true,"href":"https:\/\/onlinetranslators.de\/news\/wp-json\/wp\/v2\/tags?post=25887"}],"curies":[{"name":"wp","href":"https:\/\/api.w.org\/{rel}","templated":true}]}}