{"id":25875,"date":"2024-01-11T19:56:22","date_gmt":"2024-01-11T16:56:22","guid":{"rendered":"https:\/\/onlinetranslators.de\/news\/nachrichten\/afd-migrationsplane-und-ulrich-siegmund-der-privatmann-beim-deportationsgipfel\/"},"modified":"2024-01-11T19:56:22","modified_gmt":"2024-01-11T16:56:22","slug":"afd-migrationsplane-und-ulrich-siegmund-der-privatmann-beim-deportationsgipfel","status":"publish","type":"post","link":"https:\/\/onlinetranslators.de\/news\/nachrichten\/afd-migrationsplane-und-ulrich-siegmund-der-privatmann-beim-deportationsgipfel\/","title":{"rendered":"AfD-Migrationspl\u00e4ne und Ulrich Siegmund: Der \u00bbPrivatmann\u00ab beim Deportationsgipfel"},"content":{"rendered":"<p class=\"caps\">Die AfD in Sachsen-Anhalt gilt als \u00bbgesichert rechtsextremistisch\u00ab. Ihr Fraktionschef Ulrich Siegmund will nur \u00bbprivat\u00ab an dem Treffen teilgenommen haben, bei dem Abschiebepl\u00e4ne f\u00fcr Deutsche mit Migrationshintergrund er\u00f6rtert worden sein sollen. Kommt jetzt doch ein Verbot der Partei?<\/p>\n","protected":false},"excerpt":{"rendered":"<p>Die AfD in Sachsen-Anhalt gilt als \u00bbgesichert rechtsextremistisch\u00ab. Ihr Fraktionschef Ulrich Siegmund will nur \u00bbprivat\u00ab an dem Treffen teilgenommen haben, bei dem Abschiebepl\u00e4ne f\u00fcr Deutsche mit Migrationshintergrund er\u00f6rtert worden sein<\/p>\n","protected":false},"author":1,"featured_media":25876,"comment_status":"open","ping_status":"open","sticky":false,"template":"","format":"standard","meta":{"footnotes":""},"categories":[1],"tags":[],"class_list":["post-25875","post","type-post","status-publish","format-standard","has-post-thumbnail","hentry","category-nachrichten"],"_links":{"self":[{"href":"https:\/\/onlinetranslators.de\/news\/wp-json\/wp\/v2\/posts\/25875","targetHints":{"allow":["GET"]}}],"collection":[{"href":"https:\/\/onlinetranslators.de\/news\/wp-json\/wp\/v2\/posts"}],"about":[{"href":"https:\/\/onlinetranslators.de\/news\/wp-json\/wp\/v2\/types\/post"}],"author":[{"embeddable":true,"href":"https:\/\/onlinetranslators.de\/news\/wp-json\/wp\/v2\/users\/1"}],"replies":[{"embeddable":true,"href":"https:\/\/onlinetranslators.de\/news\/wp-json\/wp\/v2\/comments?post=25875"}],"version-history":[{"count":0,"href":"https:\/\/onlinetranslators.de\/news\/wp-json\/wp\/v2\/posts\/25875\/revisions"}],"wp:featuredmedia":[{"embeddable":true,"href":"https:\/\/onlinetranslators.de\/news\/wp-json\/wp\/v2\/media\/25876"}],"wp:attachment":[{"href":"https:\/\/onlinetranslators.de\/news\/wp-json\/wp\/v2\/media?parent=25875"}],"wp:term":[{"taxonomy":"category","embeddable":true,"href":"https:\/\/onlinetranslators.de\/news\/wp-json\/wp\/v2\/categories?post=25875"},{"taxonomy":"post_tag","embeddable":true,"href":"https:\/\/onlinetranslators.de\/news\/wp-json\/wp\/v2\/tags?post=25875"}],"curies":[{"name":"wp","href":"https:\/\/api.w.org\/{rel}","templated":true}]}}