{"id":25861,"date":"2024-01-11T05:25:57","date_gmt":"2024-01-11T02:25:57","guid":{"rendered":"https:\/\/onlinetranslators.de\/news\/nachrichten\/wehrpflicht-spd-lars-klingbeil-will-keine-wiedereinfuhrung\/"},"modified":"2024-01-11T05:25:57","modified_gmt":"2024-01-11T02:25:57","slug":"wehrpflicht-spd-lars-klingbeil-will-keine-wiedereinfuhrung","status":"publish","type":"post","link":"https:\/\/onlinetranslators.de\/news\/nachrichten\/wehrpflicht-spd-lars-klingbeil-will-keine-wiedereinfuhrung\/","title":{"rendered":"Wehrpflicht \u2013 SPD: Lars Klingbeil will keine Wiedereinf\u00fchrung"},"content":{"rendered":"<p class=\"caps\">Seit Beginn des <a href=\"https:\/\/www.spiegel.de\/thema\/ukraine_konflikt\/\" rel=\"noreferrer noopener\" target=\"_blank\">Ukrainekriegs<\/a> wird in <a href=\"https:\/\/www.spiegel.de\/thema\/deutschland\/\" rel=\"noreferrer noopener\" target=\"_blank\">Deutschland<\/a> vermehrt \u00fcber eine Wiedereinf\u00fchrung <a href=\"https:\/\/www.spiegel.de\/politik\/deutschland\/bundeswehr-marie-agnes-strack-zimmermann-lehnt-neue-wehrpflicht-debatte-ab-a-454649ae-648f-402b-bc63-e953c0e9d59a\" rel=\"noreferrer noopener\" target=\"_blank\">der Wehrpflicht diskutiert<\/a>. Eine einheitliche Meinung dazu gibt es offenbar nicht einmal in der <a href=\"https:\/\/www.spiegel.de\/thema\/spd\/\" rel=\"noreferrer noopener\" target=\"_blank\">SPD<\/a>. Nachdem Bundesverteidigungsminister <a href=\"https:\/\/www.spiegel.de\/thema\/boris-pistorius\/\" rel=\"noreferrer noopener\" target=\"_blank\">Boris Pistorius<\/a> sie selbst ins Spiel gebracht hatte, hat sich Parteichef <a href=\"https:\/\/www.spiegel.de\/thema\/lars_klingbeil\/\" rel=\"noreferrer noopener\" target=\"_blank\">Lars Klingbeil<\/a> nun kritisch dazu ge\u00e4u\u00dfert.<\/p>\n<p>\u00bbIch halte pers\u00f6nlich aber nichts von einer Wiedereinf\u00fchrung der <a href=\"https:\/\/www.spiegel.de\/thema\/wehrpflicht\/\" rel=\"noreferrer noopener\" target=\"_blank\">Wehrpflicht<\/a>, weil ich finde, dass ein Zwangsdienst nicht zeitgem\u00e4\u00df ist\u00ab, sagte Klingbeil der \u00bbRheinischen Post\u00ab laut Vorabmeldung. Er begr\u00fc\u00dfe jedoch das Bem\u00fchen von Pistorius, die <a href=\"https:\/\/www.spiegel.de\/thema\/bundeswehr\/\" rel=\"noreferrer noopener\" target=\"_blank\">Bundeswehr<\/a> als Arbeitgeber attraktiver zu machen, um Nachwuchskr\u00e4fte anzuwerben.<\/p>\n<p>Laut Klingbeil m\u00fcssten Freiwilligendienste gest\u00e4rkt werden. Jeder junge Mensch solle einmal in seinem Leben mit der Frage konfrontiert werden, ob er oder sie einen Dienst f\u00fcr unser Land leisten m\u00f6chte, sagte Klingbeil. Daf\u00fcr sei es jedoch egal, ob nun in der Bundeswehr oder im sozialen Bereich.<\/p>\n<p>Die Pflicht zum Wehrdienst war in Deutschland im Jahr 2011 nach 55 Jahren ausgesetzt worden. Pistorius hatte das kurz nach seinem Amtsantritt als Fehler bezeichnet, den man aber nicht im Handumdrehen korrigieren k\u00f6nne. Er will die Truppe bis 2031 auf 203.000 Menschen aufstocken, dabei fehlen der Bundeswehr schon Soldatinnen und Soldaten, um ihre derzeitige St\u00e4rke von 183.000 Menschen <a href=\"https:\/\/www.spiegel.de\/politik\/bundeswehr-wehrbeauftragte-eva-hoegl-hegt-zweifel-am-rekruten-ziel-a-9a9e28c7-bf3d-4638-be3b-fec8a287ffd7\" rel=\"noreferrer noopener\" target=\"_blank\">halten zu k\u00f6nnen<\/a>.<\/p>\n<h3>Keine Kasernen, keine Personaldecke<\/h3>\n<p>Vor Klingbeil hatte jedoch bereits Bundeskanzler <a href=\"https:\/\/www.spiegel.de\/thema\/olaf_scholz\/\" rel=\"noreferrer noopener\" target=\"_blank\">Olaf Scholz<\/a> (SPD) einer R\u00fcckkehr zur Wehrpflicht eine Absage erteilt. Kritisch \u00e4u\u00dferte sich auch die <a href=\"https:\/\/www.spiegel.de\/thema\/fdp\/\" rel=\"noreferrer noopener\" target=\"_blank\">FDP<\/a>-Verteidigungspolitikerin Marie-Agnes Strack-Zimmermann, die dem SPIEGEL unl\u00e4ngst sagte: \u00bbWir haben keine Kasernen daf\u00fcr, keine ausreichende Personaldecke f\u00fcr die Ausbildung und haben weitere Ressourcen f\u00fcr die Wehrpflicht l\u00e4ngst abgebaut.\u00ab<\/p>\n<p>Wegen der Ablehnung auch innerhalb der Partei hatte Pistorius im Dezember bereits ein in <a href=\"https:\/\/www.spiegel.de\/thema\/schweden\/\" rel=\"noreferrer noopener\" target=\"_blank\">Schweden<\/a> praktiziertes Modell <a href=\"https:\/\/www.spiegel.de\/politik\/deutschland\/bundeswehr-boris-pistorius-bringt-schwedisches-wehrpflichtmodell-ins-spiel-a-9b009beb-6b07-4401-b761-b040510cab55\" rel=\"noreferrer noopener\" target=\"_blank\">ins Spiel gebracht<\/a>. \u00bbDort werden alle jungen Frauen und M\u00e4nner gemustert, und nur ein ausgew\u00e4hlter Teil von ihnen leistet am Ende den Grundwehrdienst. Ob so etwas auch bei uns denkbar w\u00e4re, ist Teil dieser \u00dcberlegungen\u00ab, hatte Pistorius der \u00bbWelt am Sonntag\u00ab gesagt.<\/p>\n","protected":false},"excerpt":{"rendered":"<p>Seit Beginn des Ukrainekriegs wird in Deutschland vermehrt \u00fcber eine Wiedereinf\u00fchrung der Wehrpflicht diskutiert. Eine einheitliche Meinung dazu gibt es offenbar nicht einmal in der SPD. Nachdem Bundesverteidigungsminister Boris Pistorius<\/p>\n","protected":false},"author":1,"featured_media":25862,"comment_status":"open","ping_status":"open","sticky":false,"template":"","format":"standard","meta":{"footnotes":""},"categories":[1],"tags":[],"class_list":["post-25861","post","type-post","status-publish","format-standard","has-post-thumbnail","hentry","category-nachrichten"],"_links":{"self":[{"href":"https:\/\/onlinetranslators.de\/news\/wp-json\/wp\/v2\/posts\/25861","targetHints":{"allow":["GET"]}}],"collection":[{"href":"https:\/\/onlinetranslators.de\/news\/wp-json\/wp\/v2\/posts"}],"about":[{"href":"https:\/\/onlinetranslators.de\/news\/wp-json\/wp\/v2\/types\/post"}],"author":[{"embeddable":true,"href":"https:\/\/onlinetranslators.de\/news\/wp-json\/wp\/v2\/users\/1"}],"replies":[{"embeddable":true,"href":"https:\/\/onlinetranslators.de\/news\/wp-json\/wp\/v2\/comments?post=25861"}],"version-history":[{"count":0,"href":"https:\/\/onlinetranslators.de\/news\/wp-json\/wp\/v2\/posts\/25861\/revisions"}],"wp:featuredmedia":[{"embeddable":true,"href":"https:\/\/onlinetranslators.de\/news\/wp-json\/wp\/v2\/media\/25862"}],"wp:attachment":[{"href":"https:\/\/onlinetranslators.de\/news\/wp-json\/wp\/v2\/media?parent=25861"}],"wp:term":[{"taxonomy":"category","embeddable":true,"href":"https:\/\/onlinetranslators.de\/news\/wp-json\/wp\/v2\/categories?post=25861"},{"taxonomy":"post_tag","embeddable":true,"href":"https:\/\/onlinetranslators.de\/news\/wp-json\/wp\/v2\/tags?post=25861"}],"curies":[{"name":"wp","href":"https:\/\/api.w.org\/{rel}","templated":true}]}}