{"id":2586,"date":"2020-09-16T17:51:07","date_gmt":"2020-09-16T14:51:07","guid":{"rendered":"http:\/\/onlinetranslators.de\/news\/nachrichten\/rechtsextreme-chatgruppe-bundesinnenministerium-spricht-von-schande-fur-die-polizei-in-nrw\/"},"modified":"2020-09-16T17:51:07","modified_gmt":"2020-09-16T14:51:07","slug":"rechtsextreme-chatgruppe-bundesinnenministerium-spricht-von-schande-fur-die-polizei-in-nrw","status":"publish","type":"post","link":"https:\/\/onlinetranslators.de\/news\/nachrichten\/rechtsextreme-chatgruppe-bundesinnenministerium-spricht-von-schande-fur-die-polizei-in-nrw\/","title":{"rendered":"Rechtsextreme Chatgruppe: Bundesinnenministerium spricht von &#8220;Schande&#8221; f\u00fcr die Polizei in NRW"},"content":{"rendered":"<figure>     <img decoding=\"async\" src=\"https:\/\/cdn.prod.www.spiegel.de\/images\/40f7372e-9df5-4733-acd5-45caf3ba1ba1_w948_r1.77_fpx53_fpy48.jpg\" title=\"Bundesinnenminister Horst Seehofer\" alt=\"Bundesinnenminister Horst Seehofer\"\/>      Icon: vergr\u00f6\u00dfern<figcaption>\n<p>Bundesinnenminister Horst Seehofer<\/p>\n<p>  Foto:\u2002<\/p>\n<p>Michael Kappeler \/ dpa<\/p>\n<\/figcaption><\/figure>\n<p>Ein Skandal ersch\u00fcttert die Polizei in Nordrhein-Westfalen: Polizisten aus dem Pr\u00e4sidium in Essen sollen nach SPIEGEL-Informationen \u00fcber einen Messenger extrem rechte Nachrichten verbreitet haben. Der Verdacht richtet sich wohl gegen eine gesamte Dienstgruppe der Schutzpolizei in M\u00fclheim an der Ruhr, die zum Pr\u00e4sidium in Essen geh\u00f6rt.<\/p>\n<p>Das <strong>Bundesinnenministerium<\/strong> zeigte sich schockiert. Die Berichte seien &quot;in h\u00f6chstem Ma\u00dfe alarmierend&quot;, sagte ein Sprecher von Bundesinnenminister Horst Seehofer (CSU). Wenn das stimme, sei es eine &quot;Schande&quot; f\u00fcr die Polizei in Nordrhein-Westfalen. Es sei auch &quot;ein Schlag ins Gesicht&quot; aller Polizisten, die in gro\u00dfer Loyalit\u00e4t zur demokratischen Grundordnung st\u00fcnden. Der Fall belege aber auch, dass die Sicherheitsbeh\u00f6rden allen Hinweisen mit Konsequenz nachgingen. Es werde nicht nur geredet, sondern auch gehandelt.<\/p>\n<p>In den Chatgruppen wurde nach Angaben von <strong>Landesinnenminister Herbert Reul<\/strong> (CDU) &quot;\u00fcbelste und widerw\u00e4rtigste Hetze&quot; betrieben, die Vorw\u00fcrfe tr\u00e4fen &quot;diese Polizei bis ins Mark&quot;. Er setzte einen eigenen Sonderbeauftragten ein, der nun unter anderem ein Lagebild \u00fcber Rechtsextremismus in der Polizei erstellen soll.<\/p>\n<p>Der <strong>Essener Polizeipr\u00e4sident<\/strong> Frank Richter \u00e4u\u00dferte sich &quot;zutiefst best\u00fcrzt \u00fcber das unentschuldbare Fehlverhalten&quot; der Beamten. Er k\u00f6nne &quot;nur mit aller Deutlichkeit sagen, dass im Polizeipr\u00e4sidium Essen kein Platz f\u00fcr Personen ist, die sich mit solchen rechten Inhalten identifizieren&quot;, erkl\u00e4rte Richter. &quot;Wer Dienstgeheimnisse verr\u00e4t und oder rechtes Gedankengut verbreitet, hat in der Polizei nichts zu suchen.&quot;<\/p>\n<p>Auch die <strong>Gewerkschaft der Polizei<\/strong> (GdP) \u00e4u\u00dferte sich entsetzt \u00fcber die Vorg\u00e4nge. &quot;Die Bek\u00e4mpfung des Rechtsextremismus geh\u00f6rt zur DNA der Polizei&quot;, sagte der nordrhein-westf\u00e4lische GdP-Vize Michael Maatz. Dass es Beamte gebe, &quot;die in Chatgruppen rechtsradikale, fremdenfeindliche Inhalte teilen, ist unertr\u00e4glich&quot;.<\/p>\n<p>Der<strong> FDP<\/strong>-Obmann im Innenausschuss des Bundestags, Benjamin Strasser, sagte, angesichts des neuen Falls werde &quot;ein Lagebild \u00fcber Rechtsextremismus in den Sicherheitsbeh\u00f6rden immer dringender&quot;. &quot;Immer wieder wurde die Ver\u00f6ffentlichung des Berichts versprochen und dann doch verschoben&quot;, kritisierte Strasser. Erst im Sommer habe Seehofer den Bericht f\u00fcr diesen Monat angek\u00fcndigt. &quot;Eine weitere Verschiebung w\u00e4re nicht akzeptabel.&quot;<\/p>\n<p>Auch die <strong>Gr\u00fcnen<\/strong>-Innenexpertin Irene Mihalic zeigte sich alarmiert. Es m\u00fcsse nun &quot;schnell gekl\u00e4rt werden, ob dieses Netzwerk strategisch gehandelt hat und auch l\u00e4nder\u00fcbergreifend agiert hat&quot;. &quot;Au\u00dferdem ist zu kl\u00e4ren, auf welche Daten von B\u00fcrgerinnen und B\u00fcrgern die Chatteilnehmer Zugriff genommen haben, um sie gegebenenfalls f\u00fcr ihre Zwecke zu nutzen&quot;, erkl\u00e4rte Mihalic. &quot;Dieser Skandal muss restlos aufgekl\u00e4rt werden.&quot;<\/p>\n<p>   Icon: Der Spiegel<\/p>\n","protected":false},"excerpt":{"rendered":"<p>Icon: vergr\u00f6\u00dfern Bundesinnenminister Horst Seehofer Foto:\u2002 Michael Kappeler \/ dpa Ein Skandal ersch\u00fcttert die Polizei in Nordrhein-Westfalen: Polizisten aus dem Pr\u00e4sidium in Essen sollen nach SPIEGEL-Informationen \u00fcber einen Messenger extrem rechte Nachrichten verbreitet haben. Der Verdacht richtet sich wohl gegen eine gesamte Dienstgruppe der Schutzpolizei in M\u00fclheim an der Ruhr, die zum Pr\u00e4sidium in Essen [&hellip;]<\/p>\n","protected":false},"author":1,"featured_media":2587,"comment_status":"open","ping_status":"open","sticky":false,"template":"","format":"standard","meta":{"footnotes":""},"categories":[1],"tags":[],"class_list":["post-2586","post","type-post","status-publish","format-standard","has-post-thumbnail","category-nachrichten"],"_links":{"self":[{"href":"https:\/\/onlinetranslators.de\/news\/wp-json\/wp\/v2\/posts\/2586","targetHints":{"allow":["GET"]}}],"collection":[{"href":"https:\/\/onlinetranslators.de\/news\/wp-json\/wp\/v2\/posts"}],"about":[{"href":"https:\/\/onlinetranslators.de\/news\/wp-json\/wp\/v2\/types\/post"}],"author":[{"embeddable":true,"href":"https:\/\/onlinetranslators.de\/news\/wp-json\/wp\/v2\/users\/1"}],"replies":[{"embeddable":true,"href":"https:\/\/onlinetranslators.de\/news\/wp-json\/wp\/v2\/comments?post=2586"}],"version-history":[{"count":0,"href":"https:\/\/onlinetranslators.de\/news\/wp-json\/wp\/v2\/posts\/2586\/revisions"}],"wp:featuredmedia":[{"embeddable":true,"href":"https:\/\/onlinetranslators.de\/news\/wp-json\/wp\/v2\/media\/2587"}],"wp:attachment":[{"href":"https:\/\/onlinetranslators.de\/news\/wp-json\/wp\/v2\/media?parent=2586"}],"wp:term":[{"taxonomy":"category","embeddable":true,"href":"https:\/\/onlinetranslators.de\/news\/wp-json\/wp\/v2\/categories?post=2586"},{"taxonomy":"post_tag","embeddable":true,"href":"https:\/\/onlinetranslators.de\/news\/wp-json\/wp\/v2\/tags?post=2586"}],"curies":[{"name":"wp","href":"https:\/\/api.w.org\/{rel}","templated":true}]}}