{"id":25851,"date":"2024-01-10T18:56:46","date_gmt":"2024-01-10T15:56:46","guid":{"rendered":"https:\/\/onlinetranslators.de\/news\/nachrichten\/correctiv-recherchen-afd-politiker-diskutierten-mit-rechtsextremen-masterplan-zur-vertreibung-von-millionen-menschen\/"},"modified":"2024-01-10T18:56:46","modified_gmt":"2024-01-10T15:56:46","slug":"correctiv-recherchen-afd-politiker-diskutierten-mit-rechtsextremen-masterplan-zur-vertreibung-von-millionen-menschen","status":"publish","type":"post","link":"https:\/\/onlinetranslators.de\/news\/nachrichten\/correctiv-recherchen-afd-politiker-diskutierten-mit-rechtsextremen-masterplan-zur-vertreibung-von-millionen-menschen\/","title":{"rendered":"\u00bbCorrectiv\u00ab-Recherchen: AfD-Politiker diskutierten mit Rechtsextremen \u00bbMasterplan\u00ab zur Vertreibung von Millionen Menschen"},"content":{"rendered":"<p class=\"caps\">Bei einem Treffen Ende November in einem Hotel in Potsdam sollen einflussreiche AfD-Politiker und -Politikerinnen gemeinsam mit anderen Rechtsextremen und Vertretern von Rechtsau\u00dfen beraten haben, wie sie Menschen mit Migrationshintergrund massenhaft aus Deutschland abschieben oder verdr\u00e4ngen k\u00f6nnen. Auch, wenn diese deutsche Staatsb\u00fcrger sind.<\/p>\n<p>Das zeigt eine <a href=\"https:\/\/correctiv.org\/aktuelles\/neue-rechte\/2024\/01\/10\/geheimplan-remigration-vertreibung-afd-rechtsextreme-november-treffen\/\" rel=\"noreferrer noopener\" target=\"_blank\">Recherche von Correctiv            <\/a>, die am Mittwoch ver\u00f6ffentlicht wurde, inklusive Fotos der Teilnehmer. Die Umweltorganisation Greenpeace hat Correctiv zudem Dokumente zur Verf\u00fcgung gestellt.<\/p>\n<p>Zu dem Treffen wurde offenbar nur via Brief eingeladen, um keine digitalen Spuren zu hinterlassen. Anwesend war den Recherchen zufolge etwa <a href=\"https:\/\/www.spiegel.de\/thema\/roland-hartwig\/\" rel=\"noreferrer noopener\" target=\"_blank\">Roland Hartwig<\/a>. Er war lange Leiter der AG Verfassungsschutz der AfD, sa\u00df f\u00fcr die Partei im Bundestag und ist aktuell pers\u00f6nlicher Referent von AfD-Chefin <a href=\"https:\/\/www.spiegel.de\/thema\/alice_weidel\/\" rel=\"noreferrer noopener\" target=\"_blank\">Alice Weidel<\/a>.<\/p>\n<h3>\u00bbMasterplan\u00ab zur \u00bbRemigration\u00ab<\/h3>\n<p>Auch der AfD-Fraktionsvorsitzende aus Sachsen-Anhalt, Ulrich Siegmund, nahm demnach teil, genau wie die AfD-Bundestagsabgeordnete Gerrit Huy und der Potsdamer AfD-Vize Tim Krause. Und Ulrich Vosgerau, der die AfD gern mal vor Gericht vertritt und bei der AfD-nahen Desiderius-Erasmus-Stiftung wirkt.<\/p>\n<p>Au\u00dferdem waren Aktivisten der rechtsextremen \u00bbIdentit\u00e4ren Bewegung\u00ab (IB) vor Ort: Neben Mario M\u00fcller, einem vorbestraften gewaltt\u00e4tigen Neonazi, der inzwischen f\u00fcr den AfD-Bundestagsabgeordneten Jan Wenzel Schmidt arbeitet, war Martin Sellner zugegen.<\/p>\n<p>Sellner gilt als der bekannteste Kopf der IB und trug laut den Recherchen in der Runde einen \u00bbMasterplan\u00ab zur \u00bbRemigration\u00ab vor, wie es der Veranstalter nannte. Dabei sei es um die millionenfache Ausb\u00fcrgerung, Abschiebung oder Verdr\u00e4ngung von Migrantinnen und Migranten gegangen, auch Deutsche mit Migrationshintergrund sollen demnach Deutschland verlassen m\u00fcssen.<\/p>\n<p>Kritik an dem Plan habe es nicht gegeben, schreibt Correctiv. Im Gegenteil, Weidel-Referent Hartwig bekannte bei dem Treffen laut der Recherche, \u00bbgerade mit gro\u00dfer Freude\u00ab ein Buch Sellners zu lesen.<\/p>\n<p>Siegmund habe gesagt, man m\u00fcsse in Sachsen-Anhalt daf\u00fcr sorgen, dass es \u00bbf\u00fcr dieses Klientel m\u00f6glichst unattraktiv zu leben\u00ab werde, gemeint sind Menschen mit Migrationshintergrund, die nicht einfach abgeschoben werden k\u00f6nnten. Huy, die innerhalb der AfD lange als \u00bbgem\u00e4\u00dfigt\u00ab galt, habe gesagt, sie habe schon vor sieben Jahren \u00bbein Remigrationskonzept\u00ab mit in die AfD gebracht.<\/p>\n<h3>Mitglieder der \u00bbWerteunion\u00ab vor Ort<\/h3>\n<p>In der Runde habe man gar gemeinsam diskutiert, wie ein solches Konzept in die Tat umgesetzt werden kann, sollte die AfD in Regierungsverantwortung gelangen, so Correctiv.<\/p>\n<p>Dabei ging es etwa auch um einen \u00bbMusterstaat\u00ab in Nordafrika, in den man bis zu zwei Millionen Menschen \u00bbhinbewegen\u00ab k\u00f6nne, soll Sellner gesagt haben. Auch Menschen, die sich hierzulande f\u00fcr Gefl\u00fcchtete einsetzen w\u00fcrden, k\u00f6nnten dorthin.<\/p>\n<p>An dem Treffen teilgenommen haben nach den Recherchen auch Mitglieder der \u00bbWerteunion\u00ab, jenem Verein, in dem sich Rechtsau\u00dfenkr\u00e4fte von CDU und CSU unter dem Vorsitz des ehemaligen Verfassungsschutzpr\u00e4sidenten Hans-Georg Maa\u00dfen vernetzen \u2013 und <a href=\"https:\/\/www.spiegel.de\/politik\/deutschland\/wem-die-werteunion-gefaehrlich-werden-koennte-a-4cbf89a5-f263-420e-9ade-fc917d51b338\" rel=\"noreferrer noopener\" target=\"_blank\">die nun eine Partei gr\u00fcnden wollen<\/a>. Auch Silke Schr\u00f6der, Vorstandsmitglied des Vereins Deutsche Sprache, der gegen gendergerechte Sprache k\u00e4mpft, war anwesend.<\/p>\n<h3>Mitgesellschafter von \u00bbHans im Gl\u00fcck\u00ab soll eingeladen haben<\/h3>\n<p>Eingeladen in das Hotel in Potsdam hat laut Correctiv unter anderem Hans-Christian Limmer, der ehemalige Mitbesitzer der B\u00e4ckereikette \u00bbBackwerk\u00ab, der heute mittelbar an der Burger-Kette \u00bbHans im Gl\u00fcck\u00ab beteiligt ist. Limmer, der bei dem Treffen selbst nicht anwesend war, erkl\u00e4rte, er sei an der Planung nicht beteiligt gewesen.<\/p>\n<p>Am Mittwochnachmittag teilte \u00bbHans im Gl\u00fcck\u00ab mit, dass man sich von Limmer als Mitgesellschafter \u00bbmit sofortiger Wirkung\u00ab trenne. Man sei \u00bbzutiefst schockiert \u00fcber diese Vorw\u00fcrfe\u00ab und distanziere sich \u00bbklar von rechtsextremen Ansichten, sie stellen das genaue Gegenteil unserer Grundwerte dar\u00ab. Limmer habe sich ebenso von den dort erhobenen Forderungen distanziert und von sich aus angeboten, seine Gesellschafterstellung aufzugeben.<\/p>\n<p>Auch der Salat-Lieferservice \u00bbPottsalat\u00ab distanzierte sich und teilte mit, \u00bbum weiteren Schaden von der Firma abzuwenden\u00ab, habe Limmer heute erkl\u00e4rt, \u00bbsich als Gesellschafter aus dem Unternehmen zur\u00fcckzuziehen\u00ab.<\/p>\n<p>Der andere Einladende war den Recherchen zufolge Gernot M\u00f6rig, ein ehemaliger Zahnarzt aus D\u00fcsseldorf, der sich schon Jahrzehnte in der rechtsextremen Szene engagiert. Der best\u00e4tigt das Treffen gegen\u00fcber Correctiv, distanziert sich aber insoweit, als er die Aussagen Sellners \u00bbanders in Erinnerung\u00ab habe.<\/p>\n<p>Wenn er sie wahrgenommen h\u00e4tte, w\u00e4ren sie \u00bbnicht ohne Widerspruch von mir geblieben\u00ab \u2013 insbesondere im Hinblick auf die Ungleichbehandlung deutscher Staatsb\u00fcrger. Auch will er der \u00bballeinige Veranstalter\u00ab gewesen sein.<\/p>\n<p>M\u00f6rig und Limmer waren f\u00fcr Anfragen des SPIEGEL zun\u00e4chst nicht erreichbar.<\/p>\n<p>Gegen\u00fcber dem Medium sagte AfD-Funktion\u00e4r Siegmund, er sei als \u00bbPrivatperson\u00ab bei dem Treffen gewesen und wolle Menschen nicht gesetzeswidrig ausweisen. Die AfD-Politiker Hartwig und Huy antworteten nicht auf die Anfrage von Correctiv.<\/p>\n<p>Am Mittwochvormittag \u00e4u\u00dferte sich die AfD. Es habe sich nicht um ein Parteitreffen gehandelt. Und: \u00bbDie AfD wird ihre Haltung zur Einwanderungspolitik (\u2026) nicht wegen einer Einzelmeinung eines Vortragenden auf einem Treffen, das kein AfD-Termin war, ab\u00e4ndern\u00ab, teilte ein Sprecher mit.<\/p>\n<p>Weidel-Referent Hartwig nimmt der Sprecher in Schutz, er habe nur ein Social-Media-Projekt vorgestellt: \u00bbWeder hat er dort politische Strategien erarbeitet noch hat er Ideen eines Herrn Sellner zur Migrationspolitik, von dessen Erscheinen er im Vorfeld keine Kenntnis hatte, in die Partei getragen\u00ab, hie\u00df es weiter.<\/p>\n<p>Am Mittwochnachmittag \u00e4u\u00dferte sich Martin Sellner \u00fcber seinen Telegram-Kanal zu der Recherche, machte sich \u00fcber den Bericht lustig. \u00bbBesonders bizarr\u00ab sei, dass bei der Recherche \u00bbgar nichts rausgekommen ist und aus einer Fliege ein Elefant gemacht wird\u00ab, sagte er. Die AfD habe doch bereits einen \u00bbTag der Remigration\u00ab gefordert, er spreche auch schon l\u00e4nger dar\u00fcber, so Sellner. Au\u00dferdem k\u00f6nne von einem \u00bbgeheimen Treffen\u00ab keine Rede sein, er sei einfach zu einem \u00bbinternen und privaten Vortragsabend\u00ab eingeladen worden, wie es h\u00e4ufig vork\u00e4me.<\/p>\n","protected":false},"excerpt":{"rendered":"<p>Bei einem Treffen Ende November in einem Hotel in Potsdam sollen einflussreiche AfD-Politiker und -Politikerinnen gemeinsam mit anderen Rechtsextremen und Vertretern von Rechtsau\u00dfen beraten haben, wie sie Menschen mit Migrationshintergrund<\/p>\n","protected":false},"author":1,"featured_media":25852,"comment_status":"open","ping_status":"open","sticky":false,"template":"","format":"standard","meta":{"footnotes":""},"categories":[1],"tags":[],"class_list":["post-25851","post","type-post","status-publish","format-standard","has-post-thumbnail","hentry","category-nachrichten"],"_links":{"self":[{"href":"https:\/\/onlinetranslators.de\/news\/wp-json\/wp\/v2\/posts\/25851","targetHints":{"allow":["GET"]}}],"collection":[{"href":"https:\/\/onlinetranslators.de\/news\/wp-json\/wp\/v2\/posts"}],"about":[{"href":"https:\/\/onlinetranslators.de\/news\/wp-json\/wp\/v2\/types\/post"}],"author":[{"embeddable":true,"href":"https:\/\/onlinetranslators.de\/news\/wp-json\/wp\/v2\/users\/1"}],"replies":[{"embeddable":true,"href":"https:\/\/onlinetranslators.de\/news\/wp-json\/wp\/v2\/comments?post=25851"}],"version-history":[{"count":0,"href":"https:\/\/onlinetranslators.de\/news\/wp-json\/wp\/v2\/posts\/25851\/revisions"}],"wp:featuredmedia":[{"embeddable":true,"href":"https:\/\/onlinetranslators.de\/news\/wp-json\/wp\/v2\/media\/25852"}],"wp:attachment":[{"href":"https:\/\/onlinetranslators.de\/news\/wp-json\/wp\/v2\/media?parent=25851"}],"wp:term":[{"taxonomy":"category","embeddable":true,"href":"https:\/\/onlinetranslators.de\/news\/wp-json\/wp\/v2\/categories?post=25851"},{"taxonomy":"post_tag","embeddable":true,"href":"https:\/\/onlinetranslators.de\/news\/wp-json\/wp\/v2\/tags?post=25851"}],"curies":[{"name":"wp","href":"https:\/\/api.w.org\/{rel}","templated":true}]}}