{"id":25811,"date":"2024-01-09T01:16:01","date_gmt":"2024-01-08T22:16:01","guid":{"rendered":"https:\/\/onlinetranslators.de\/news\/nachrichten\/franz-beckenbauer-ist-tot-reaktionen-die-internationale-fusballwelt-trauert-um-den-kaiser\/"},"modified":"2024-01-09T01:16:01","modified_gmt":"2024-01-08T22:16:01","slug":"franz-beckenbauer-ist-tot-reaktionen-die-internationale-fusballwelt-trauert-um-den-kaiser","status":"publish","type":"post","link":"https:\/\/onlinetranslators.de\/news\/nachrichten\/franz-beckenbauer-ist-tot-reaktionen-die-internationale-fusballwelt-trauert-um-den-kaiser\/","title":{"rendered":"Franz Beckenbauer ist tot \u2013 Reaktionen: Die internationale Fu\u00dfballwelt trauert um den \u00bbKaiser\u00ab"},"content":{"rendered":"<p class=\"caps\">Der internationale Fu\u00dfball trauert um <a href=\"https:\/\/www.spiegel.de\/thema\/franz_beckenbauer\/\" rel=\"noreferrer noopener\" target=\"_blank\">Franz Beckenbauer<\/a>. In aller Welt meldeten sich Weggef\u00e4hrten und Stars zu Wort, um dem verstorbenen \u00bbKaiser\u00ab die letzte Ehre zu erweisen. <a href=\"https:\/\/www.spiegel.de\/sport\/fussball\/zum-tode-von-franz-beckenbauer-trotz-allem-ein-kaiser-a-b0156a17-7af2-4c5d-997d-a6e1b6b655cf\" rel=\"noreferrer noopener\" target=\"_blank\">Beckenbauer starb am Sonntag im Alter von 78 Jahren                                       <\/a>. Seit l\u00e4ngerer Zeit hatte er mit gesundheitlichen Problemen zu k\u00e4mpfen. Beckenbauer wurde 1974 als Spieler und 1990 als Teamchef Weltmeister.<\/p>\n<p>Der argentinische Superstar Lionel Messi, den Beckenbauer in einem Interview 2014 zum \u00bbbesten Spieler der Welt\u00ab ausgerufen hatte \u2013 \u00bbSein Talent, seine Bewegungen, seine F\u00e4higkeiten sind au\u00dfergew\u00f6hnlich\u00ab \u2013 gedachte des Deutschen nahezu wortlos <a href=\"https:\/\/www.instagram.com\/stories\/leomessi\/?hl=de\" rel=\"noreferrer noopener\" target=\"_blank\">auf Instagram            <\/a>. Er ver\u00f6ffentlichte ein Schwarz-Wei\u00df-Foto von Beckenbauer aus Beckenbauers Zeit als Nationalspieler und schrieb dazu nur \u00bbQEPD\u00ab. Das K\u00fcrzel steht f\u00fcr \u00bbQue en paz descanses\u00ab (M\u00f6gest du in Frieden ruhen).<\/p>\n<p>Gary Lineker, ehemaliger englischer St\u00fcrmer, erfolgreicher TV-Kommentator und Sch\u00f6pfer des Bonmots \u00bbFu\u00dfball ist ein einfaches Spiel: 22 M\u00e4nner jagen 90 Minuten einen Ball, und am Ende gewinnen immer die Deutschen\u00ab schrieb <a href=\"https:\/\/twitter.com\/GaryLineker\/status\/1744399058884493742\" rel=\"noreferrer noopener\" target=\"_blank\">auf X <\/a>: \u00bbEs tut mir sehr leid zu h\u00f6ren, dass Franz Beckenbauer gestorben ist. Er war einer der ganz Gro\u00dfen unseres Sports. Der Kaiser war der sch\u00f6nste aller Fu\u00dfballer, der mit Anmut und Charme alles gewonnen hat. RIP.\u00ab<\/p>\n<p>Uefa-Pr\u00e4sident Aleksander Ceferin schrieb \u00fcber Beckenbauer: \u00bbSeine unvergleichliche Vielseitigkeit, seine eleganten \u00dcberg\u00e4nge zwischen Verteidigung und Mittelfeld, seine tadellose Ballkontrolle und sein vision\u00e4rer Stil haben die Art und Weise, wie Fu\u00dfball gespielt wurde, in seiner \u00c4ra neu gepr\u00e4gt. Beckenbauers Verm\u00e4chtnis als einer der ganz Gro\u00dfen des Fu\u00dfballs ist unbestritten. Wir nehmen Abschied von einer wahren Legende.\u00ab<\/p>\n<p>Frankreichs Nationaltrainer Didier Deschamps schrieb: \u00bbIch habe mit gro\u00dfer Trauer vom Tod von Franz Beckenbauer erfahren.\u00ab Was die beiden gemeinsam mit dem <a href=\"https:\/\/www.spiegel.de\/sport\/fussball\/mario-zagallo-der-vater-des-schoenen-fussballs-nachruf-a-5e6766fc-cc9e-48ea-a434-baa2a2d8a935\" rel=\"noreferrer noopener\" target=\"_blank\">vor wenigen Tagen verstorbenen M\u00e1rio Zagallo <\/a> hatten: Sie hatten jeweils als Spieler und als Trainer die Fu\u00dfball-Weltmeisterschaft gewonnen. \u00bbMeine Trauer ist heute genauso gro\u00df wie meine Freude dar\u00fcber, dass ich eingeladen wurde, mit diesen beiden Giganten des internationalen Fu\u00dfballs an einem Tisch zu sitzen\u00ab, schrieb Deschamps, und weiter: \u00bbFranz Beckenbauer war eine hochgeachtete Pers\u00f6nlichkeit, die die hohen Standards der Besten verk\u00f6rperte. Seiner Familie und seinen Freunden sowie all jenen, die ihn wie ich bewundert haben, spreche ich in dieser traurigen und schmerzlichen Zeit meine volle Unterst\u00fctzung zu.\u00ab<\/p>\n<p>Frankreichs legend\u00e4rer St\u00fcrmerstar und Fu\u00dfballfunktion\u00e4r Michel Platini erkl\u00e4rte \u00fcber Beckenbauer: \u00bbEr stand f\u00fcr Eleganz, Freundlichkeit und Freundschaft. Er war ein Lebensgef\u00e4hrte f\u00fcr eine sehr lange Zeit: Er hat mich zum Fu\u00dfball gebracht wie Pel\u00e9, Cruyff oder Charlton. Er hat den deutschen Fu\u00dfball, aber auch den Weltfu\u00dfball gepr\u00e4gt. F\u00fcr mich war er der Inbegriff von Klasse, sowohl auf als auch neben dem Platz.\u00ab<\/p>\n<p>Fifa-Pr\u00e4sident Gianni Infantino lie\u00df sich zitieren: \u00bbFranz Beckenbauer, eine Legende des deutschen und des Weltfu\u00dfballs, hat Leistungen und Triumphe vorzuweisen, die in die Geschichte eingehen, und doch ist &#039;der Kaiser&#039; bei aller Popularit\u00e4t immer bescheiden und bodenst\u00e4ndig geblieben. \u2026 Ein gro\u00dfartiger Mensch, ein Freund des Fu\u00dfballs, ein Champion und eine wahre Legende, der liebe Franz wird nie vergessen werden.\u00ab<\/p>\n<h3>Italien verneigt sich vor Beckenbauer: \u00bbAddio al Kaiser\u00bb<\/h3>\n<p>Auch Italiens Fu\u00dfball verneigt sich vor der deutschen Sportlegende. Die Sportzeitung \u00bbGazzetta dello Sport\u00ab titelte am Montagabend auf ihrer Webseite: \u00bbAbschied von einem Fu\u00dfball-Mythos, Abschied vom Kaiser.\u00ab Insbesondere mehrere Teilnehmer des \u00bbJahrhundertspiels\u00ab der WM 1970 in Mexiko, das Italien im Halbfinale gegen Deutschland mit 4:3 f\u00fcr sich entschied, stellten Beckenbauers Verdienste heraus.<\/p>\n<p>Der 60-malige Nationalst\u00fcrmer Gianni Rivera (80), der damals in der Verl\u00e4ngerung den Siegtreffer f\u00fcr die Azzurri erzielte, sagte der Nachrichtenagentur Ansa: \u00bbEr war der gr\u00f6\u00dfte deutsche Fu\u00dfballer aller Zeiten. Er war auch dabei, vor dem Tor, als ich das 4:3 erzielte. Ich erinnere mich genau an sein Gesicht. Noch w\u00fctender war nur der Torwart, Sepp Maier. Aber am Ende des Spiels hat er sich dann von uns verabschiedet. Er war ein gro\u00dfer Gentleman, auch abseits des Platzes.\u00ab<\/p>\n<p>Ex-Nationalspieler Roberto Boninsegna, der damals das 1:0 f\u00fcr Italien geschossen hatte, lobte Beckenbauer als \u00bbRegisseur und Anf\u00fchrer dieser gro\u00dfartigen Mannschaft\u00ab. Der 80-J\u00e4hrige erinnerte sich daran, dass er mit Beckenbauer seinerzeit in dem Halbfinale oft aneinander geriet. \u00bbMan konnte ihn \u00fcberall finden. Er war ein wahrer Mannschaftsspieler von au\u00dfergew\u00f6hnlicher Eleganz. Trotz verletztem Arm ist es ihm gelungen, sein Bestes gegeben.\u00ab F\u00fcr ihn geh\u00f6re Beckenbauer in den \u00bbOlymp der Gr\u00f6\u00dften aller Zeiten\u00ab.<\/p>\n<h3>Internationale Vereine gedenken des \u00bbKaisers\u00ab<\/h3>\n<p>Manchester United postete ein Foto von Beckenbauer mit dem englischen Nationalspieler Bobby Charlton <a href=\"https:\/\/x.com\/ManUtd\/status\/1744427749953949969?s=20\" rel=\"noreferrer noopener\" target=\"_blank\">auf X <\/a> und schrieb dazu: \u00bbRivalen auf dem Spielfeld. Ewiger Respekt abseits des Platzes. Jetzt, zusammen in der Ruhe. Wir senden unseren Kollegen bei Bayern M\u00fcnchen unser tief empfundenes Beileid und trauern um einen wahrhaft gro\u00dfen Franz Beckenbauer\u00ab.<\/p>\n<p>Real Madrid \u00e4u\u00dferte sich wie folgt: \u00bbDer Real Madrid C.F., der Pr\u00e4sident und der Vorstand des Vereins sind zutiefst betr\u00fcbt \u00fcber den Tod von Franz Beckenbauer, einer der gr\u00f6\u00dften Legenden des europ\u00e4ischen und weltweiten Fu\u00dfballs. Real Madrid m\u00f6chte seiner Familie, seinen Mannschaftskameraden, seinen Vereinen und allen, die ihm nahe standen, sein Beileid aussprechen und seine Zuneigung zum Ausdruck bringen.\u00ab<\/p>\n<p>Der FC Barcelona lie\u00df verbreiten: \u00bbDer FC Barcelona bekundet sein Beileid zum Tod von Franz Beckenbauer, einer Legende des Weltfu\u00dfballs, der heute im Alter von 78 Jahren von uns gegangen ist. Ruhe in Frieden.\u00ab Und Inter Mailand schrieb: \u00bbEr verk\u00f6rperte Klasse und Fairness und wird eine Legende des Weltfu\u00dfballs bleiben: Der Club und das gesamte Universum der Nerazzurri trauern um Franz Beckenbauer.\u00ab<\/p>\n","protected":false},"excerpt":{"rendered":"<p>Der internationale Fu\u00dfball trauert um Franz Beckenbauer. In aller Welt meldeten sich Weggef\u00e4hrten und Stars zu Wort, um dem verstorbenen \u00bbKaiser\u00ab die letzte Ehre zu erweisen. Beckenbauer starb am Sonntag<\/p>\n","protected":false},"author":1,"featured_media":25812,"comment_status":"open","ping_status":"open","sticky":false,"template":"","format":"standard","meta":{"footnotes":""},"categories":[1],"tags":[],"class_list":["post-25811","post","type-post","status-publish","format-standard","has-post-thumbnail","hentry","category-nachrichten"],"_links":{"self":[{"href":"https:\/\/onlinetranslators.de\/news\/wp-json\/wp\/v2\/posts\/25811","targetHints":{"allow":["GET"]}}],"collection":[{"href":"https:\/\/onlinetranslators.de\/news\/wp-json\/wp\/v2\/posts"}],"about":[{"href":"https:\/\/onlinetranslators.de\/news\/wp-json\/wp\/v2\/types\/post"}],"author":[{"embeddable":true,"href":"https:\/\/onlinetranslators.de\/news\/wp-json\/wp\/v2\/users\/1"}],"replies":[{"embeddable":true,"href":"https:\/\/onlinetranslators.de\/news\/wp-json\/wp\/v2\/comments?post=25811"}],"version-history":[{"count":0,"href":"https:\/\/onlinetranslators.de\/news\/wp-json\/wp\/v2\/posts\/25811\/revisions"}],"wp:featuredmedia":[{"embeddable":true,"href":"https:\/\/onlinetranslators.de\/news\/wp-json\/wp\/v2\/media\/25812"}],"wp:attachment":[{"href":"https:\/\/onlinetranslators.de\/news\/wp-json\/wp\/v2\/media?parent=25811"}],"wp:term":[{"taxonomy":"category","embeddable":true,"href":"https:\/\/onlinetranslators.de\/news\/wp-json\/wp\/v2\/categories?post=25811"},{"taxonomy":"post_tag","embeddable":true,"href":"https:\/\/onlinetranslators.de\/news\/wp-json\/wp\/v2\/tags?post=25811"}],"curies":[{"name":"wp","href":"https:\/\/api.w.org\/{rel}","templated":true}]}}