{"id":25803,"date":"2024-01-08T16:36:28","date_gmt":"2024-01-08T13:36:28","guid":{"rendered":"https:\/\/onlinetranslators.de\/news\/nachrichten\/bauernproteste-prasident-lehnt-teilweise-rucknahme-der-kurzungen-ab\/"},"modified":"2024-01-08T16:36:28","modified_gmt":"2024-01-08T13:36:28","slug":"bauernproteste-prasident-lehnt-teilweise-rucknahme-der-kurzungen-ab","status":"publish","type":"post","link":"https:\/\/onlinetranslators.de\/news\/nachrichten\/bauernproteste-prasident-lehnt-teilweise-rucknahme-der-kurzungen-ab\/","title":{"rendered":"Bauernproteste: Pr\u00e4sident lehnt teilweise R\u00fccknahme der K\u00fcrzungen ab"},"content":{"rendered":"<p class=\"caps\">Bauernpr\u00e4sident Joachim Rukwied hat die nur teilweise R\u00fccknahme der Subventionsk\u00fcrzungen f\u00fcr die Landwirte abgelehnt und den v\u00f6lligen Verzicht darauf verlangt. \u00bbDas hei\u00dft ja am Ende Sterben auf Raten\u00ab, sagte der Pr\u00e4sident des Deutschen Bauernverbandes bei der Klausurtagung der <a href=\"https:\/\/www.spiegel.de\/thema\/csu\/\" rel=\"noreferrer noopener\" target=\"_blank\">CSU<\/a>-Bundestagsabgeordneten im Kloster Seeon zu den Zugest\u00e4ndnissen der Bundesregierung. \u00bbDas ist inakzeptabel. Das muss zur\u00fcckgenommen werden.\u00ab<\/p>\n<p>Die von der Ampel geplanten Subventionsk\u00fcrzungen seien eine Steuererh\u00f6hung von einer Milliarde Euro. Den Bauern werde dadurch die Zukunftsf\u00e4higkeit genommen. Zudem werde die Ern\u00e4hrungssicherheit gef\u00e4hrdet, sagte Rukwied.<\/p>\n<p>Seit dem Morgen demonstrieren bundesweit Bauern unter anderem mit Traktorblockaden \u2013 obwohl die Bundesregierung ihre geplanten Subventionsk\u00fcrzungen inzwischen teilweise zur\u00fcckgenommen hat. Die Befreiung von der Kraftfahrzeugsteuer f\u00fcr die Agrarindustrie soll weiter gelten. Die Verg\u00fcnstigung von Agrardiesel soll nur schrittweise abgeschafft werden. Dem Bauernverband gehen diese \u00c4nderungen aber nicht weit genug.<\/p>\n<h3>Geplante K\u00fcrzungen \u00bbein Turbo f\u00fcr den Strukturwandel\u00ab<\/h3>\n<p>Rukwied warf der Bundesregierung zudem vor, mit den K\u00fcrzungen ein \u00bbAbwicklungsszenario\u00ab auf den Weg zu bringen, welches ebenfalls absolut inakzeptabel sei. Die K\u00fcrzungen seien \u00bbein Turbo f\u00fcr den Strukturwandel\u00ab, sagte er. Das werde dazu f\u00fchren, dass weitere Betriebe aufh\u00f6ren m\u00fcssten. Der Bauernpr\u00e4sident betonte, dass die Landwirte \u00bbdiszipliniert demonstrieren\u00ab. Der Protest verlaufe friedlich, das zeigten die R\u00fcckmeldungen, die er erhalte.<\/p>\n","protected":false},"excerpt":{"rendered":"<p>Bauernpr\u00e4sident Joachim Rukwied hat die nur teilweise R\u00fccknahme der Subventionsk\u00fcrzungen f\u00fcr die Landwirte abgelehnt und den v\u00f6lligen Verzicht darauf verlangt. \u00bbDas hei\u00dft ja am Ende Sterben auf Raten\u00ab, sagte der<\/p>\n","protected":false},"author":1,"featured_media":25804,"comment_status":"open","ping_status":"open","sticky":false,"template":"","format":"standard","meta":{"footnotes":""},"categories":[1],"tags":[],"class_list":["post-25803","post","type-post","status-publish","format-standard","has-post-thumbnail","hentry","category-nachrichten"],"_links":{"self":[{"href":"https:\/\/onlinetranslators.de\/news\/wp-json\/wp\/v2\/posts\/25803","targetHints":{"allow":["GET"]}}],"collection":[{"href":"https:\/\/onlinetranslators.de\/news\/wp-json\/wp\/v2\/posts"}],"about":[{"href":"https:\/\/onlinetranslators.de\/news\/wp-json\/wp\/v2\/types\/post"}],"author":[{"embeddable":true,"href":"https:\/\/onlinetranslators.de\/news\/wp-json\/wp\/v2\/users\/1"}],"replies":[{"embeddable":true,"href":"https:\/\/onlinetranslators.de\/news\/wp-json\/wp\/v2\/comments?post=25803"}],"version-history":[{"count":0,"href":"https:\/\/onlinetranslators.de\/news\/wp-json\/wp\/v2\/posts\/25803\/revisions"}],"wp:featuredmedia":[{"embeddable":true,"href":"https:\/\/onlinetranslators.de\/news\/wp-json\/wp\/v2\/media\/25804"}],"wp:attachment":[{"href":"https:\/\/onlinetranslators.de\/news\/wp-json\/wp\/v2\/media?parent=25803"}],"wp:term":[{"taxonomy":"category","embeddable":true,"href":"https:\/\/onlinetranslators.de\/news\/wp-json\/wp\/v2\/categories?post=25803"},{"taxonomy":"post_tag","embeddable":true,"href":"https:\/\/onlinetranslators.de\/news\/wp-json\/wp\/v2\/tags?post=25803"}],"curies":[{"name":"wp","href":"https:\/\/api.w.org\/{rel}","templated":true}]}}