{"id":25793,"date":"2024-01-08T06:16:14","date_gmt":"2024-01-08T03:16:14","guid":{"rendered":"https:\/\/onlinetranslators.de\/news\/nachrichten\/bauernproteste-gericht-erlaubt-blockade-von-autobahnauffahrten-in-berlin-und-brandenburg\/"},"modified":"2024-01-08T06:16:14","modified_gmt":"2024-01-08T03:16:14","slug":"bauernproteste-gericht-erlaubt-blockade-von-autobahnauffahrten-in-berlin-und-brandenburg","status":"publish","type":"post","link":"https:\/\/onlinetranslators.de\/news\/nachrichten\/bauernproteste-gericht-erlaubt-blockade-von-autobahnauffahrten-in-berlin-und-brandenburg\/","title":{"rendered":"Bauernproteste: Gericht erlaubt Blockade von Autobahnauffahrten in Berlin und Brandenburg"},"content":{"rendered":"<p class=\"caps\">Viele Pendler m\u00fcssen sich am Montag wegen der angek\u00fcndigten Bauernproteste auf starke Verkehrsbehinderungen einstellen. In <a href=\"https:\/\/www.spiegel.de\/thema\/berlin\/\" rel=\"noreferrer noopener\" target=\"_blank\">Berlin<\/a> und <a href=\"https:\/\/www.spiegel.de\/thema\/brandenburg\/\" rel=\"noreferrer noopener\" target=\"_blank\">Brandenburg<\/a> d\u00fcrfen die Landwirte einer Entscheidung des Oberverwaltungsgerichts (OVG) zufolge Autobahnauffahrten blockieren.<\/p>\n<p>Die Polizei konnte sich mit Auflagen, die Einschr\u00e4nkungen angemeldeter Blockadeaktionen vorsahen, nicht durchsetzen. Ein Sprecher des Polizeipr\u00e4sidiums in <a href=\"https:\/\/www.spiegel.de\/thema\/potsdam\/\" rel=\"noreferrer noopener\" target=\"_blank\">Potsdam<\/a> best\u00e4tigte am Sonntag einen Bericht der <a href=\"https:\/\/www.bild.de\/politik\/inland\/politik-inland\/vor-bauern-protest-gericht-erlaubt-autobahn-blockaden-86663848.bild.html\" rel=\"noreferrer noopener\" target=\"_blank\">\u00bbBild\u00ab            <\/a> und der <a href=\"https:\/\/www.bz-berlin.de\/berlin\/gericht-erlaubt-autobahn-blockaden-der-bauern\" rel=\"noreferrer noopener\" target=\"_blank\">\u00bbB.Z.\u00ab <\/a>.<\/p>\n<p>Polizeisprecher Mario Heinemann sagte, die Auflagen h\u00e4tten beinhaltet, dass nicht alle Autobahnauffahrten und nicht f\u00fcr den gesamten beantragten Zeitraum blockiert werden d\u00fcrften. An einigen Orten seien Blockaden von morgens bis zum Abend angemeldet. Das Verwaltungsgericht Berlin habe die Auflagen aber f\u00fcr unzul\u00e4ssig erkl\u00e4rt. Eine Beschwerde der Polizei dagegen habe das OVG zur\u00fcckgewiesen.<\/p>\n<h3>Aktionen von Flensburg bis an den Bodensee<\/h3>\n<p>Landesbauernpr\u00e4sident Henrik Wendorff sagte, der Verband sei gerichtlich gegen Auflagen der Polizei vorgegangen, \u00bbweil wir sie nicht f\u00fcr klug gehalten haben\u00ab. Sie h\u00e4tten vorgesehen, Auffahrten in Abst\u00e4nden immer wieder zu \u00f6ffnen. Die Gef\u00e4hrdung werde dadurch aber gr\u00f6\u00dfer, argumentierte Wendorff. Zugleich sagte er, dass Fahrten von Rettungskr\u00e4ften oder Pflegediensten nicht behindert werden d\u00fcrften.<\/p>\n<p>Der Bauernverband plant eine bundesweite Protestwoche, die am 15. Januar in einer Demonstration in Berlin gipfeln soll. Unter anderem mit Konvois von Traktoren und mit Kundgebungen wollen die Landwirte <a href=\"https:\/\/www.spiegel.de\/wirtschaft\/bauernpraesident-sieht-landwirte-ueber-jahre-hinweg-auf-der-durststrecke-a-85097c87-aa7e-4f1d-83e6-99451c01405e\" rel=\"noreferrer noopener\" target=\"_blank\">gegen die Agrarpolitik der Bundesregierung demonstrieren. Vertreter<\/a> der Bundesregierung machten deutlich, dass es nach der teilweisen R\u00fccknahme ihrer Sparpl\u00e4ne kein weiteres Entgegenkommen geben k\u00f6nne.<\/p>\n<p>Bereits f\u00fcr Montag sind zahlreiche Aktionen von <a href=\"https:\/\/www.spiegel.de\/thema\/flensburg\/\" rel=\"noreferrer noopener\" target=\"_blank\">Flensburg<\/a> bis an den <a href=\"https:\/\/www.spiegel.de\/thema\/bodensee\/\" rel=\"noreferrer noopener\" target=\"_blank\">Bodensee<\/a> angek\u00fcndigt. Protestfahrten sind etwa in den Gro\u00dfr\u00e4umen <a href=\"https:\/\/www.spiegel.de\/thema\/hamburg\/\" rel=\"noreferrer noopener\" target=\"_blank\">Hamburg<\/a>, <a href=\"https:\/\/www.spiegel.de\/thema\/bremen\/\" rel=\"noreferrer noopener\" target=\"_blank\">Bremen<\/a>, Potsdam, <a href=\"https:\/\/www.spiegel.de\/thema\/magdeburg\/\" rel=\"noreferrer noopener\" target=\"_blank\">Magdeburg<\/a>, Halle sowie im <a href=\"https:\/\/www.spiegel.de\/thema\/rhein\/\" rel=\"noreferrer noopener\" target=\"_blank\">Rhein<\/a>-Main-Gebiet und im <a href=\"https:\/\/www.spiegel.de\/thema\/saarland\/\" rel=\"noreferrer noopener\" target=\"_blank\">Saarland<\/a> geplant. Kundgebungen sind unter anderem in <a href=\"https:\/\/www.spiegel.de\/thema\/muenchen\/\" rel=\"noreferrer noopener\" target=\"_blank\">M\u00fcnchen<\/a>, <a href=\"https:\/\/www.spiegel.de\/thema\/erfurt\/\" rel=\"noreferrer noopener\" target=\"_blank\">Erfurt<\/a> und in Ravensburg im s\u00fcdlichen Baden-W\u00fcrttemberg vorgesehen. In Berlin soll es bereits an diesem Montag auch eine Demonstration mit Traktoren am <a href=\"https:\/\/www.spiegel.de\/thema\/brandenburger_tor\/\" rel=\"noreferrer noopener\" target=\"_blank\">Brandenburger Tor<\/a> geben. In NRW sind gr\u00f6\u00dfere Versammlungen in <a href=\"https:\/\/www.spiegel.de\/thema\/koeln\/\" rel=\"noreferrer noopener\" target=\"_blank\">K\u00f6ln<\/a>, <a href=\"https:\/\/www.spiegel.de\/thema\/bonn\/\" rel=\"noreferrer noopener\" target=\"_blank\">Bonn<\/a>, \u00f6stlich von <a href=\"https:\/\/www.spiegel.de\/thema\/dortmund\/\" rel=\"noreferrer noopener\" target=\"_blank\">Dortmund<\/a> und in <a href=\"https:\/\/www.spiegel.de\/thema\/muenster\/\" rel=\"noreferrer noopener\" target=\"_blank\">M\u00fcnster<\/a> geplant.<\/p>\n<h3>Ausnahmen f\u00fcr Pflegepersonal?<\/h3>\n<p>Als ein Schwerpunkt der Proteste zeichnen sich nicht nur in Brandenburg Autobahnauffahrten ab. In mehreren Bundesl\u00e4ndern k\u00fcndigten Organisatoren an, diese blockieren zu wollen.<a href=\"https:\/\/www.spiegel.de\/panorama\/bauernproteste-in-deutschland-was-am-montag-in-den-bundeslaendern-zu-erwarten-ist-a-8f6d552c-f594-4ce4-b7a2-b0308830dfee\" rel=\"noreferrer noopener\" target=\"_blank\"> Autofahrer m\u00fcssen sich also auf Staus einrichten.<\/a> Mehrere Kultusministerien der L\u00e4nder k\u00fcndigten an, dass Sch\u00fcler entschuldigt werden, sollten sie es wegen der Aktionen nicht zum Unterricht schaffen.<\/p>\n<p>In <a href=\"https:\/\/www.spiegel.de\/thema\/mecklenburg_vorpommern\/\" rel=\"noreferrer noopener\" target=\"_blank\">Mecklenburg-Vorpommern<\/a> haben Kliniken wie das Asklepios-Krankenhaus in Pasewalk ihren Besch\u00e4ftigten einem Bericht des <a href=\"https:\/\/www.nordkurier.de\/regional\/pasewalk\/krankenhaeuser-und-pflege-auf-bauernproteste-vorbereitet-2173592\" rel=\"noreferrer noopener\" target=\"_blank\">\u00bbNordkurier\u00ab <\/a> zufolge \u00bbPassierscheine\u00ab ausgestellt. Alle Mitarbeiter w\u00fcrden mit einem Schreiben ausgestattet, das sie als Mitarbeiter des Krankenhauses ausweist, sagte ein Krankenhaussprecher der Zeitung: \u00bbWir hoffen, dass die Protestierenden f\u00fcr \u00c4rzte und Pflegekr\u00e4fte \u2013 und insbesondere f\u00fcr die wichtige Versorgung der Patientinnen und Patienten \u2013 Verst\u00e4ndnis haben und diese durch ihre Blockaden passieren lassen.\u00ab<\/p>\n","protected":false},"excerpt":{"rendered":"<p>Viele Pendler m\u00fcssen sich am Montag wegen der angek\u00fcndigten Bauernproteste auf starke Verkehrsbehinderungen einstellen. In Berlin und Brandenburg d\u00fcrfen die Landwirte einer Entscheidung des Oberverwaltungsgerichts (OVG) zufolge Autobahnauffahrten blockieren. Die<\/p>\n","protected":false},"author":1,"featured_media":25794,"comment_status":"open","ping_status":"open","sticky":false,"template":"","format":"standard","meta":{"footnotes":""},"categories":[1],"tags":[],"class_list":["post-25793","post","type-post","status-publish","format-standard","has-post-thumbnail","hentry","category-nachrichten"],"_links":{"self":[{"href":"https:\/\/onlinetranslators.de\/news\/wp-json\/wp\/v2\/posts\/25793","targetHints":{"allow":["GET"]}}],"collection":[{"href":"https:\/\/onlinetranslators.de\/news\/wp-json\/wp\/v2\/posts"}],"about":[{"href":"https:\/\/onlinetranslators.de\/news\/wp-json\/wp\/v2\/types\/post"}],"author":[{"embeddable":true,"href":"https:\/\/onlinetranslators.de\/news\/wp-json\/wp\/v2\/users\/1"}],"replies":[{"embeddable":true,"href":"https:\/\/onlinetranslators.de\/news\/wp-json\/wp\/v2\/comments?post=25793"}],"version-history":[{"count":0,"href":"https:\/\/onlinetranslators.de\/news\/wp-json\/wp\/v2\/posts\/25793\/revisions"}],"wp:featuredmedia":[{"embeddable":true,"href":"https:\/\/onlinetranslators.de\/news\/wp-json\/wp\/v2\/media\/25794"}],"wp:attachment":[{"href":"https:\/\/onlinetranslators.de\/news\/wp-json\/wp\/v2\/media?parent=25793"}],"wp:term":[{"taxonomy":"category","embeddable":true,"href":"https:\/\/onlinetranslators.de\/news\/wp-json\/wp\/v2\/categories?post=25793"},{"taxonomy":"post_tag","embeddable":true,"href":"https:\/\/onlinetranslators.de\/news\/wp-json\/wp\/v2\/tags?post=25793"}],"curies":[{"name":"wp","href":"https:\/\/api.w.org\/{rel}","templated":true}]}}