{"id":25791,"date":"2024-01-08T04:16:01","date_gmt":"2024-01-08T01:16:01","guid":{"rendered":"https:\/\/onlinetranslators.de\/news\/nachrichten\/hubert-aiwanger-unterwanderung-des-bauernprotests-freie-wahler-chef-spricht-von-verunglimpfung-von-links\/"},"modified":"2024-01-08T04:16:01","modified_gmt":"2024-01-08T01:16:01","slug":"hubert-aiwanger-unterwanderung-des-bauernprotests-freie-wahler-chef-spricht-von-verunglimpfung-von-links","status":"publish","type":"post","link":"https:\/\/onlinetranslators.de\/news\/nachrichten\/hubert-aiwanger-unterwanderung-des-bauernprotests-freie-wahler-chef-spricht-von-verunglimpfung-von-links\/","title":{"rendered":"Hubert Aiwanger: Unterwanderung des Bauernprotests? Freie-W\u00e4hler-Chef spricht von Verunglimpfung von links"},"content":{"rendered":"<p class=\"caps\">Der Chef der Freien W\u00e4hler <a href=\"https:\/\/www.spiegel.de\/thema\/hubert_aiwanger\/\" rel=\"noreferrer noopener\" target=\"_blank\">Hubert Aiwanger<\/a> behauptet, die vielfach ge\u00e4u\u00dferte Bef\u00fcrchtung einer Unterwanderung der Bauernproteste durch Extremisten sei eine gezielte Verunglimpfung \u00bbvon linker Seite\u00ab. Die \u00bb\u00fcberw\u00e4ltigende Mehrheit der Landwirte\u00ab habe mit Extremismus nichts zu tun, sagte der stellvertretende bayerische Ministerpr\u00e4sident der <a href=\"https:\/\/www.welt.de\/politik\/deutschland\/plus249395212\/Hubert-Aiwanger-Ich-sorge-mich-nicht-wegen-der-Proteste-sondern-wegen-der-verfehlten-Politik.html\" rel=\"noreferrer noopener\" target=\"_blank\">\u00bbWelt\u00ab.            <\/a> Aiwanger ist selbst Landwirt in Niederbayern.<\/p>\n<p>\u00bbEs ist politisch \u00e4u\u00dferst unanst\u00e4ndig, damit die berechtigten Bauernproteste in Misskredit bringen zu wollen, um die Bauern zu verunsichern\u00ab, f\u00fcgte Aiwanger hinzu. Allerdings stammt die Bef\u00fcrchtung, dass der Protest von rechts vereinnahmt werden k\u00f6nnte, nicht nur von politischen Gegnern:<a href=\"https:\/\/www.spiegel.de\/politik\/behoerden-warnen-vor-unterwanderung-der-bauernproteste-durch-extremisten-a-c2e06b96-189d-4d5b-8935-a898698bc93d\" rel=\"noreferrer noopener\" target=\"_blank\"> Deutsche Sicherheitsbeh\u00f6rden beobachten <\/a>einem Bericht der \u00bbWelt am Sonntag\u00ab zufolge diverse Mobilisierungsaufrufe und Solidarit\u00e4tsbekundungen von Rechtsextremisten, Gruppierungen der Neuen Rechten und der Querdenker-Szene.<\/p>\n<p>Bereits beim Angriff auf die F\u00e4hre von Vizekanzler Robert Habeck (Gr\u00fcne) im schleswig-holsteinischen Schl\u00fcttsiel hatte sich zum Teil eine Mobilisierung <a href=\"https:\/\/www.spiegel.de\/politik\/deutschland\/attacke-auf-robert-habeck-in-schluettsiel-wer-hat-die-bauern-aufgestachelt-a-aac02c64-96b4-4184-b4c3-dcac3896adce\" rel=\"noreferrer noopener\" target=\"_blank\">von weit rechtsau\u00dfen stehenden Kr\u00e4ften gezeigt                                       <\/a>. <\/p>\n<p>Der Deutsche Bauernverband (DBV) hat f\u00fcr die nun beginnende Woche <a href=\"https:\/\/www.spiegel.de\/panorama\/bauernproteste-in-deutschland-was-am-montag-in-den-bundeslaendern-zu-erwarten-ist-a-8f6d552c-f594-4ce4-b7a2-b0308830dfee\" rel=\"noreferrer noopener\" target=\"_blank\">zu bundesweiten Protestaktionen <\/a>gegen die Politik der <a href=\"https:\/\/www.spiegel.de\/thema\/bundesregierung\/\" rel=\"noreferrer noopener\" target=\"_blank\">Bundesregierung<\/a> aufgerufen. Polizei und Beh\u00f6rden rechnen mit massiven Beeintr\u00e4chtigungen etwa durch Stra\u00dfensperren. Sicherheitsbeh\u00f6rden und Politiker hatten in den vergangenen Tagen unter anderem<a href=\"https:\/\/www.spiegel.de\/politik\/schluettsiel-familie-berichtet-von-blockade-der-faehre-die-kinder-haben-richtig-angst-bekommen-a-ba86b4d7-67bd-46c0-ae14-7ae7daca2f68\" rel=\"noreferrer noopener\" target=\"_blank\"> wegen der viel kritisierten Blockade-Aktion protestierender Landwirte<\/a> gegen <a href=\"https:\/\/www.spiegel.de\/thema\/robert_habeck\/\" rel=\"noreferrer noopener\" target=\"_blank\">Habeck<\/a> vor einer Radikalisierung und drohender Unterwanderung der Proteste gewarnt.<\/p>\n<h3>Bauernverband distanziert sich von radikalen Gruppen<\/h3>\n<p>Politiker insbesondere der Ampelparteien forderten die Landwirte auf, sich klar im rechtsstaatlichen Rahmen zu positionieren. \u00bbFriedliche angemeldete Proteste sind f\u00fcr mich v\u00f6llig legitim\u00ab, sagte etwa <a href=\"https:\/\/www.spiegel.de\/thema\/spd\/\" rel=\"noreferrer noopener\" target=\"_blank\">SPD<\/a>-Fraktionsvize Dirk Wiese der \u00bbRheinischen Post\u00ab. \u00bbAber ich erwarte eine klare Distanzierung von rechten Kreisen.\u00ab<\/p>\n<p>Auch der Pr\u00e4sident des Deutschen Bauernverbands (DBV), Joachim Rukwied, hat <a href=\"https:\/\/www.spiegel.de\/wirtschaft\/bauernproteste-joachim-rukwied-will-keine-rechten-bei-demos-haben-a-fa0fbc37-26f9-49b3-8c34-6fe52a1aa1e9\" rel=\"noreferrer noopener\" target=\"_blank\">die Teilnahme rechter Gruppierungen an den Bauernprotesten der kommenden Woche f\u00fcr unerw\u00fcnscht erkl\u00e4rt<\/a>. \u00bbRechte und andere radikale Gruppierungen mit Umsturzgel\u00fcsten wollen wir auf unseren Demos nicht haben\u00ab, sagte er der \u00bbBild am Sonntag\u00ab.<\/p>\n<p>Entz\u00fcndet hatte sich die Wut der Landwirte an geplanten Subventionsk\u00fcrzungen f\u00fcr die Branche im Zuge der Haushaltskrise. Die Bundesregierung hat die Pl\u00e4ne mittlerweile in Teilen einkassiert. Finanzminister <a href=\"https:\/\/www.spiegel.de\/thema\/christian_lindner\/\" rel=\"noreferrer noopener\" target=\"_blank\">Christian Lindner<\/a> (<a href=\"https:\/\/www.spiegel.de\/thema\/fdp\/\" rel=\"noreferrer noopener\" target=\"_blank\">FDP<\/a>) kritisierte die dennoch angek\u00fcndigten Aktionen daher als \u00fcberzogen.<\/p>\n","protected":false},"excerpt":{"rendered":"<p>Der Chef der Freien W\u00e4hler Hubert Aiwanger behauptet, die vielfach ge\u00e4u\u00dferte Bef\u00fcrchtung einer Unterwanderung der Bauernproteste durch Extremisten sei eine gezielte Verunglimpfung \u00bbvon linker Seite\u00ab. Die \u00bb\u00fcberw\u00e4ltigende Mehrheit der Landwirte\u00ab<\/p>\n","protected":false},"author":1,"featured_media":25792,"comment_status":"open","ping_status":"open","sticky":false,"template":"","format":"standard","meta":{"footnotes":""},"categories":[1],"tags":[],"class_list":["post-25791","post","type-post","status-publish","format-standard","has-post-thumbnail","hentry","category-nachrichten"],"_links":{"self":[{"href":"https:\/\/onlinetranslators.de\/news\/wp-json\/wp\/v2\/posts\/25791","targetHints":{"allow":["GET"]}}],"collection":[{"href":"https:\/\/onlinetranslators.de\/news\/wp-json\/wp\/v2\/posts"}],"about":[{"href":"https:\/\/onlinetranslators.de\/news\/wp-json\/wp\/v2\/types\/post"}],"author":[{"embeddable":true,"href":"https:\/\/onlinetranslators.de\/news\/wp-json\/wp\/v2\/users\/1"}],"replies":[{"embeddable":true,"href":"https:\/\/onlinetranslators.de\/news\/wp-json\/wp\/v2\/comments?post=25791"}],"version-history":[{"count":0,"href":"https:\/\/onlinetranslators.de\/news\/wp-json\/wp\/v2\/posts\/25791\/revisions"}],"wp:featuredmedia":[{"embeddable":true,"href":"https:\/\/onlinetranslators.de\/news\/wp-json\/wp\/v2\/media\/25792"}],"wp:attachment":[{"href":"https:\/\/onlinetranslators.de\/news\/wp-json\/wp\/v2\/media?parent=25791"}],"wp:term":[{"taxonomy":"category","embeddable":true,"href":"https:\/\/onlinetranslators.de\/news\/wp-json\/wp\/v2\/categories?post=25791"},{"taxonomy":"post_tag","embeddable":true,"href":"https:\/\/onlinetranslators.de\/news\/wp-json\/wp\/v2\/tags?post=25791"}],"curies":[{"name":"wp","href":"https:\/\/api.w.org\/{rel}","templated":true}]}}