{"id":25789,"date":"2024-01-08T02:06:10","date_gmt":"2024-01-07T23:06:10","guid":{"rendered":"https:\/\/onlinetranslators.de\/news\/nachrichten\/friesland-landkreis-sagt-wegen-bauerndemos-prasenzunterricht-ab\/"},"modified":"2024-01-08T02:06:10","modified_gmt":"2024-01-07T23:06:10","slug":"friesland-landkreis-sagt-wegen-bauerndemos-prasenzunterricht-ab","status":"publish","type":"post","link":"https:\/\/onlinetranslators.de\/news\/nachrichten\/friesland-landkreis-sagt-wegen-bauerndemos-prasenzunterricht-ab\/","title":{"rendered":"Friesland: Landkreis sagt wegen Bauerndemos Pr\u00e4senzunterricht ab"},"content":{"rendered":"<p class=\"caps\">Die Sch\u00fclerinnen und Sch\u00fcler im Landkreis Friesland m\u00fcssen am ersten Tag nach den Weihnachtsferien nicht zum Unterricht erscheinen. Wegen der Bauernproteste k\u00f6nne es zu \u00bberheblichen Verkehrsbeeintr\u00e4chtigungen\u00ab kommen, hei\u00dft es <a href=\"https:\/\/www.friesland.de\/\" rel=\"noreferrer noopener\" target=\"_blank\">auf der Webseite            <\/a> des nieders\u00e4chsischen Landkreises. Davon sei auch der Sch\u00fclertransport betroffen. Der Pr\u00e4senzunterricht an allen allgemeinbildenden und berufsbildenden Schulen falle deshalb aus. Eine Notbetreuung in den Schulen sei gew\u00e4hrleistet.<\/p>\n<p>Auch eine Berufsschule in Rinteln im Landkreis Schaumburg, ebenfalls in Niedersachsen, hat f\u00fcr Montag Distanzunterricht angek\u00fcndigt, berichtet die <a href=\"https:\/\/www.szlz.de\/lokales\/schaumburg\/liveticker-bauern-proteste-in-schaumburg-und-region-alle-infos-zu-den-demos-ab-8-januar-JRJXNJR4WBEWZKUJ3KWI4NOFIY.html\" rel=\"noreferrer noopener\" target=\"_blank\">\u00bbSchaumburger Zeitung\u00ab <\/a>.<\/p>\n<p>In anderen Landkreisen k\u00f6nnten es die Kinder und Jugendlichen ebenfalls schwer haben, am Montag in die Schulen zu kommen. So stellen zum Beispiel der Landkreis Vorpommern-Greifswald in Mecklenburg-Vorpommern und der Erzgebirgskreis in <a href=\"https:\/\/www.spiegel.de\/thema\/sachsen\/\" rel=\"noreferrer noopener\" target=\"_blank\">Sachsen<\/a> den \u00d6PNV und den Sch\u00fclerverkehr komplett ein. Trotz der angek\u00fcndigten Einschr\u00e4nkungen im Stra\u00dfenverkehr sollen Sachsens Schulen aber offenbleiben. \u00bbDie Schulen werden entsprechend der regionalen Beschr\u00e4nkung entscheiden m\u00fcssen, inwieweit Lernzeit zu Hause angeordnet werden muss\u00ab, teilte das Kultusministerium mit.<\/p>\n<p>Andere Bundesl\u00e4nder signalisieren ebenfalls Verst\u00e4ndnis, sollten es die Sch\u00fclerinnen und Sch\u00fcler nicht zum Unterricht schaffen. Ab Montag planen Bauern zahlreiche Aktionen, um gegen die Agrarpolitik zu demonstrieren. Polizei und Beh\u00f6rden rechnen bundesweit mit starken Verkehrsbeeintr\u00e4chtigungen durch Stra\u00dfenblockaden und andere Aktionen mit Treckern und anderem landwirtschaftlichem Ger\u00e4t.<\/p>\n<h3>Keine pauschale Freistellung<\/h3>\n<p>\u00bbSollten einzelne Sch\u00fclerinnen und Sch\u00fcler aufgrund lagebedingter Verkehrsbehinderungen nicht zum Unterricht erscheinen, ist dies nicht als ein unentschuldigtes Fehlen einzuordnen\u00ab, teilte das Bildungsministerium in <a href=\"https:\/\/www.spiegel.de\/thema\/thueringen\/\" rel=\"noreferrer noopener\" target=\"_blank\">Th\u00fcringen<\/a> mit.<\/p>\n<p>Eine \u00e4hnliche Ansage kommt vom bayerischen Kultusministerium: \u00bbSch\u00fclerinnen und Sch\u00fcler, die wegen ausfallender Busse und Bahnen nicht zur Schule kommen k\u00f6nnen und \u00fcber keine alternativen Fahrtm\u00f6glichkeiten verf\u00fcgen, k\u00f6nnen ausnahmsweise dem Pr\u00e4senzunterricht fernbleiben\u00ab, steht auf der Homepage des Ministeriums. Allerdings m\u00fcsse die Schule \u2013 \u00e4hnlich wie bei einer Krankmeldung \u2013 umgehend informiert werden. Je nach Situation vor Ort seien im Einzelfall auch andere Ma\u00dfnahmen m\u00f6glich, etwa Distanzunterricht. Eine landesweite Regelung bestehe nicht.<\/p>\n<p>Das Schweriner Bildungsministerium teilte mit, dass Sch\u00fcler und Sch\u00fclerinnen, die in Mecklenburg-Vorpommern wegen der Bauernproteste nicht zur Schule kommen, als entschuldigt gelten. Ein Sprecher stellte klar, dass es sich nicht um eine pauschale Freistellung handle. Eltern sollten selbst entscheiden, ob sich Kinder und Jugendliche auf den Schulweg machen und trotz m\u00f6glicher Verkehrsbehinderungen am Unterricht in der Schule teilnehmen sollen.<\/p>\n<p>Auch in Rheinland-Pfalz werde eine \u00bbgro\u00dfz\u00fcgige Entschuldigungspraxis angewendet\u00ab, k\u00fcndigte das Bildungsministerium an, wenn Sch\u00fclerinnen und Sch\u00fcler nicht kommen k\u00f6nnten oder von ihren Eltern nicht geschickt w\u00fcrden. Der Tag werde nicht als Fehltag gewertet.<\/p>\n","protected":false},"excerpt":{"rendered":"<p>Die Sch\u00fclerinnen und Sch\u00fcler im Landkreis Friesland m\u00fcssen am ersten Tag nach den Weihnachtsferien nicht zum Unterricht erscheinen. Wegen der Bauernproteste k\u00f6nne es zu \u00bberheblichen Verkehrsbeeintr\u00e4chtigungen\u00ab kommen, hei\u00dft es auf<\/p>\n","protected":false},"author":1,"featured_media":25790,"comment_status":"open","ping_status":"open","sticky":false,"template":"","format":"standard","meta":{"footnotes":""},"categories":[1],"tags":[],"class_list":["post-25789","post","type-post","status-publish","format-standard","has-post-thumbnail","hentry","category-nachrichten"],"_links":{"self":[{"href":"https:\/\/onlinetranslators.de\/news\/wp-json\/wp\/v2\/posts\/25789","targetHints":{"allow":["GET"]}}],"collection":[{"href":"https:\/\/onlinetranslators.de\/news\/wp-json\/wp\/v2\/posts"}],"about":[{"href":"https:\/\/onlinetranslators.de\/news\/wp-json\/wp\/v2\/types\/post"}],"author":[{"embeddable":true,"href":"https:\/\/onlinetranslators.de\/news\/wp-json\/wp\/v2\/users\/1"}],"replies":[{"embeddable":true,"href":"https:\/\/onlinetranslators.de\/news\/wp-json\/wp\/v2\/comments?post=25789"}],"version-history":[{"count":0,"href":"https:\/\/onlinetranslators.de\/news\/wp-json\/wp\/v2\/posts\/25789\/revisions"}],"wp:featuredmedia":[{"embeddable":true,"href":"https:\/\/onlinetranslators.de\/news\/wp-json\/wp\/v2\/media\/25790"}],"wp:attachment":[{"href":"https:\/\/onlinetranslators.de\/news\/wp-json\/wp\/v2\/media?parent=25789"}],"wp:term":[{"taxonomy":"category","embeddable":true,"href":"https:\/\/onlinetranslators.de\/news\/wp-json\/wp\/v2\/categories?post=25789"},{"taxonomy":"post_tag","embeddable":true,"href":"https:\/\/onlinetranslators.de\/news\/wp-json\/wp\/v2\/tags?post=25789"}],"curies":[{"name":"wp","href":"https:\/\/api.w.org\/{rel}","templated":true}]}}