{"id":25707,"date":"2024-01-04T11:27:32","date_gmt":"2024-01-04T08:27:32","guid":{"rendered":"https:\/\/onlinetranslators.de\/news\/nachrichten\/news-hisbollah-israel-kai-wegner-olaf-scholz\/"},"modified":"2024-01-04T11:27:32","modified_gmt":"2024-01-04T08:27:32","slug":"news-hisbollah-israel-kai-wegner-olaf-scholz","status":"publish","type":"post","link":"https:\/\/onlinetranslators.de\/news\/nachrichten\/news-hisbollah-israel-kai-wegner-olaf-scholz\/","title":{"rendered":"News: Hisbollah, Israel, Kai Wegner, Olaf Scholz"},"content":{"rendered":"<h3>Das Private ist politisch<\/h3>\n<p class=\"caps\">Eine Grundfrage, die man sich als Politikjournalist immer wieder stellen muss, lautet: Wann ist es in Ordnung, \u00fcber das Privatleben von Politikerinnen und Politikern zu berichten? In erster Linie h\u00e4ngt das nat\u00fcrlich davon ab, wie viel ein Politiker, eine Politikerin selbst von seinem oder ihrem Privatleben preisgibt. Manche wollen gar keinen Einblick gew\u00e4hren, das gilt es zu respektieren. Es soll allerdings b\u00f6sen Ger\u00fcchten zufolge schon Minister, Parteichefs oder gar Kanzler gegeben haben, die das eigene Familienleben zum Zweck der Imagepflege \u00f6ffentlich pr\u00e4sentierten. Wer das tut, muss dann auch damit leben, wenn die Berichterstattung \u00fcber das Private nicht so ausf\u00e4llt wie gew\u00fcnscht, wenn zum Beispiel eine vermeintliche Idylle als reine Fassade entlarvt wird.<\/p>\n<p>In Berlin wird gerade \u00f6ffentlich \u00fcber das Privatleben des Regierenden B\u00fcrgermeisters Kai Wegner von der CDU geredet, und das ist aus einem ganz anderen Grund absolut zul\u00e4ssig. Wegner und seine Bildungssenatorin Katharina G\u00fcnther-W\u00fcnsch sind offenbar ein Paar. Das haben meine Kollegen Florian Gathmann und Hannes Schrader erfahren, nachdem zun\u00e4chst die \u00bbBild\u00ab-Zeitung dar\u00fcber berichtet hatte.<\/p>\n<p>In diesem Fall ist Wegners Privatleben eindeutig politisch relevant, denn der Vorgang wirft nat\u00fcrlich Fragen auf \u2013 unter anderem danach, wie lang die beiden schon liiert sind. Seit April ist Wegner B\u00fcrgermeister und G\u00fcnther-W\u00fcnsch Bildungssenatorin. Man kann es vorsichtig so formulieren: In gr\u00f6\u00dferen Unternehmen w\u00fcrde so etwas die Compliance-Abteilung auf den Plan rufen.<\/p>\n<p>In Berlin d\u00fcrfte nun stattdessen die Opposition aktiv werden, das erwartet jedenfalls der Kollege Hannes Schrader. \u00bbAm 11. Januar ist die n\u00e4chste Sitzung des Bildungsausschusses, und man darf von der Opposition erwarten, dass sie den Vorgang da zum Thema macht\u00ab, sagt er. \u00bbIn diesem Fall geht es ja nicht um eine Privatsache, sondern um die Frage, ob hier Privates und Politisches unzul\u00e4ssig verquickt wurde.\u00ab<\/p>\n<ul>\n<li>\n<p>Kai Wegner \u2013 <a href=\"https:\/\/www.spiegel.de\/politik\/deutschland\/kai-wegner-und-katharina-guenther-wuensch-berlins-regierungschef-soll-mit-bildungs-senatorin-liiert-sein-a-c6c5ad33-23b9-4c7b-99d9-3b745d88f6d5\" rel=\"noreferrer noopener\" target=\"_blank\">Berlins Regierungschef soll mit Bildungs\u00adsenatorin liiert sein<\/a><\/p>\n<\/li>\n<li>\n<p>Berlins Regierender B\u00fcrgermeister und seine Senatorin \u2013 <a href=\"https:\/\/www.spiegel.de\/panorama\/kai-wegner-und-katharina-guenther-wuensch-verbotene-liebe-a-6ceb1532-87ae-4dec-97a5-787148f8fa7f\" rel=\"noreferrer noopener\" target=\"_blank\">Verbotene Liebe?                                       <\/a><\/p>\n<\/li>\n<\/ul>\n<h3>Angst vor dem Fl\u00e4chenbrand<\/h3>\n<p>Ich wei\u00df nicht, wie es Ihnen geht, aber mein erster Griff morgens ist normalerweise der zum Smartphone. Das mag nicht gesund sein, aber das Telefon ist nicht nur mein Wecker, sondern informiert mich auch dar\u00fcber, was in der Nacht passiert ist, was ich wissen sollte, was ich verpasst habe, seit ich zum letzten Mal draufgeschaut oder den Fernseher ausgeschaltet habe. In den vergangenen Monaten war das manchmal anders. Da habe ich es so lang wie m\u00f6glich hinausgez\u00f6gert, mir morgens einen \u00dcberblick zu verschaffen. Weil vor allem die Nachrichten aus Nahost oder der Ukraine eines gemeinsam haben: Sie sind f\u00fcrchterlich.<\/p>\n<p>Das Ph\u00e4nomen hat einen Namen, es hei\u00dft \u00bbNews Avoidance\u00ab, also, w\u00f6rtlich \u00fcbersetzt: Nachrichtenvermeidung. Die betreibe ich nat\u00fcrlich nur im ganz kleinen Stil, es geht da um ein paar Minuten am Morgen, aber es gibt Menschen, die wollen sich den vielen schlimmen Neuigkeiten aus aller Welt gar nicht mehr aussetzen. Sie machen dicht, lesen und h\u00f6ren keine Nachrichten mehr.<\/p>\n<p>Ich finde das gef\u00e4hrlich, denn wie will man sich ohne Nachrichten eine Meinung bilden, am demokratischen Diskurs teilnehmen? Zugleich habe ich irgendwie Verst\u00e4ndnis, erst recht angesichts der Nachrichten, die zuletzt aus Beirut kamen. Dort hat am Dienstag mutma\u00dflich eine israelische Drohne Saleh al-Arouri get\u00f6tet, einen der wichtigsten Kommandeure der Hamas, au\u00dferdem starben mehrere weitere Personen.<\/p>\n<p>Die gro\u00dfe Frage seither: Was passiert als N\u00e4chstes?<\/p>\n<p>Wie wird die Hisbollah reagieren? Kommt es jetzt doch zum Fl\u00e4chenbrand, zum ganz gro\u00dfen Krieg, den viele schon lange f\u00fcrchten? Schie\u00dft die Hisbollah noch mehr Raketen auf Israel ab? Marschiert Israel im Libanon ein?<\/p>\n<p>Gestern hat Hisbollah-F\u00fchrer Hassan Nasrallah Israel f\u00fcr die T\u00f6tung des Hamas-Kommandeurs verantwortlich gemacht und mit einem Krieg ohne Beschr\u00e4nkungen und Regeln gedroht. Die Nachrichten aus dem Nahen Osten d\u00fcrften in n\u00e4chster Zeit nicht besser werden.<\/p>\n<ul>\n<li>\n<p>Tod von Hamas-Topkommandeur \u2013 <a href=\"https:\/\/www.spiegel.de\/ausland\/hassan-nasrallah-hisbollah-fuehrer-spricht-drohung-gegen-israel-aus-a-45f8c746-c069-4b54-b575-15bc5e479b72\" rel=\"noreferrer noopener\" target=\"_blank\">Hisbollah-F\u00fchrer droht Israel mit Kampf \u00bbohne Beschr\u00e4nkung\u00ab<\/a><\/p>\n<\/li>\n<\/ul>\n<p>Mehr Nachrichten und Hintergr\u00fcnde zum Israel-Gaza-Krieg finden Sie hier:<\/p>\n<ul>\n<li>\n<p><strong>Von der Eichmann-Entf\u00fchrung bis zum \u00bbZorn Gottes\u00ab: <\/strong>In Beirut ist ein Hamas-Funktion\u00e4r durch eine Explosion gestorben, einiges deutet auf eine israelische Tat hin. Der Mossad ist f\u00fcr spektakul\u00e4re Aktionen bekannt: Morde, Entf\u00fchrungen \u2013 <a href=\"https:\/\/www.spiegel.de\/ausland\/israel-mossad-aktionen-von-der-eichmann-entfuehrung-bis-zum-zorn-gottes-a-9663cd95-2d00-49e5-a848-8633a94d3491\" rel=\"noreferrer noopener\" target=\"_blank\">aber auch misslungene Attentate <\/a>.<\/p>\n<\/li>\n<li>\n<p><strong>EU-Chefdiplomat Borrell nennt \u00c4u\u00dferungen aus israelischer Regierung \u00bbhetzerisch\u00ab: <\/strong>Teile der Regierung Netanyahu pl\u00e4dieren f\u00fcr eine israelische Wiederbesiedlung des Gazastreifens nach dem Krieg gegen die Hamas. Daran gibt es deutliche Kritik \u2013 <a href=\"https:\/\/www.spiegel.de\/ausland\/eu-chefdiplomat-josip-borrell-nennt-aeusserungen-aus-israelischer-regierung-hetzerisch-a-6ee53d44-686c-4444-8eb5-b3ef1273a04e\" rel=\"noreferrer noopener\" target=\"_blank\">nun auch mit scharfen Worten aus der EU<\/a>.<\/p>\n<\/li>\n<li>\n<p><strong>Donnerschlag im Stammgebiet: <\/strong>Durch die T\u00f6tung von Saleh al-Arouri mitten in der Beiruter Hisbollah-Hochburg stehen die Waffenbr\u00fcder der Hamas nun unter Zugzwang. Offen ist nur, wie stark ihre Vergeltung ausfallen wird. <a href=\"https:\/\/www.spiegel.de\/ausland\/israel-droht-nach-der-toetung-des-hamas-fuehrers-saleh-al-arouri-in-beirut-ein-grosser-krieg-a-50233086-30da-4b0d-8d6e-a0e8a72a9662\" rel=\"noreferrer noopener\" target=\"_blank\">Droht eine Ausweitung des Krieges in Nahost? <\/a><\/p>\n<\/li>\n<\/ul>\n<h3>Eine Frau mit Haltung<\/h3>\n<p>Ein g\u00e4ngiges, wenn nicht sogar das g\u00e4ngigste Vorurteil \u00fcber Politiker lautet ja, sie erz\u00e4hlten den Leuten so ziemlich alles, was die Leute h\u00f6ren wollten, nur um deren Stimme zu bekommen. Und nat\u00fcrlich gibt es sie auch in der Politik, die Nach-dem-Mund-Redner, so wie es sie in der Firma und im Sportverein (und ganz eventuell sogar im Journalismus) gibt. Es gibt aber genauso die andere Sorte, diejenigen, die das bewusst nicht tun. Und damit zu Petra K\u00f6pping.<\/p>\n<p>K\u00f6pping ist in Sachsen Staatsministerin f\u00fcr Soziales und Gesellschaftlichen Zusammenhalt, au\u00dferdem ist sie die Spitzenkandidatin der SPD f\u00fcr die Landtagswahl im September. Zuletzt kam die s\u00e4chsische SPD in einer Umfrage auf gerade noch drei Prozent. Man kann also sagen, dass Petra K\u00f6pping durchaus Grund h\u00e4tte, mal ein paar W\u00e4hlern nach dem Mund zu reden. Tut sie aber nicht.<\/p>\n<p>Sie hat meinen Kollegen Sebastian Fischer und Christian Teevs ein Interview gegeben, an dem ich vor allem die Passagen bemerkenswert finde, in denen es um die Unterst\u00fctzung der Ukraine geht. Zahlreiche Umfragen belegen, dass die W\u00e4hler im Osten der Republik diese Unterst\u00fctzung, vor allem die milit\u00e4rische, deutlich skeptischer sehen als die W\u00e4hler im Westen. K\u00f6ppings Chef, der CDU-Ministerpr\u00e4sident Michael Kretschmer, hat das genau auf dem Schirm. Zuletzt legte er der Ukraine nah, vor\u00fcbergehend auf Teile ihres Staatsgebiets zu verzichten.<\/p>\n<p>K\u00f6pping dagegen antwortet auf die Frage der Kollegen, wie lange Deutschland der Ukraine noch helfen solle: \u00bbSo lange wie die Ukraine das von uns erwartet.\u00ab Sie stellt sich auch denjenigen entgegen, die stets so tun, als m\u00fcsse man sich nur an den Verhandlungstisch setzen, und alles w\u00fcrde gut: \u00bbNichts spricht dagegen, sich f\u00fcr Friedensgespr\u00e4che einzusetzen, aber Russland hat doch bislang gar kein Interesse daran.\u00ab<\/p>\n<p>\u00dcber Kretschmers j\u00fcngsten Vorsto\u00df sagt sie: \u00bbEs ist gut, dass der Ministerpr\u00e4sident die Stimmung im Volk aufnimmt. Was ich nicht so gut finde: Wenn er den Menschen einfach nach dem Mund redet.\u00ab Und: \u00bbIch darf nicht suggerieren, es gebe da eine vermeintlich ganz einfache L\u00f6sung, die Ukraine m\u00fcsse nur bittesch\u00f6n auf ein paar Gebiete verzichten. Das ist unaufrichtig.\u00ab<\/p>\n<p>Viele W\u00e4hlerstimmen d\u00fcrfte sie damit in Sachsen eher nicht gewinnen. Aber Respekt f\u00fcr ihre Haltung, den hat sie verdient.<\/p>\n<ul>\n<li>\n<p>S\u00e4chsische SPD-Ministerin K\u00f6pping \u2013 <a href=\"https:\/\/www.spiegel.de\/politik\/deutschland\/petra-koepping-wir-sollten-die-chancen-eines-afd-verbots-regelmaessig-pruefenn-a-8c2873ac-ecf3-45cf-bc40-587ea25984f3\" rel=\"noreferrer noopener\" target=\"_blank\">\u00bbWir sollten die Chancen eines AfD-Verbots regelm\u00e4\u00dfig pr\u00fcfen\u00ab <\/a><\/p>\n<\/li>\n<\/ul>\n<h3>Lesen Sie hier den aktuellen SPIEGEL-Leitartikel<\/h3>\n<ul>\n<li>\n<p><strong>Putin wird so weit gehen, wie wir ihn gehen lassen: <\/strong>An einem Tag signalisiert der russische Pr\u00e4sident Verhandlungsbereitschaft, am n\u00e4chsten l\u00e4sst er Raketen auf die Ukraine regnen. Der Westen sollte sich nicht beirren lassen <a href=\"https:\/\/www.spiegel.de\/ausland\/russland-und-die-ukraine-wladimir-putin-wird-so-weit-gehen-wie-wir-ihn-gehen-lassen-a-f9f27d91-6286-4b04-a5b7-17ee927d80aa\" rel=\"noreferrer noopener\" target=\"_blank\">und Kiew milit\u00e4risch und politisch st\u00e4rken<\/a>.<\/p>\n<\/li>\n<\/ul>\n<h3>Hier geht\u2019s zum aktuellen Tagesquiz<\/h3>\n<h3>Verlierer oder Gewinner des Tages\u2026<\/h3>\n<p>\u2026 k\u00f6nnte heute der Bundeskanzler werden. Olaf Scholz reist nach Oberr\u00f6blingen. Oberr\u00f6blingen ist ein Stadtteil von Sangerhausen im Landkreis Mansfeld-S\u00fcdharz, Sachsen-Anhalt, vor allem aber liegt es im Hochwassergebiet, weshalb der Kanzler sich dort ein Bild von der Lage machen will. Begleitet wird er von Reiner Haseloff, dem CDU-Ministerpr\u00e4sidenten von Sachsen-Anhalt. Sp\u00e4ter wollen beide in der Ortschaft Berga noch mit Helferinnen und Helfern sprechen. Nicht alle Menschen im Flutgebiet d\u00fcrften Scholz willkommen hei\u00dfen, vielleicht werden einige ihn sogar beschimpfen, so war es jedenfalls bei seinem Besuch im nieders\u00e4chsischen Flutgebiet an Silvester. Wie der Besuch ausgeht, welchen Eindruck er hinterl\u00e4sst, liegt auch am Kanzler selbst. Gelingt es ihm, glaubhaft so etwas wie N\u00e4he zu erzeugen, Mitgef\u00fchl zu zeigen? Man glaubt es kaum, aber Scholz kann das durchaus. Zumindest an guten Tagen.<\/p>\n<ul>\n<li>\n<p>Kanzler im Hochwassergebiet \u2013 <a href=\"https:\/\/www.spiegel.de\/politik\/hochwasser-olaf-scholz-zu-besuch-im-niedersaechsischen-verden-an-der-aller-eingetroffen-a-20a65715-b3fd-4cb0-8110-f7959ffb66a9\" rel=\"noreferrer noopener\" target=\"_blank\">Scholz dankt Helfern und versichert Unterst\u00fctzung des Bundes \u2013 \u00bbmit seinen M\u00f6glichkeiten\u00ab<\/a><\/p>\n<\/li>\n<\/ul>\n<h3>Die j\u00fcngsten Meldungen aus der Nacht<\/h3>\n<ul>\n<li>\n<p><strong>US-Gericht ver\u00f6ffentlicht Epstein-Dokumente mit Klarnamen:<\/strong> Ein Gericht hat Unterlagen zum Missbrauchsskandal um Jeffrey Epstein freigegeben. Darin werden viele Klarnamen von zuvor meist anonym behandelten Personen genannt \u2013 <a href=\"https:\/\/www.spiegel.de\/panorama\/justiz\/jeffrey-epstein-us-gericht-gibt-dokumente-mit-klarnamen-frei-a-2b8cdab8-eb7b-45ef-a531-88905a21808d\" rel=\"noreferrer noopener\" target=\"_blank\">darunter Bill Clinton, Prinz Andrew und Michael Jackson<\/a>.<\/p>\n<\/li>\n<li>\n<p><strong>Bundesanwaltschaft ermittelt wegen m\u00f6glicher Sabotage an Gaspipeline:<\/strong> An einer neuen Fl\u00fcssiggas-Leitung in Schleswig-Holstein sollen an mehreren Stellen Bohrl\u00f6cher entdeckt worden sein. <a href=\"https:\/\/www.spiegel.de\/panorama\/justiz\/neue-lng-pipeline-in-norddeutschland-bundesanwaltschaft-ermittelt-wegen-moeglicher-sabotage-a-8f52e0dd-40c9-4cfc-b1ce-4e33a2bd0eb8\" rel=\"noreferrer noopener\" target=\"_blank\">Der mutma\u00dfliche Anschlagsversuch besch\u00e4ftigt die Sicherheitsbeh\u00f6rden<\/a>.<\/p>\n<\/li>\n<li>\n<p><strong>Trump wendet sich wegen Vorwahlsperre in Colorado an Supreme Court:<\/strong> Das Oberste Gericht Colorados hat Donald Trump von der Vorwahl in dem US-Bundesstaat ausgeschlossen. Die Anw\u00e4lte des Ex-Pr\u00e4sidenten fordern jetzt vom Supreme Court in Washington, <a href=\"https:\/\/www.spiegel.de\/ausland\/donald-trump-wendet-sich-wegen-vorwahlsperre-in-colorado-an-supreme-court-a-e45cae08-0a71-4e6b-8d2c-6e7dfac5b3aa\" rel=\"noreferrer noopener\" target=\"_blank\">die Sperre \u00bbumgehend aufzuheben\u00ab<\/a>.<\/p>\n<\/li>\n<\/ul>\n<h3>Die SPIEGEL+-Empfehlungen f\u00fcr heute<\/h3>\n<ul>\n<li>\n<p><strong>B\u00fcrgerinitiativen versuchen, Containersiedlungen zu verhindern:<\/strong> Im gr\u00fcn regierten Greifswald gelang es einer Initiative per B\u00fcrgerentscheid, eine Asylunterkunft zu verhindern. Seitdem gibt es Nachahmer, auch die extreme Rechte mischt mit. <a href=\"https:\/\/www.spiegel.de\/panorama\/gesellschaft\/greifswald-grevesmuehlen-wie-buergerinitiativen-fluechtlingsunterkuenfte-verhindern-wollen-a-8cd16baa-93f2-44df-ba66-6823a93afca7\" rel=\"noreferrer noopener\" target=\"_blank\">Ist der Demokratie damit geholfen? <\/a><\/p>\n<\/li>\n<li>\n<p><strong>Das sind die f\u00fcnf besten Di\u00e4tkonzepte: <\/strong>Die Stiftung Warentest hat 15 unterschiedliche Di\u00e4ttypen wissenschaftlich \u00fcberpr\u00fcft. Testerin Ina Bockholt verr\u00e4t, welche sie empfiehlt, wovon sie dringend abr\u00e4t und wie die Ern\u00e4hrungsumstellung <a href=\"https:\/\/www.spiegel.de\/gesundheit\/ernaehrung\/intervallfasten-low-carb-oder-doch-paleo-das-sind-die-fuenf-besten-diaetkonzepte-a-f11cfe78-6b3a-4ee6-a867-f21a09bd02d1\" rel=\"noreferrer noopener\" target=\"_blank\">dauerhaft gelingt <\/a>.<\/p>\n<\/li>\n<li>\n<p><strong>Stress ist eigentlich unser Freund: <\/strong>Jetzt mal in Ruhe: Warum haben eigentlich immer alle so einen Stress mit dem Stress? Wir sollten ihn nicht verfluchen, sondern umarmen und zu uns einladen. Denn er kann <a href=\"https:\/\/www.spiegel.de\/psychologie\/einladung-zum-stress-fest-a-794fa1cb-ca45-4be4-ae0d-2942963af726\" rel=\"noreferrer noopener\" target=\"_blank\">sehr hilfreich sein <\/a>.<\/p>\n<\/li>\n<li>\n<p><strong>Die Erfindung des Mietkriegers<\/strong>: Griechen k\u00e4mpften als persische Krieger gegen Griechen \u2013 in der Antike war das v\u00f6llig normal. Die Hellenen waren das S\u00f6ldnervolk schlechthin im \u00f6stlichen Mittelmeerraum. Sie hatten einen <a href=\"https:\/\/www.spiegel.de\/geschichte\/antike-soeldner-die-erfindung-des-mietkriegers-a-78ea4bc6-f1d9-4604-8b96-8b18ab95b4e2\" rel=\"noreferrer noopener\" target=\"_blank\">starken Antrieb <\/a>.<\/p>\n<\/li>\n<\/ul>\n<p>Ich w\u00fcnsche Ihnen einen guten Start in den Tag.<\/p>\n<p><em>Ihr <a href=\"https:\/\/www.spiegel.de\/impressum\/autor-971aba0d-0001-0003-0000-000000001538\" rel=\"noreferrer noopener\" target=\"_blank\">Christoph Hickmann<\/a>, Leiter des SPIEGEL-Hauptstadtb\u00fcros<\/em><\/p>\n","protected":false},"excerpt":{"rendered":"<p>Das Private ist politisch Eine Grundfrage, die man sich als Politikjournalist immer wieder stellen muss, lautet: Wann ist es in Ordnung, \u00fcber das Privatleben von Politikerinnen und Politikern zu berichten?<\/p>\n","protected":false},"author":1,"featured_media":25708,"comment_status":"open","ping_status":"open","sticky":false,"template":"","format":"standard","meta":{"footnotes":""},"categories":[1],"tags":[],"class_list":["post-25707","post","type-post","status-publish","format-standard","has-post-thumbnail","hentry","category-nachrichten"],"_links":{"self":[{"href":"https:\/\/onlinetranslators.de\/news\/wp-json\/wp\/v2\/posts\/25707","targetHints":{"allow":["GET"]}}],"collection":[{"href":"https:\/\/onlinetranslators.de\/news\/wp-json\/wp\/v2\/posts"}],"about":[{"href":"https:\/\/onlinetranslators.de\/news\/wp-json\/wp\/v2\/types\/post"}],"author":[{"embeddable":true,"href":"https:\/\/onlinetranslators.de\/news\/wp-json\/wp\/v2\/users\/1"}],"replies":[{"embeddable":true,"href":"https:\/\/onlinetranslators.de\/news\/wp-json\/wp\/v2\/comments?post=25707"}],"version-history":[{"count":0,"href":"https:\/\/onlinetranslators.de\/news\/wp-json\/wp\/v2\/posts\/25707\/revisions"}],"wp:featuredmedia":[{"embeddable":true,"href":"https:\/\/onlinetranslators.de\/news\/wp-json\/wp\/v2\/media\/25708"}],"wp:attachment":[{"href":"https:\/\/onlinetranslators.de\/news\/wp-json\/wp\/v2\/media?parent=25707"}],"wp:term":[{"taxonomy":"category","embeddable":true,"href":"https:\/\/onlinetranslators.de\/news\/wp-json\/wp\/v2\/categories?post=25707"},{"taxonomy":"post_tag","embeddable":true,"href":"https:\/\/onlinetranslators.de\/news\/wp-json\/wp\/v2\/tags?post=25707"}],"curies":[{"name":"wp","href":"https:\/\/api.w.org\/{rel}","templated":true}]}}