{"id":25607,"date":"2023-12-31T02:36:28","date_gmt":"2023-12-30T23:36:28","guid":{"rendered":"https:\/\/onlinetranslators.de\/news\/nachrichten\/olaf-scholz-gibt-sich-in-neujahrsansprache-optimistisch\/"},"modified":"2023-12-31T02:36:28","modified_gmt":"2023-12-30T23:36:28","slug":"olaf-scholz-gibt-sich-in-neujahrsansprache-optimistisch","status":"publish","type":"post","link":"https:\/\/onlinetranslators.de\/news\/nachrichten\/olaf-scholz-gibt-sich-in-neujahrsansprache-optimistisch\/","title":{"rendered":"Olaf Scholz gibt sich in Neujahrsansprache optimistisch"},"content":{"rendered":"<p class=\"caps\">Bundeskanzler Olaf Scholz gibt sich in seiner diesj\u00e4hrigen Neujahrsansprache optimistisch, dass Deutschland den Herausforderungen dieser Zeit gewachsen ist. \u00bbWir kommen auch mit Gegenwind zurecht\u00ab, sagte der SPD-Politiker in seiner Neujahrsansprache. \u00bbDas macht die Herausforderungen unserer Zeit nicht kleiner.\u00ab<\/p>\n<p>Jeder und jede in diesem Land werde gebraucht, so Scholz \u2013 \u00bbdie Spitzen-Forscherin genauso wie der Altenpfleger, die Polizistin genauso wie der Paketbote, die Rentnerin genauso wie der junge Auszubildende\u00ab, sagte Scholz. \u00bbWenn wir uns gegenseitig mit diesem Respekt begegnen, dann brauchen wir keine Angst zu haben vor der Zukunft.\u00ab<\/p>\n<p>Scholz sprach aber auch von Verst\u00e4ndnis f\u00fcr die Sorgen der B\u00fcrgerinnen und B\u00fcrger. \u00bbKaum war Corona halbwegs vorbei, brach Russland mitten in Europa einen unerbittlichen Krieg vom Zaun\u00ab, sagte er. Kurz darauf habe der russische Pr\u00e4sident Wladimir Putin den Gashahn abgedreht, und im Herbst habe es noch den brutalen Terrorangriff der Hamas auf Israel gegeben. \u00bbUnsere Welt ist unruhiger und rauer geworden. Sie ver\u00e4ndert sich in geradezu atemberaubender Geschwindigkeit.\u00ab<\/p>\n<h3>Investitionen in Stra\u00dfen und Bahn<\/h3>\n<p>Deshalb m\u00fcsse auch Deutschland sich ver\u00e4ndern. \u00bbBei einigen sorgt das auch f\u00fcr Unzufriedenheit. Ich nehme mir das zu Herzen\u00ab, sagte er. \u00bbUnd zugleich wei\u00df ich: Wir in Deutschland kommen da durch\u00ab.<\/p>\n<p>Scholz k\u00fcndigte an, kraftvoll in die Zukunft investieren zu wollen. \u00bbDenn wer in diesen Tagen mit der Bahn unterwegs ist oder vor einer maroden Br\u00fccke im Stau steht, der merkt: Unser Land wurde zu lange auf Verschlei\u00df gefahren. Deshalb investieren wir jetzt: in ordentliche Stra\u00dfen und eine bessere Bahn.\u00ab<\/p>\n<p>Das alles sei jedoch vor dem Hintergrund des weitreichenden Urteils des Bundesverfassungsgerichts von Mitte November nicht einfacher geworden. \u00bbNicht alle Vorhaben, die wir in den Blick genommen hatten, werden wir umsetzen k\u00f6nnen.\u00ab<\/p>\n<p>Mitte November hatte das Bundesverfassungsgericht die Umwidmung von 60 Milliarden Euro im <a href=\"https:\/\/www.spiegel.de\/politik\/deutschland\/bundesverfassungsgericht-erklaert-nachtragshaushalt-2021-fuer-verfassungswidrig-a-f856c299-d886-4370-a59c-65fdaa054315\" rel=\"noreferrer noopener\" target=\"_blank\">Etat 2021 f\u00fcr nichtig erkl\u00e4rt<\/a>. Das Geld war als Corona-Kredit bewilligt worden, sollte aber nachtr\u00e4glich f\u00fcr den Klimaschutz und die Modernisierung der Wirtschaft eingesetzt werden. Zugleich entschieden die Richter, der Staat d\u00fcrfe sich Notlagenkredite nicht f\u00fcr sp\u00e4tere Jahre zur\u00fccklegen.<\/p>\n<p>Der Kanzler fand auch kritische Worte f\u00fcr die Politik des auslaufenden Jahres. \u00bbDiskussionen \u00fcber den richtigen Weg geh\u00f6ren dazu. Das Ringen um faire Kompromisse ebenfalls \u2013 auch wenn ich auf manch laute Debatte in den vergangenen Wochen und Monaten durchaus h\u00e4tte verzichten k\u00f6nnen.\u00ab<\/p>\n<p>Mit Blick auf das aktuelle<a href=\"https:\/\/www.spiegel.de\/panorama\/hochwasser-in-deutschland-lage-bleibt-angespannt-pegelstaende-steigen-vielerorts-weiter-a-70ccf892-6a66-41c2-964a-a4a6dc063d7f\" rel=\"noreferrer noopener\" target=\"_blank\"> Hochwasser in Teilen Deutschlands<\/a> dankte der Kanzler \u00bball den Frauen und M\u00e4nnern von der Feuerwehr und Bundeswehr, vom THW, den Rettungsdiensten und den vielen freiwilligen Helferinnen und Helfern, die mit ganzer Kraft gegen das Hochwasser k\u00e4mpfen\u00ab. Er \u00e4u\u00dferte auch sein Mitgef\u00fchl f\u00fcr die Betroffenen, \u00bbdie wir in diesen schweren Stunden nicht alleine lassen\u00ab.<\/p>\n<p>Die Ansprache des Kanzlers wurde aufgezeichnet, der Text am Samstag verbreitet. \u00d6ffentlich-rechtliche Sender strahlen die Neujahrsrede am Sonntag um 20:10 Uhr aus.<\/p>\n","protected":false},"excerpt":{"rendered":"<p>Bundeskanzler Olaf Scholz gibt sich in seiner diesj\u00e4hrigen Neujahrsansprache optimistisch, dass Deutschland den Herausforderungen dieser Zeit gewachsen ist. \u00bbWir kommen auch mit Gegenwind zurecht\u00ab, sagte der SPD-Politiker in seiner Neujahrsansprache.<\/p>\n","protected":false},"author":1,"featured_media":25608,"comment_status":"open","ping_status":"open","sticky":false,"template":"","format":"standard","meta":{"footnotes":""},"categories":[1],"tags":[],"class_list":["post-25607","post","type-post","status-publish","format-standard","has-post-thumbnail","hentry","category-nachrichten"],"_links":{"self":[{"href":"https:\/\/onlinetranslators.de\/news\/wp-json\/wp\/v2\/posts\/25607","targetHints":{"allow":["GET"]}}],"collection":[{"href":"https:\/\/onlinetranslators.de\/news\/wp-json\/wp\/v2\/posts"}],"about":[{"href":"https:\/\/onlinetranslators.de\/news\/wp-json\/wp\/v2\/types\/post"}],"author":[{"embeddable":true,"href":"https:\/\/onlinetranslators.de\/news\/wp-json\/wp\/v2\/users\/1"}],"replies":[{"embeddable":true,"href":"https:\/\/onlinetranslators.de\/news\/wp-json\/wp\/v2\/comments?post=25607"}],"version-history":[{"count":0,"href":"https:\/\/onlinetranslators.de\/news\/wp-json\/wp\/v2\/posts\/25607\/revisions"}],"wp:featuredmedia":[{"embeddable":true,"href":"https:\/\/onlinetranslators.de\/news\/wp-json\/wp\/v2\/media\/25608"}],"wp:attachment":[{"href":"https:\/\/onlinetranslators.de\/news\/wp-json\/wp\/v2\/media?parent=25607"}],"wp:term":[{"taxonomy":"category","embeddable":true,"href":"https:\/\/onlinetranslators.de\/news\/wp-json\/wp\/v2\/categories?post=25607"},{"taxonomy":"post_tag","embeddable":true,"href":"https:\/\/onlinetranslators.de\/news\/wp-json\/wp\/v2\/tags?post=25607"}],"curies":[{"name":"wp","href":"https:\/\/api.w.org\/{rel}","templated":true}]}}