{"id":25585,"date":"2023-12-30T03:46:17","date_gmt":"2023-12-30T00:46:17","guid":{"rendered":"https:\/\/onlinetranslators.de\/news\/nachrichten\/silvester-arztekammer-fordert-bollerverbot\/"},"modified":"2023-12-30T03:46:17","modified_gmt":"2023-12-30T00:46:17","slug":"silvester-arztekammer-fordert-bollerverbot","status":"publish","type":"post","link":"https:\/\/onlinetranslators.de\/news\/nachrichten\/silvester-arztekammer-fordert-bollerverbot\/","title":{"rendered":"Silvester: \u00c4rztekammer fordert B\u00f6llerverbot"},"content":{"rendered":"<p class=\"caps\">Die Bundes\u00e4rztekammer fordert ein bundesweites B\u00f6llerverbot an Silvester. \u00bbDie politisch Verantwortlichen sollten eine Silvesternacht in einem Rettungswagen oder in einer Notfallambulanz verbringen, dann w\u00fcrde sich ihr Blick auf das scheinbar friedliche Silvesterfeuerwerk schnell \u00e4ndern\u00ab, sagte Kammer-Pr\u00e4sident Klaus Reinhardt laut einer Mitteilung vom Freitag in <a href=\"https:\/\/www.spiegel.de\/thema\/berlin\/\" rel=\"noreferrer noopener\" target=\"_blank\">Berlin<\/a>. Neben der erh\u00f6hten Verletzungsgefahr durch Raketen und B\u00f6ller seien insbesondere Rettungs- und Ordnungskr\u00e4fte zum Jahreswechsel Bedrohungen und Angriffen ausgesetzt.<\/p>\n<p>Vergangenes Jahr gab es laut \u00c4rztekammer allein 838 Menschen, die durch Silvesterknaller Verletzungen an den Augen erlitten \u2013 einen H\u00f6chststand. Das seien rund 300 Verletzte mehr als in den Jahren vor der Coronapandemie. Zusammen mit den Ohr-, Brand- und Handverletzungen lag die Zahl demnach im vierstelligen Bereich. Besonders tragisch sei die hohe Anzahl minderj\u00e4hriger Opfer.<\/p>\n<p>Die Bundes\u00e4rztekammer setze sich daher <a href=\"https:\/\/www.spiegel.de\/politik\/deutschland\/deutsche-umwelthilfe-fordert-sofortiges-feuerwerksverbot-an-silvester-a-c83cfc49-8aab-4da4-8a9c-ce091496c97f\" rel=\"noreferrer noopener\" target=\"_blank\">zusammen mit Umwelt- und Tierschutzorganisationen<\/a>, \u00c4rzteverb\u00e4nden und Polizei f\u00fcr ein B\u00f6llerverbot an Silvester ein und fordert Unterst\u00fctzung von Bund und L\u00e4ndern. \u00bbNiemand m\u00f6chte den Menschen die M\u00f6glichkeit nehmen, Silvester ausgelassen zu feiern. Aber f\u00fcr einen sch\u00f6nen Jahreswechsel braucht es kein Schwarzpulver\u00ab, so Reinhardt.<\/p>\n","protected":false},"excerpt":{"rendered":"<p>Die Bundes\u00e4rztekammer fordert ein bundesweites B\u00f6llerverbot an Silvester. \u00bbDie politisch Verantwortlichen sollten eine Silvesternacht in einem Rettungswagen oder in einer Notfallambulanz verbringen, dann w\u00fcrde sich ihr Blick auf das scheinbar<\/p>\n","protected":false},"author":1,"featured_media":25586,"comment_status":"open","ping_status":"open","sticky":false,"template":"","format":"standard","meta":{"footnotes":""},"categories":[1],"tags":[],"class_list":["post-25585","post","type-post","status-publish","format-standard","has-post-thumbnail","hentry","category-nachrichten"],"_links":{"self":[{"href":"https:\/\/onlinetranslators.de\/news\/wp-json\/wp\/v2\/posts\/25585","targetHints":{"allow":["GET"]}}],"collection":[{"href":"https:\/\/onlinetranslators.de\/news\/wp-json\/wp\/v2\/posts"}],"about":[{"href":"https:\/\/onlinetranslators.de\/news\/wp-json\/wp\/v2\/types\/post"}],"author":[{"embeddable":true,"href":"https:\/\/onlinetranslators.de\/news\/wp-json\/wp\/v2\/users\/1"}],"replies":[{"embeddable":true,"href":"https:\/\/onlinetranslators.de\/news\/wp-json\/wp\/v2\/comments?post=25585"}],"version-history":[{"count":0,"href":"https:\/\/onlinetranslators.de\/news\/wp-json\/wp\/v2\/posts\/25585\/revisions"}],"wp:featuredmedia":[{"embeddable":true,"href":"https:\/\/onlinetranslators.de\/news\/wp-json\/wp\/v2\/media\/25586"}],"wp:attachment":[{"href":"https:\/\/onlinetranslators.de\/news\/wp-json\/wp\/v2\/media?parent=25585"}],"wp:term":[{"taxonomy":"category","embeddable":true,"href":"https:\/\/onlinetranslators.de\/news\/wp-json\/wp\/v2\/categories?post=25585"},{"taxonomy":"post_tag","embeddable":true,"href":"https:\/\/onlinetranslators.de\/news\/wp-json\/wp\/v2\/tags?post=25585"}],"curies":[{"name":"wp","href":"https:\/\/api.w.org\/{rel}","templated":true}]}}