{"id":25567,"date":"2023-12-29T08:49:24","date_gmt":"2023-12-29T05:49:24","guid":{"rendered":"https:\/\/onlinetranslators.de\/news\/nachrichten\/news-merz-soder-wust-cdu-k-frage-kretschmer-ukraine-putin-sternsinger-scheuer\/"},"modified":"2023-12-29T08:49:24","modified_gmt":"2023-12-29T05:49:24","slug":"news-merz-soder-wust-cdu-k-frage-kretschmer-ukraine-putin-sternsinger-scheuer","status":"publish","type":"post","link":"https:\/\/onlinetranslators.de\/news\/nachrichten\/news-merz-soder-wust-cdu-k-frage-kretschmer-ukraine-putin-sternsinger-scheuer\/","title":{"rendered":"News: Merz, S\u00f6der, W\u00fcst, CDU, K-Frage, Kretschmer, Ukraine, Putin, Sternsinger, Scheuer"},"content":{"rendered":"<p class=\"caps\">Passend zur Nachweihnachtszeit hat dieser Newsletter endlich mal einen roten, oder besser einen schwarzen Faden: Es wird ausschlie\u00dflich um Christen gehen. Zumindest um Personen, die sich selbst Christdemokraten nennen. Amen.<\/p>\n<h3>Merz, S\u00f6der oder W\u00fcst?<\/h3>\n<p>Wissen Sie noch damals im Jahr 2021, als die Union wieder mal beste Chancen hatte, den n\u00e4chsten Bundeskanzler zu stellen, aber diese Chance elend vergeigte? Ein gewichtiger Grund f\u00fcr dieses Scheitern war, dass es kein akzeptiertes Verfahren gab, wie CDU und CSU gemeinsam einen Kandidaten finden sollen. Und so warteten der damalige CDU-Chef Armin Laschet und der noch heutige CSU-Chef Markus S\u00f6der bis zur allerletzten Sekunde, ehe ein brutaler Machtkampf die Frage kl\u00e4rte.<\/p>\n<p>Aus dem Machtkampf ging Laschet als, nun ja, Sieger hervor. Allerdings kam er so l\u00e4diert aus dem Fight mit S\u00f6der heraus, dass er im Wahlkampf oft nicht wusste, wann ihm zum Lachen oder zum Weinen war. Eigentlich h\u00e4tte er eine viermonatige Reha ben\u00f6tigt statt vier Monate Wahlkampf. Das Fazit dieser \u00fcblen Posse war jedenfalls, dass sich ein derartiges Schauspiel vor aller Augen niemals wiederholen d\u00fcrfe. Da waren sich alle in der Union einig. Man brauche endlich einen klaren Modus zur Kandidatenfindung.<\/p>\n<p>Im Sp\u00e4tsommer n\u00e4chsten Jahres will die Union erneut einen Kanzlerkandidaten finden (Gendern bringt hier nichts, denn Kandidatinnen sind weit und breit nicht zu sehen). Bislang aber deutet wenig darauf hin, dass sich die Katastrophe vom letzten Mal nicht wiederholen k\u00f6nnte. Nat\u00fcrlich gehen Friedrich Merz und sein Umfeld fest davon aus, dass er es sein wird. Allerdings gehen Markus S\u00f6der und sein Umfeld ebenfalls fest davon aus, dass er nach wie vor die allerbeste L\u00f6sung w\u00e4re.<\/p>\n<p>Und dann w\u00e4re da noch Hendrik W\u00fcst, der Ministerpr\u00e4sident von Nordrhein-Westfalen. Er h\u00e4lt die K-Frage auch nicht f\u00fcr entschieden und pocht darauf, ein W\u00f6rtchen mitzureden. \u00bbWie auch die CSU nachvollziehbar beansprucht, hierbei mitzuentscheiden, tun dies auch die Landesvorsitzenden und Ministerpr\u00e4sidenten der CDU\u00ab, sagte er nun meinem Kollegen Lukas Eberle. Dies entspreche auch dem f\u00f6deralen Charakter seiner Partei. \u00bbUnd es hilft einer Kandidatin oder einem Kandidaten, breit getragen zu sein und starken R\u00fcckenwind f\u00fcr den Wahlkampf zu bekommen.\u00ab<\/p>\n<p>W\u00e4ren diese Bemerkungen von einem einfachen Basismitglied gekommen, h\u00e4tte man sie getrost als Allgemeinplatz ignorieren k\u00f6nnen. Bei W\u00fcst aber nicht. Sie zeigen, dass er eigene Ambitionen hat und zumindest die Rahmenbedingungen der Kandidatenfindung so setzen will, dass seine Chancen steigen.<\/p>\n<p>Laschet hatte 2021 erfolgreich ignoriert, dass die pers\u00f6nlichen Umfragewerte bei der Auswahl des Kandidaten eine Rolle spielen sollten. Die gro\u00dfe Frage im Sp\u00e4tsommer k\u00f6nnte sein, ob Friedrich Merz dies noch einmal versuchen wird. Aktuell jedenfalls verf\u00fcgen sowohl S\u00f6der als auch W\u00fcst \u00fcber die zum Teil weit besseren Pers\u00f6nlichkeitswerte.<\/p>\n<ul>\n<li>\n<p>Kanzlerkandidatur der Union: <a href=\"https:\/\/www.spiegel.de\/politik\/deutschland\/cdu-csu-hendrik-wuest-haelt-k-frage-nicht-fuer-entschieden-und-fordert-mitsprache-a-40b90d87-f982-440f-8b39-1914143cbcab\" rel=\"noreferrer noopener\" target=\"_blank\">W\u00fcst h\u00e4lt K-Frage nicht f\u00fcr entschieden \u2013 und fordert Mitsprache                                       <\/a><\/p>\n<\/li>\n<\/ul>\n<h3>S\u00e4chsische Parallelwelt<\/h3>\n<p>Der Christdemokrat Michael Kretschmer steht \u00fcbrigens stramm hinter Friedrich Merz. Ob das f\u00fcr Merz ein Vorteil ist, wird sich noch zeigen. Haben Sie zum Beispiel die j\u00fcngste B\u00fcttenrede von Sachsens Ministerpr\u00e4sident zum russischen Angriffskrieg mitbekommen, getarnt als Interview mit der Funke Mediengruppe?<\/p>\n<p>Da hat er der Ukraine f\u00fcr einen Waffenstillstand im Krieg gegen die russischen Invasoren einen vor\u00fcbergehenden Gebietsverzicht nahegelegt. \u00bbKein Quadratmeter des ukrainischen Territoriums ist russisch geworden\u00ab, erkl\u00e4rte Kretschmer. \u00bbAber wie auch in anderen gro\u00dfen Konflikten wird es hier Zeit f\u00fcr eine endg\u00fcltige L\u00f6sung.\u00ab Die S\u00e4tze machen zusammengenommen wenig Sinn, aber das ist noch das kleinste Problem.<\/p>\n<p>Was Kretschmer verbreitet, befindet sich in unmittelbarer Nachbarschaft zur Verschw\u00f6rungstheorie. \u00bbLeider vertritt die Bundesregierung die Grundhaltung: Wir wollen keine Verhandlungen, sondern Waffenlieferungen\u00ab, so der Sachse. Erstens ist das \u00fcble Nachrede, weil die Bundesregierung gewiss nicht die Grundhaltung verfolgt: \u00bbWir wollen keine Verhandlungen, sondern Waffenlieferungen\u00ab. Vor allem Olaf Scholz nicht, dem man bislang noch jede einzelne Waffe m\u00fchsam abschwatzen musste. Zweitens insinuieren Kretschmers Aussagen, dass es m\u00f6glich sei, Wladimir Putin zu Verhandlungen zu bewegen, wenn man sich nur ein wenig M\u00fche gebe. Aber auch das ist Mumpitz.<\/p>\n<p>Ich finde es jedenfalls beeindruckend, wie konsequent man sich von der Wirklichkeit abkapseln kann, nur weil einem die AfD im Nacken sitzt. In der Wirklichkeit gilt nach wie vor dies zum Thema Waffenruhe: Wenn Russland aufh\u00f6rt zu k\u00e4mpfen, gibt es tats\u00e4chlich eine Waffenruhe. Wenn die Ukraine aufh\u00f6rt zu k\u00e4mpfen, wird sie von Russland komplett \u00fcberrannt und unterjocht.<\/p>\n<ul>\n<li>\n<p>Putins Angriffskrieg: <a href=\"https:\/\/www.spiegel.de\/politik\/deutschland\/russland-ukraine-krieg-michael-kretschmer-schlaegt-ukraine-voruebergehenden-gebietsverzicht-vor-a-2ecab94c-aa34-4a8d-854b-c3552981e8bc\" rel=\"noreferrer noopener\" target=\"_blank\">Kretschmer schl\u00e4gt Ukraine vor\u00fcbergehenden Gebietsverzicht vor<\/a><\/p>\n<\/li>\n<\/ul>\n<h3>Das Tolle an der Katholischen Kirche<\/h3>\n<p>Heute Vormittag findet in Kempten im Allg\u00e4u ein bundesweiter Er\u00f6ffnungsgottesdienst des Dreik\u00f6nigssingen statt. Im Anschluss werden rund 600 Sternsinger durch die Stadt ziehen, Tausende werden ihnen in den n\u00e4chsten Tagen folgen, insbesondere am 6. Januar, dem Tag der Heiligen drei K\u00f6nige. Jedes Jahr sammeln als die Heiligen K\u00f6nige verkleidete Kinder an den Haustu\u0308ren Geld fu\u0308r Hilfsprojekte in verschiedenen Teilen der Welt. Organisiert wird die Aktion von den vielen katholischen Kirchengemeinden im Lande. Zum Teil engagieren sich auch evangelische Gemeinden. Man mag sich an dieses Ritual gew\u00f6hnt haben, und doch verdient dieses Engagement immer wieder Respekt.<\/p>\n<p>Wer selbst einmal mitbekommen hat, wie viele herzensgute, altruistische Menschen in einer christlichen und gerade auch katholischen Kirchgemeinde aktiv sind, und welchen Einfluss deren G\u00fcte auf das Leben vieler Mitmenschen hat, dem m\u00fcsste all der herk\u00f6mmliche Spott und die g\u00e4ngige H\u00e4me \u00fcber diese Kirche eigentlich automatisch im Halse stecken bleiben. Aber so ist es nun mal: Es spottet sich am leichtesten \u00fcber jene, die man nur aus weiter Distanz kennt.<\/p>\n<p>All den Sternsingerinnen und Sternsingern w\u00fcnsche ich in den kommenden Tagen eine erfolgreiche, fr\u00f6hliche Zeit.<\/p>\n<ul>\n<li>\n<p>Papst Franziskus mahnt bei Christmette: <a href=\"https:\/\/www.spiegel.de\/panorama\/papst-franziskus-mahnt-bei-christmette-im-vatikan-zu-frieden-a-f2a0e31a-7965-4fdc-a04c-d0018382aae8\" rel=\"noreferrer noopener\" target=\"_blank\">\u00bbUnser Herz ist heute Abend in Betlehem\u00ab<\/a><\/p>\n<\/li>\n<\/ul>\n<h3>Hier geht&#039;s zum aktuellen Tagesquiz<\/h3>\n<p>Die Startfrage heute: <a href=\"https:\/\/www.spiegel.de\/panorama\/taegliches-quiz-beim-spiegel-7-fragen-zum-allgemeinwissen-pro-tag-a-8a9692b2-4462-4192-942c-fd7809c7519c\" rel=\"noreferrer noopener\" target=\"_blank\">Welche der folgenden Regelungen war nicht Teil der Weimarer Verfassung?<\/a><\/p>\n<h3>Gewinner des Tages\u2026<\/h3>\n<p>\u2026ist eindeutig Andreas Scheuer. Das Bundesverkehrsministerium verzichtet jedenfalls auf ein Verfahren gegen den fr\u00fcheren Minister. Somit werden auch keine Haftungsanspr\u00fcche wegen der Folgekosten der vermurksten Pkw-Maut f\u00e4llig. Ein vom Ministerium in Auftrag gegebenes Gutachten kam zu dem Schluss, dass zwar eine Haftung Scheuers in Betracht komme. Zugleich verwiesen die Experten aber auf ein \u00bbganz erhebliches Prozessrisiko\u00ab und \u00bbbegr\u00fcndeten Zweifel an der Durchsetzbarkeit m\u00f6glicher Anspr\u00fcche\u00ab.<\/p>\n<p>Die Pkw-Maut, eine Wahlkampferfindung von Ex-CSU-Chef Horst Seehofer, das einen ausl\u00e4nderfeindlichen Subtext bediente, und von Scheuer in ein rechtm\u00e4\u00dfiges Gesetz gegossen werden sollte, war 2019 vom Europ\u00e4ischen Gerichtshof (EuGH) als rechtswidrig gestoppt worden. Der Bund musste in der Folge 243 Millionen Euro Schadensersatz an die einst vorgesehenen Betreiber zahlen. Scheuer wurde vorgeworfen, die Vertr\u00e4ge abgeschlossen hatte, ohne das Urteil des Gerichtshofs abzuwarten.<\/p>\n<p>Sein Ruf mag angeknackst sein, aber pleite wird Andreas Scheuer so bald jedenfalls nicht sein. Immerhin.<\/p>\n<h3>Nachrichten und Hintergr\u00fcnde zum Israel-Gaza-Krieg finden Sie hier:<\/h3>\n<ul>\n<li>\n<p><strong>Israelische Armee ver\u00f6ffentlicht Erkenntnisse zur versehentlichen Geiselt\u00f6tung: <\/strong>Die drei M\u00e4nner waren oberk\u00f6rperfrei, schwenkten eine wei\u00dfe Fahne, riefen auf Hebr\u00e4isch um Hilfe \u2013 und wurden erschossen: Israel hat den katastrophalen Einsatz in Schudschaija rekonstruiert. <a href=\"https:\/\/www.spiegel.de\/ausland\/israel-armee-veroeffentlicht-erste-erkenntnisse-zur-versehentlichen-geiseltoetung-a-bbe8d0e7-3fc0-411a-aada-eb7932ff6e6b\" rel=\"noreferrer noopener\" target=\"_blank\">Schuld waren demnach unter anderem schlechte Sicht und Panzerl\u00e4rm.<\/a><\/p>\n<\/li>\n<li>\n<p><strong>Biden: \u00bbKeine Familie sollte solche Tortur durchmachen\u00ab: <\/strong>Die 70-J\u00e4hrige galt als \u00e4lteste noch im Gazastreifen festgehaltene Geisel. Nun ist klar: Sie und ihr Ehemann starben bereits w\u00e4hrend des \u00dcberfalls am 7. Oktober. <a href=\"https:\/\/www.spiegel.de\/ausland\/biden-keine-familie-sollte-solche-tortur-durchmachen-a-dda0b133-ff50-4b3b-9561-e7e964c92230\" rel=\"noreferrer noopener\" target=\"_blank\">US-Pr\u00e4sident Biden \u00e4u\u00dferte sich ersch\u00fcttert.<\/a><\/p>\n<\/li>\n<\/ul>\n<h3>Die j\u00fcngsten Meldungen aus der Nacht<\/h3>\n<ul>\n<li>\n<p><strong>Trump darf bei Pr\u00e4sidentschaftsvorwahlen in Maine nicht antreten:<\/strong> Der n\u00e4chste Bundesstaat schreitet ein: Auch in Maine soll Donald Trump von den Vorwahlen 2024 ausgeschlossen werden \u2013 auf Gehei\u00df einer demokratischen Staatssekret\u00e4rin. <a href=\"https:\/\/www.spiegel.de\/ausland\/donald-trump-darf-nicht-bei-praesidentschaftsvorwahlen-in-maine-antreten-a-08cba093-aa57-48c1-9db2-ad99bc732f7c\" rel=\"noreferrer noopener\" target=\"_blank\">Juristischer \u00c4rger ist vorprogrammiert.<\/a><\/p>\n<\/li>\n<li>\n<p><strong>Dissident aus Hongkong gelingt offenbar Flucht nach Gro\u00dfbritannien: <\/strong>W\u00e4hrend der Proteste in Hongkong ging Tony Chung mit anderen Studierenden auf die Stra\u00dfe. Daf\u00fcr kam er erst in Haft, sp\u00e4ter stand er unter permanenter \u00dcberwachung. <a href=\"https:\/\/www.spiegel.de\/ausland\/tony-chung-dissident-aus-hongkong-gelingt-offenbar-flucht-nach-grossbritannien-a-392d9455-a3ae-4b8c-bb6f-7581bbff847d\" rel=\"noreferrer noopener\" target=\"_blank\">Nun konnte er offenbar eine Unaufmerksamkeit ausnutzen.<\/a><\/p>\n<\/li>\n<li>\n<p><strong>Th\u00fcringens Innenminister Maier dr\u00e4ngt auf Verfassungs\u00e4nderung:<\/strong> Ministerpr\u00e4sident mit einer einzigen Abgeordnetenstimme? Th\u00fcringens Innenminister Maier h\u00e4lt ein solches Szenario f\u00fcr denkbar \u2013 <a href=\"https:\/\/www.spiegel.de\/politik\/deutschland\/afd-in-thueringen-innenminister-georg-maier-spd-draengt-auf-verfassungsaenderung-a-05bfad3a-10b7-4299-a536-56a571e7666d\" rel=\"noreferrer noopener\" target=\"_blank\">und warnt vor Tricks der AfD.<\/a><\/p>\n<\/li>\n<\/ul>\n<h3>Die SPIEGEL+-Empfehlungen f\u00fcr heute<\/h3>\n<ul>\n<li>\n<p><strong>Was Besch\u00e4ftigte f\u00fcr 2024 wissen sollten:<\/strong> Krank hei\u00dft nicht krank und besser verhandeln bedeutet nicht mehr Geld: Welche Entscheidungen des Jahres auch die kommenden Monate pr\u00e4gen werden \u2013 <a href=\"https:\/\/www.spiegel.de\/karriere\/arbeitsrecht-2023-2024-was-beschaeftigte-wissen-sollten-a-87041f1f-9e3d-4f50-984f-2915690bb8e7\" rel=\"noreferrer noopener\" target=\"_blank\">und was sie f\u00fcr Arbeitnehmer bedeuten <\/a>.<\/p>\n<\/li>\n<li>\n<p><strong>Schaut auf diese Stra\u00dfe:<\/strong> Das Hick-Hack um die Sperrung der ber\u00fchmten Friedrichstra\u00dfe f\u00fcr Autos war ein verkehrspolitisches Trauerspiel im Herzen der Hauptstadt. Die Moral von der Geschicht? <a href=\"https:\/\/www.spiegel.de\/panorama\/verkehrspolitik-berlin-friedrichstrasse-schaut-auf-diese-strasse-a-e6bbd6c0-5410-4806-87fc-63a8fe7ead2d\" rel=\"noreferrer noopener\" target=\"_blank\">Autofrei kann Berlin nicht <\/a>.<\/p>\n<\/li>\n<li>\n<p><strong>Ein haarstr\u00e4ubend gef\u00e4hrliches Experiment:<\/strong> Joe Biden hat eine ordentliche politische Bilanz, und doch will eine gro\u00dfe Mehrheit der Amerikaner nicht, dass er wieder antritt. <a href=\"https:\/\/www.spiegel.de\/ausland\/ein-haarstraeubend-gefaehrliches-experiment-a-a4c603ff-6af3-47d8-8d02-531e96322fc3\" rel=\"noreferrer noopener\" target=\"_blank\">Warum will es der 81-J\u00e4hrige trotzdem noch einmal wissen? <\/a><\/p>\n<\/li>\n<li>\n<p><strong>Wie Kaffee vor dem Sport Ihre Leistung steigert: <\/strong>Koffein ist leistungssteigernd und stand sogar mal auf der Dopingliste. Und Kaffee? Untersuchungen zeigen, wie Athleten davon im Wettkampf profitieren \u2013 <a href=\"https:\/\/www.spiegel.de\/sport\/studien-zur-wirkung-auf-die-fitness-wie-kaffee-vor-dem-sport-ihre-leistung-steigert-a-19bc5d62-12c9-47ff-953a-710d38591e98\" rel=\"noreferrer noopener\" target=\"_blank\">und worauf Hobbysportlerinnen achten sollten <\/a>.<\/p>\n<\/li>\n<li>\n<p><strong>Fahrschein in die Freiheit:<\/strong> Das weltbeste \u00d6PNV-Ticket kommt aus der Bundesrepublik, ein s\u00fcddeutscher Autohersteller bietet China die Stirn \u2013 und ein verspottetes Verkehrsmittel wird rehabilitiert. <a href=\"https:\/\/www.spiegel.de\/auto\/fahrkultur\/bmw-deutschlandticket-lastenraeder-das-war-2023-top-in-der-mobilitaet-a-efb7c315-ccde-4dc7-82a0-712c9a185301\" rel=\"noreferrer noopener\" target=\"_blank\">Das waren die Tops der SPIEGEL-Mobilit\u00e4tsredaktion <\/a>.<\/p>\n<\/li>\n<\/ul>\n<p>Einen heiteren Freitag und einen sch\u00f6nen Rutsch w\u00fcnscht Ihnen<\/p>\n<p><em>Ihr <a href=\"https:\/\/www.spiegel.de\/impressum\/autor-843a42fd-0001-0003-0000-000000001992\" rel=\"noreferrer noopener\" target=\"_blank\">Markus Feldenkirchen<\/a>, Autor im SPIEGEL-Hauptstadtb\u00fcro<\/em><\/p>\n","protected":false},"excerpt":{"rendered":"<p>Passend zur Nachweihnachtszeit hat dieser Newsletter endlich mal einen roten, oder besser einen schwarzen Faden: Es wird ausschlie\u00dflich um Christen gehen. Zumindest um Personen, die sich selbst Christdemokraten nennen. Amen.<\/p>\n","protected":false},"author":1,"featured_media":25568,"comment_status":"open","ping_status":"open","sticky":false,"template":"","format":"standard","meta":{"footnotes":""},"categories":[1],"tags":[],"class_list":["post-25567","post","type-post","status-publish","format-standard","has-post-thumbnail","hentry","category-nachrichten"],"_links":{"self":[{"href":"https:\/\/onlinetranslators.de\/news\/wp-json\/wp\/v2\/posts\/25567","targetHints":{"allow":["GET"]}}],"collection":[{"href":"https:\/\/onlinetranslators.de\/news\/wp-json\/wp\/v2\/posts"}],"about":[{"href":"https:\/\/onlinetranslators.de\/news\/wp-json\/wp\/v2\/types\/post"}],"author":[{"embeddable":true,"href":"https:\/\/onlinetranslators.de\/news\/wp-json\/wp\/v2\/users\/1"}],"replies":[{"embeddable":true,"href":"https:\/\/onlinetranslators.de\/news\/wp-json\/wp\/v2\/comments?post=25567"}],"version-history":[{"count":0,"href":"https:\/\/onlinetranslators.de\/news\/wp-json\/wp\/v2\/posts\/25567\/revisions"}],"wp:featuredmedia":[{"embeddable":true,"href":"https:\/\/onlinetranslators.de\/news\/wp-json\/wp\/v2\/media\/25568"}],"wp:attachment":[{"href":"https:\/\/onlinetranslators.de\/news\/wp-json\/wp\/v2\/media?parent=25567"}],"wp:term":[{"taxonomy":"category","embeddable":true,"href":"https:\/\/onlinetranslators.de\/news\/wp-json\/wp\/v2\/categories?post=25567"},{"taxonomy":"post_tag","embeddable":true,"href":"https:\/\/onlinetranslators.de\/news\/wp-json\/wp\/v2\/tags?post=25567"}],"curies":[{"name":"wp","href":"https:\/\/api.w.org\/{rel}","templated":true}]}}