{"id":25565,"date":"2023-12-29T06:47:24","date_gmt":"2023-12-29T03:47:24","guid":{"rendered":"https:\/\/onlinetranslators.de\/news\/nachrichten\/melania-trump-fehlt-auf-gruppenfoto-vorm-weihnachtsbaum-in-mar-a-lago\/"},"modified":"2023-12-29T06:47:24","modified_gmt":"2023-12-29T03:47:24","slug":"melania-trump-fehlt-auf-gruppenfoto-vorm-weihnachtsbaum-in-mar-a-lago","status":"publish","type":"post","link":"https:\/\/onlinetranslators.de\/news\/nachrichten\/melania-trump-fehlt-auf-gruppenfoto-vorm-weihnachtsbaum-in-mar-a-lago\/","title":{"rendered":"Melania Trump fehlt auf Gruppenfoto vorm Weihnachtsbaum in Mar-a-Lago"},"content":{"rendered":"<p class=\"caps\"><a href=\"https:\/\/www.spiegel.de\/thema\/donald_trump\/\" rel=\"noreferrer noopener\" target=\"_blank\">Donald Trump<\/a> steht im Kreise seiner Familie vorm Weihnachtsbaum: Bei dem Foto, das Kimberly Guilfoyle, die Verlobte von Donald Trump Jr, ver\u00f6ffentlichte, k\u00f6nnte einem vieles auffallen: der protzige, goldverzierte Hintergrund, der wei\u00dfe Weihnachtsengel auf der Spitze des Baums, das knallpinke Kleid von <a href=\"https:\/\/www.spiegel.de\/thema\/ivanka_trump\/\" rel=\"noreferrer noopener\" target=\"_blank\">Ivanka Trump<\/a>. Doch viel wichtiger ist, was \u2013 oder besser gesagt, wer \u2013 auf dem Bild fehlt: die ehemalige First Lady, <a href=\"https:\/\/www.spiegel.de\/thema\/melania_trump\/\" rel=\"noreferrer noopener\" target=\"_blank\">Melania Trump<\/a>.<\/p>\n<p>Das Foto aus Mar-a-Lago, das \u00fcbereinstimmenden Medienberichten zufolge in der Instagram-Story Guilfoyles zu sehen war, sorgte genau aus diesem Grund f\u00fcr Aufsehen. Doch warum feierte die 53-J\u00e4hrige offenbar nicht mit dem Rest der Familie? Dem Portal <a href=\"https:\/\/pagesix.com\/2023\/12\/27\/celebrity-news\/melania-trump-missing-from-festive-family-christmas-photo-at-mar-a-lago\/?_gl=1*1lz1zhq*_ga*MTI5NDI0OTY5MS4xNjk3ODMwODEw*_ga_0DZ7LHF5PZ*MTcwMzcwMzMxMC40OS4xLjE3MDM3MDMzMTQuMC4wLjA.&amp;_ga=2.170888739.2060373944.1703626181-1294249691.1697830810\" rel=\"noreferrer noopener\" target=\"_blank\">\u00bbPage Six\u00ab            <\/a> zufolge sagte ein Sprecher von Donald Trump, sie habe sich um eine \u00bbFamilienangelegenheit\u00ab gek\u00fcmmert. Unter anderem der Sender <a href=\"https:\/\/www.foxnews.com\/politics\/melania-trump-spends-christmas-ailing-mother?intcmp=tw_pols%2F\" rel=\"noreferrer noopener\" target=\"_blank\">Fox News <\/a> berichtete, Melania Trump sei bei ihrer erkrankten Mutter, Amalija Knavs, gewesen.<\/p>\n<p>Angeblich, so berichtet zumindest \u00bbPage Six\u00ab unter Berufung auf eine nicht n\u00e4her genannte Quelle, plant Melania Trump, in Zukunft wieder verst\u00e4rkt \u00f6ffentlich aufzutreten \u2013 um ihren Mann im Wahlkampf zu unterst\u00fctzen. Nach der Pr\u00e4sidentenwahl 2024 m\u00f6chte der Republikaner wieder ins Wei\u00dfe Haus einziehen. Trotz der zahlreichen laufenden Gerichtsverfahren gegen ihn ist Trump der aussichtsreichste Anw\u00e4rter darauf, noch einmal republikanischer Pr\u00e4sidentschaftskandidat zu werden.<\/p>\n","protected":false},"excerpt":{"rendered":"<p>Donald Trump steht im Kreise seiner Familie vorm Weihnachtsbaum: Bei dem Foto, das Kimberly Guilfoyle, die Verlobte von Donald Trump Jr, ver\u00f6ffentlichte, k\u00f6nnte einem vieles auffallen: der protzige, goldverzierte Hintergrund,<\/p>\n","protected":false},"author":1,"featured_media":25566,"comment_status":"open","ping_status":"open","sticky":false,"template":"","format":"standard","meta":{"footnotes":""},"categories":[1],"tags":[],"class_list":["post-25565","post","type-post","status-publish","format-standard","has-post-thumbnail","hentry","category-nachrichten"],"_links":{"self":[{"href":"https:\/\/onlinetranslators.de\/news\/wp-json\/wp\/v2\/posts\/25565","targetHints":{"allow":["GET"]}}],"collection":[{"href":"https:\/\/onlinetranslators.de\/news\/wp-json\/wp\/v2\/posts"}],"about":[{"href":"https:\/\/onlinetranslators.de\/news\/wp-json\/wp\/v2\/types\/post"}],"author":[{"embeddable":true,"href":"https:\/\/onlinetranslators.de\/news\/wp-json\/wp\/v2\/users\/1"}],"replies":[{"embeddable":true,"href":"https:\/\/onlinetranslators.de\/news\/wp-json\/wp\/v2\/comments?post=25565"}],"version-history":[{"count":0,"href":"https:\/\/onlinetranslators.de\/news\/wp-json\/wp\/v2\/posts\/25565\/revisions"}],"wp:featuredmedia":[{"embeddable":true,"href":"https:\/\/onlinetranslators.de\/news\/wp-json\/wp\/v2\/media\/25566"}],"wp:attachment":[{"href":"https:\/\/onlinetranslators.de\/news\/wp-json\/wp\/v2\/media?parent=25565"}],"wp:term":[{"taxonomy":"category","embeddable":true,"href":"https:\/\/onlinetranslators.de\/news\/wp-json\/wp\/v2\/categories?post=25565"},{"taxonomy":"post_tag","embeddable":true,"href":"https:\/\/onlinetranslators.de\/news\/wp-json\/wp\/v2\/tags?post=25565"}],"curies":[{"name":"wp","href":"https:\/\/api.w.org\/{rel}","templated":true}]}}