{"id":25522,"date":"2023-12-27T12:46:40","date_gmt":"2023-12-27T09:46:40","guid":{"rendered":"https:\/\/onlinetranslators.de\/news\/nachrichten\/wolfgang-schauble-ist-tot-der-cdu-politiker-ist-mit-81-jahren-gestorben\/"},"modified":"2023-12-27T12:46:40","modified_gmt":"2023-12-27T09:46:40","slug":"wolfgang-schauble-ist-tot-der-cdu-politiker-ist-mit-81-jahren-gestorben","status":"publish","type":"post","link":"https:\/\/onlinetranslators.de\/news\/nachrichten\/wolfgang-schauble-ist-tot-der-cdu-politiker-ist-mit-81-jahren-gestorben\/","title":{"rendered":"Wolfgang Sch\u00e4uble ist tot: Der CDU-Politiker ist mit 81 Jahren gestorben"},"content":{"rendered":"<p class=\"caps\">Der fr\u00fchere Bundestagspr\u00e4sident <a href=\"https:\/\/www.spiegel.de\/thema\/wolfgang_schaeuble\/\" rel=\"noreferrer noopener\" target=\"_blank\">Wolfgang Sch\u00e4uble<\/a> ist tot. Der <a href=\"https:\/\/www.spiegel.de\/thema\/cdu\/\" rel=\"noreferrer noopener\" target=\"_blank\">CDU<\/a>-Politiker sei im Kreise seiner Familie zu Hause am Dienstagabend gegen 20 Uhr friedlich eingeschlafen, teilte die Familie am Mittwoch mit. Sch\u00e4uble starb nach langer schwerer Krankheit. Er wurde 81 Jahre alt.<\/p>\n<p>Sch\u00e4uble wurde am 18. September 1942 in Freiburg geboren. Er studierte Jura, es zog ihn aber fr\u00fch in die Politik. Er trat 1965 in die CDU ein. 1972 errang er erstmals ein Mandat f\u00fcr den <a href=\"https:\/\/www.spiegel.de\/thema\/bundestag\/\" rel=\"noreferrer noopener\" target=\"_blank\">Bundestag<\/a>, dem er ohne Unterbrechung bis zu seinem Tod angeh\u00f6rte. Seit einem Attentat auf ihn im Jahr 1990 war Sch\u00e4uble querschnittsgel\u00e4hmt und sa\u00df im Rollstuhl. Sch\u00e4uble hinterl\u00e4sst seine Frau Ingeborg und vier Kinder.<\/p>\n<p>Sch\u00e4uble galt als einer der profiliertesten CDU-Politiker. Er pr\u00e4gte die Bundespolitik \u00fcber Jahrzehnte und war der dienst\u00e4lteste Abgeordnete im Bundestag.<\/p>\n<h3>Zentrale Figur der CDU-Spendenaff\u00e4re<\/h3>\n<p>Seit den Achtzigerjahren \u00fcbernahm er Regierungs\u00e4mter, war etwa unter Kanzler <a href=\"https:\/\/www.spiegel.de\/thema\/helmut_kohl\/\" rel=\"noreferrer noopener\" target=\"_blank\">Helmut Kohl<\/a> Bundesminister f\u00fcr besondere Aufgaben, Chef des Bundeskanzleramtes und Innenminister. Unter <a href=\"https:\/\/www.spiegel.de\/thema\/angela_merkel\/\" rel=\"noreferrer noopener\" target=\"_blank\">Angela Merkel<\/a> war Sch\u00e4uble von 2005 bis 2009 erneut Innenminister und von 2009 bis 2017 Finanzminister. In dieser Funktion wurde er w\u00e4hrend der Eurokrise auch \u00fcber <a href=\"https:\/\/www.spiegel.de\/thema\/deutschland\/\" rel=\"noreferrer noopener\" target=\"_blank\">Deutschland<\/a> hinaus bekannt. Als Finanzminister verfolgte er die Haushaltspolitik der \u00bbschwarzen Null\u00ab, also eines Bundesetats ohne neue Schulden.<\/p>\n<p>F\u00fcr die Union \u00fcbernahm er zwischen 1991 und 2000 das Amt des Fraktionsvorsitzenden der CDU\/CSU-Fraktion im Bundestag. Nach der verlorenen Bundestagswahl 1998 wurde Sch\u00e4uble im Zuge der Neuaufstellung der CDU Parteichef. Angela Merkel wurde Generalsekret\u00e4rin.<\/p>\n<p>Sch\u00e4uble war eine zentrale Figur in der 1999 aufgedeckten Parteispendenaff\u00e4re der CDU unter Helmut Kohl. Nachdem er den Erhalt einer 100.000-Mark-Barspende zugegeben hatte, trat er im Februar 2000 als CDU-Chef zur\u00fcck.<\/p>\n<h3>Alterspr\u00e4sident im Bundestag mit 79 Jahren<\/h3>\n<p>Nach der Bundestagswahl 2017 wurde Sch\u00e4uble als Nachfolger von <a href=\"https:\/\/www.spiegel.de\/thema\/norbert_lammert\/\" rel=\"noreferrer noopener\" target=\"_blank\">Norbert Lammert<\/a> zum Bundestagspr\u00e4sidenten gew\u00e4hlt, das zweith\u00f6chste Amt im Staat. Nach der von der Union verlorenen Bundestagswahl 2021 zog sich Sch\u00e4uble aus den F\u00fchrungsgremien zur\u00fcck. Im Bundestag wurde die SPD-Politikerin <a href=\"https:\/\/www.spiegel.de\/thema\/baerbel-bas\/\" rel=\"noreferrer noopener\" target=\"_blank\">B\u00e4rbel Bas<\/a> Pr\u00e4sidentin, Sch\u00e4uble war nun einfacher Abgeordneter.<\/p>\n<p>Mit 79 Jahren hatte Sch\u00e4uble im Oktober 2021 die konstituierende Sitzung des derzeitigen Bundestages als Alterspr\u00e4sident er\u00f6ffnet. Als direkt gew\u00e4hlter Abgeordneter vertrat er zuletzt den Wahlkreis Offenburg in Baden-W\u00fcrttemberg.<\/p>\n<p>Sch\u00e4uble hatte sich noch im November im <a href=\"https:\/\/www.spiegel.de\/politik\/deutschland\/wolfgang-schaeuble-ueber-das-haushaltsurteil-steuererhoehungen-und-was-die-cdu-nun-tun-sollte-a-5ec1b4f6-e06b-428b-b7f5-393081fd537f\" rel=\"noreferrer noopener\" target=\"_blank\">Gespr\u00e4ch mit dem SPIEGEL <\/a> zum Haushaltsurteil des Bundesverfassungsgerichts ge\u00e4u\u00dfert und dabei auch auf eigene politische Entscheidungen zur\u00fcckgeblickt. \u00bbIch kann mein Leben jetzt betrachten, wie es zu Ende geht\u00ab, sagte er damals, \u00bbich finde es spannend, mich selbst zu beobachten.\u00ab<\/p>\n","protected":false},"excerpt":{"rendered":"<p>Der fr\u00fchere Bundestagspr\u00e4sident Wolfgang Sch\u00e4uble ist tot. Der CDU-Politiker sei im Kreise seiner Familie zu Hause am Dienstagabend gegen 20 Uhr friedlich eingeschlafen, teilte die Familie am Mittwoch mit. Sch\u00e4uble<\/p>\n","protected":false},"author":1,"featured_media":25523,"comment_status":"open","ping_status":"open","sticky":false,"template":"","format":"standard","meta":{"footnotes":""},"categories":[1],"tags":[],"class_list":["post-25522","post","type-post","status-publish","format-standard","has-post-thumbnail","hentry","category-nachrichten"],"_links":{"self":[{"href":"https:\/\/onlinetranslators.de\/news\/wp-json\/wp\/v2\/posts\/25522","targetHints":{"allow":["GET"]}}],"collection":[{"href":"https:\/\/onlinetranslators.de\/news\/wp-json\/wp\/v2\/posts"}],"about":[{"href":"https:\/\/onlinetranslators.de\/news\/wp-json\/wp\/v2\/types\/post"}],"author":[{"embeddable":true,"href":"https:\/\/onlinetranslators.de\/news\/wp-json\/wp\/v2\/users\/1"}],"replies":[{"embeddable":true,"href":"https:\/\/onlinetranslators.de\/news\/wp-json\/wp\/v2\/comments?post=25522"}],"version-history":[{"count":0,"href":"https:\/\/onlinetranslators.de\/news\/wp-json\/wp\/v2\/posts\/25522\/revisions"}],"wp:featuredmedia":[{"embeddable":true,"href":"https:\/\/onlinetranslators.de\/news\/wp-json\/wp\/v2\/media\/25523"}],"wp:attachment":[{"href":"https:\/\/onlinetranslators.de\/news\/wp-json\/wp\/v2\/media?parent=25522"}],"wp:term":[{"taxonomy":"category","embeddable":true,"href":"https:\/\/onlinetranslators.de\/news\/wp-json\/wp\/v2\/categories?post=25522"},{"taxonomy":"post_tag","embeddable":true,"href":"https:\/\/onlinetranslators.de\/news\/wp-json\/wp\/v2\/tags?post=25522"}],"curies":[{"name":"wp","href":"https:\/\/api.w.org\/{rel}","templated":true}]}}