{"id":25492,"date":"2023-12-26T05:16:54","date_gmt":"2023-12-26T02:16:54","guid":{"rendered":"https:\/\/onlinetranslators.de\/news\/nachrichten\/frankreich-am-flughafen-vatry-festgehaltene-inder-fliegen-zuruck-nach-indien\/"},"modified":"2023-12-26T05:16:54","modified_gmt":"2023-12-26T02:16:54","slug":"frankreich-am-flughafen-vatry-festgehaltene-inder-fliegen-zuruck-nach-indien","status":"publish","type":"post","link":"https:\/\/onlinetranslators.de\/news\/nachrichten\/frankreich-am-flughafen-vatry-festgehaltene-inder-fliegen-zuruck-nach-indien\/","title":{"rendered":"Frankreich: Am Flughafen Vatry festgehaltene Inder fliegen zur\u00fcck nach Indien"},"content":{"rendered":"<p class=\"caps\">Mehr als 300 Inderinnen und Inder wurden vier Tage lang in der Empfangshalle eines kleinen Flughafens in der Champagne festgehalten. Sie waren mit der rum\u00e4nischen Fluggesellschaft Legend Airlines auf dem Weg von den Vereinigten Arabischen Emiraten nach Nicaragua. Ihr Flugzeug sollte in Vatry einen Tankstopp einlegen \u2013 und <a href=\"https:\/\/www.spiegel.de\/ausland\/flughafen-vatry-in-frankreich-ueber-300-indische-passagiere-weiter-wegen-verdacht-auf-menschenhandel-festgehalten-a-462f1c0b-2625-4c86-959f-78d929a49bff\" rel=\"noreferrer noopener\" target=\"_blank\">wurde dann von der franz\u00f6sischen Justiz am Weiterflug gehindert<\/a>. Es habe einen anonymen Hinweis gegeben, dass die Passagiere an Bord Opfer von Menschenhandel sein k\u00f6nnten, erkl\u00e4rte die Staatsanwaltschaft.<\/p>\n<p>Nun hat ein Gro\u00dfteil der Festgehaltenen die Heimreise nach Indien angetreten. Die Maschine hob am Montagnachmittag mit 276 Menschen an Bord Richtung Mumbai ab, teilte die Pr\u00e4fektur des Departements Marne mit. 25 Passagiere, darunter f\u00fcnf Minderj\u00e4hrige, sind noch immer in <a href=\"https:\/\/www.spiegel.de\/thema\/frankreich\/\" rel=\"noreferrer noopener\" target=\"_blank\">Frankreich<\/a> und wollen dort offenbar Asyl beantragen. Das berichtet die Nachrichtenagentur AFP.<\/p>\n<p>Zwei indische Passagiere wurden demnach am Montag einem Untersuchungsrichter vorgef\u00fchrt. Den beiden M\u00e4nnern wurde Menschenhandel vorgeworfen. Nach der Anh\u00f6rung seien sie auf freien Fu\u00df gesetzt worden, es werde gegen sie aber weiterhin wegen Beihilfe zur illegalen Einreise ermittelt, hie\u00df es aus Justizkreisen. Nach Angaben ihrer Anw\u00e4lte wurde ihre sofortige Ausreise aus Frankreich angeordnet.<\/p>\n","protected":false},"excerpt":{"rendered":"<p>Mehr als 300 Inderinnen und Inder wurden vier Tage lang in der Empfangshalle eines kleinen Flughafens in der Champagne festgehalten. Sie waren mit der rum\u00e4nischen Fluggesellschaft Legend Airlines auf dem<\/p>\n","protected":false},"author":1,"featured_media":25493,"comment_status":"open","ping_status":"open","sticky":false,"template":"","format":"standard","meta":{"footnotes":""},"categories":[1],"tags":[],"class_list":["post-25492","post","type-post","status-publish","format-standard","has-post-thumbnail","hentry","category-nachrichten"],"_links":{"self":[{"href":"https:\/\/onlinetranslators.de\/news\/wp-json\/wp\/v2\/posts\/25492","targetHints":{"allow":["GET"]}}],"collection":[{"href":"https:\/\/onlinetranslators.de\/news\/wp-json\/wp\/v2\/posts"}],"about":[{"href":"https:\/\/onlinetranslators.de\/news\/wp-json\/wp\/v2\/types\/post"}],"author":[{"embeddable":true,"href":"https:\/\/onlinetranslators.de\/news\/wp-json\/wp\/v2\/users\/1"}],"replies":[{"embeddable":true,"href":"https:\/\/onlinetranslators.de\/news\/wp-json\/wp\/v2\/comments?post=25492"}],"version-history":[{"count":0,"href":"https:\/\/onlinetranslators.de\/news\/wp-json\/wp\/v2\/posts\/25492\/revisions"}],"wp:featuredmedia":[{"embeddable":true,"href":"https:\/\/onlinetranslators.de\/news\/wp-json\/wp\/v2\/media\/25493"}],"wp:attachment":[{"href":"https:\/\/onlinetranslators.de\/news\/wp-json\/wp\/v2\/media?parent=25492"}],"wp:term":[{"taxonomy":"category","embeddable":true,"href":"https:\/\/onlinetranslators.de\/news\/wp-json\/wp\/v2\/categories?post=25492"},{"taxonomy":"post_tag","embeddable":true,"href":"https:\/\/onlinetranslators.de\/news\/wp-json\/wp\/v2\/tags?post=25492"}],"curies":[{"name":"wp","href":"https:\/\/api.w.org\/{rel}","templated":true}]}}