{"id":25476,"date":"2023-12-25T12:26:02","date_gmt":"2023-12-25T09:26:02","guid":{"rendered":"https:\/\/onlinetranslators.de\/news\/nachrichten\/russland-ukraine-krieg-wolodymyr-selenskyj-macht-ukrainern-zu-weihnachten-mut\/"},"modified":"2023-12-25T12:26:02","modified_gmt":"2023-12-25T09:26:02","slug":"russland-ukraine-krieg-wolodymyr-selenskyj-macht-ukrainern-zu-weihnachten-mut","status":"publish","type":"post","link":"https:\/\/onlinetranslators.de\/news\/nachrichten\/russland-ukraine-krieg-wolodymyr-selenskyj-macht-ukrainern-zu-weihnachten-mut\/","title":{"rendered":"Russland-Ukraine-Krieg: Wolodymyr Selenskyj macht Ukrainern zu Weihnachten Mut"},"content":{"rendered":"<p class=\"caps\">In einer Weihnachtsbotschaft hat sich der ukrainische Pr\u00e4sident <a href=\"https:\/\/www.spiegel.de\/thema\/wolodymyr_selensky\/\" rel=\"noreferrer noopener\" target=\"_blank\">Wolodymyr Selenskyj<\/a> an seine Landsleute gewandt. \u00bbAm Ende wird die Dunkelheit verlieren. Das B\u00f6se wird besiegt\u00ab, sagte Selenskyj in einer am Sonntag ver\u00f6ffentlichten Videobotschaft. An den Feiertagen bete das ganze Land zusammen, sagte Selenskyj. \u00bbF\u00fcr unsere Freiheit. F\u00fcr unseren Sieg. F\u00fcr unsere <a href=\"https:\/\/www.spiegel.de\/thema\/ukraine\/\" rel=\"noreferrer noopener\" target=\"_blank\">Ukraine<\/a>.\u00ab<\/p>\n<p>Die Ukraine hat das bisher vor allem am 7. Januar gefeierte orthodoxe Weihnachtsfest mittlerweile auf den 25. Dezember verlegt. Einzig die lange mit Moskau verbundene ukrainisch-orthodoxe Kirche h\u00e4lt weiter am alten Termin fest.<\/p>\n<p>Der Staatschef erinnerte an alle Familien, die in diesem Jahr erneut ohne ihre Ehem\u00e4nner, S\u00f6hne und V\u00e4ter feiern m\u00fcssen, die im <a href=\"https:\/\/www.spiegel.de\/thema\/ukraine_konflikt\/\" rel=\"noreferrer noopener\" target=\"_blank\">Verteidigungskrieg gegen Russland<\/a> in der Armee k\u00e4mpfen. Und er dankte allen ukrainischen Soldaten, die Weihnachten in den Sch\u00fctzengr\u00e4ben an der Front verbringen. Doch nicht nur an den Fronten wird an Weihnachten weiter gek\u00e4mpft:<\/p>\n<ul>\n<li>\n<p>Russland hat die Ukraine erneut mit Drohnen angegriffen, Explosionen wurden am sp\u00e4ten Abend aus der Region <a href=\"https:\/\/www.spiegel.de\/thema\/odessa\/\" rel=\"noreferrer noopener\" target=\"_blank\">Odessa<\/a> gemeldet.<\/p>\n<\/li>\n<li>\n<p>In der s\u00fcdukrainischen Region Cherson sind bei russischen Angriffen insgesamt f\u00fcnf Zivilisten gestorben, wie die regionale Polizei mitteilte.<\/p>\n<\/li>\n<li>\n<p>Nach russischen Angaben ist im russisch besetzten Gebiet <a href=\"https:\/\/www.spiegel.de\/thema\/donezk\/\" rel=\"noreferrer noopener\" target=\"_blank\">Donezk<\/a> eine Frau durch ukrainischen Beschuss gestorben.<\/p>\n<\/li>\n<\/ul>\n<p>In der ukrainischen Hauptstadt hielt der deutsche Pfarrer Wolfgang Heldt-Meyerding zum zweiten Mal <a href=\"https:\/\/www.spiegel.de\/ausland\/ukraine-flensburger-pfarrer-haelt-gottesdienst-fuer-deutsche-gemeinde-in-kiew-ab-a-49bee129-272b-4189-9c79-5e998f53c6dd\" rel=\"noreferrer noopener\" target=\"_blank\">einen Weihnachtsgottesdienst ab<\/a>. \u00bbWir sind voller Sehnsucht nach Frieden, es ist das zweite Weihnachten, in dem es uns in unseren Herzen eng wird bei den Gedanken an Not und Tod, Schmerz und Trauer, die dieser Krieg verursacht\u00ab, sagte der Flensburger in der deutschen Kirche St. Katharina in Kiew.<\/p>\n<p>In seiner Predigt erinnerte Heldt-Meyerding an die Opfer, aber auch an den Zusammenhalt der Ukrainer und die gegenseitige Hilfe der Menschen. Der Gottesdienst wurde zweisprachig \u2013 auf Deutsch und auf Ukrainisch \u2013 abgehalten.<\/p>\n<p>Auch in deutschen Kirchen war der Krieg in der Ukraine \u2013 ebenso <a href=\"https:\/\/www.spiegel.de\/thema\/angriff-auf-israel-2023\/\" rel=\"noreferrer noopener\" target=\"_blank\">wie der in Israel<\/a> \u2013 Thema vieler Weihnachtspredigten. Die Konflikte mit ihren Tausenden von Opfern w\u00fcrden \u00bbmit zunehmendem Schrecken und Entsetzen wahrgenommen\u00ab, sagte Ruhrbischof Franz-Josef Overbeck laut Redetext im Essener Dom. \u00bbEs geh\u00f6rt nicht nur zu den Paradoxien, sondern zudem zu den Abgr\u00fcndigkeiten dieser Konflikte, dass in der Ukraine mit dem \u00dcberfall der Russen Christen gegen Christen k\u00e4mpfen.\u00ab<\/p>\n","protected":false},"excerpt":{"rendered":"<p>In einer Weihnachtsbotschaft hat sich der ukrainische Pr\u00e4sident Wolodymyr Selenskyj an seine Landsleute gewandt. \u00bbAm Ende wird die Dunkelheit verlieren. Das B\u00f6se wird besiegt\u00ab, sagte Selenskyj in einer am Sonntag<\/p>\n","protected":false},"author":1,"featured_media":25477,"comment_status":"open","ping_status":"open","sticky":false,"template":"","format":"standard","meta":{"footnotes":""},"categories":[1],"tags":[],"class_list":["post-25476","post","type-post","status-publish","format-standard","has-post-thumbnail","hentry","category-nachrichten"],"_links":{"self":[{"href":"https:\/\/onlinetranslators.de\/news\/wp-json\/wp\/v2\/posts\/25476","targetHints":{"allow":["GET"]}}],"collection":[{"href":"https:\/\/onlinetranslators.de\/news\/wp-json\/wp\/v2\/posts"}],"about":[{"href":"https:\/\/onlinetranslators.de\/news\/wp-json\/wp\/v2\/types\/post"}],"author":[{"embeddable":true,"href":"https:\/\/onlinetranslators.de\/news\/wp-json\/wp\/v2\/users\/1"}],"replies":[{"embeddable":true,"href":"https:\/\/onlinetranslators.de\/news\/wp-json\/wp\/v2\/comments?post=25476"}],"version-history":[{"count":0,"href":"https:\/\/onlinetranslators.de\/news\/wp-json\/wp\/v2\/posts\/25476\/revisions"}],"wp:featuredmedia":[{"embeddable":true,"href":"https:\/\/onlinetranslators.de\/news\/wp-json\/wp\/v2\/media\/25477"}],"wp:attachment":[{"href":"https:\/\/onlinetranslators.de\/news\/wp-json\/wp\/v2\/media?parent=25476"}],"wp:term":[{"taxonomy":"category","embeddable":true,"href":"https:\/\/onlinetranslators.de\/news\/wp-json\/wp\/v2\/categories?post=25476"},{"taxonomy":"post_tag","embeddable":true,"href":"https:\/\/onlinetranslators.de\/news\/wp-json\/wp\/v2\/tags?post=25476"}],"curies":[{"name":"wp","href":"https:\/\/api.w.org\/{rel}","templated":true}]}}