{"id":25464,"date":"2023-12-25T00:05:56","date_gmt":"2023-12-24T21:05:56","guid":{"rendered":"https:\/\/onlinetranslators.de\/news\/nachrichten\/papst-franziskus-mahnt-bei-christmette-im-vatikan-zu-frieden\/"},"modified":"2023-12-25T00:05:56","modified_gmt":"2023-12-24T21:05:56","slug":"papst-franziskus-mahnt-bei-christmette-im-vatikan-zu-frieden","status":"publish","type":"post","link":"https:\/\/onlinetranslators.de\/news\/nachrichten\/papst-franziskus-mahnt-bei-christmette-im-vatikan-zu-frieden\/","title":{"rendered":"Papst Franziskus mahnt bei Christmette im Vatikan zu Frieden"},"content":{"rendered":"<p class=\"caps\">Papst Franziskus hat die Christmette im Petersdom als Mahnung f\u00fcr den Frieden genutzt. Das Oberhaupt der etwa 1,3 Milliarden Katholiken erinnerte am Heiligabend bei dem Gottesdienst im <a href=\"https:\/\/www.spiegel.de\/thema\/vatikan\/\" rel=\"noreferrer noopener\" target=\"_blank\">Vatikan<\/a> an die Weihnachtsbotschaft \u00bbFriede auf Erden den Menschen\u00ab. Mit Blick auf den Krieg im Nahen Osten f\u00fcgte Franziskus hinzu: \u00bbUnser Herz ist heute Abend in Betlehem, wo der Friedensf\u00fcrst noch immer von der zum Scheitern verurteilten Logik des Krieges zur\u00fcckgewiesen wird, vom L\u00e4rm der Waffen.\u00ab<\/p>\n<p>Das Weihnachtsfest steht in diesem Jahr insbesondere unter dem Eindruck der Kriege im <a href=\"https:\/\/www.spiegel.de\/thema\/gaza_streifen\/\" rel=\"noreferrer noopener\" target=\"_blank\">Gazastreifen<\/a> und in der <a href=\"https:\/\/www.spiegel.de\/thema\/ukraine\/\" rel=\"noreferrer noopener\" target=\"_blank\">Ukraine<\/a>. An dem Gottesdienst im Petersdom nahmen nach Angaben des Vatikans etwa 7000 Menschen teil. Zudem wurde das Geschehen auf dem Petersplatz vor der Kirche von Tausenden auf gro\u00dfen Bildschirmen verfolgt. Am Montag spricht Papst Franziskus dann vom Balkon des Petersdoms aus den Segen Urbi et Orbi, der Stadt und dem Erdkreis.<\/p>\n<p>Im Heiligen Land wird Weihnachten in diesem Jahr wegen des Gazakriegs zwischen <a href=\"https:\/\/www.spiegel.de\/thema\/israel\/\" rel=\"noreferrer noopener\" target=\"_blank\">Israel<\/a> und der islamistischen <a href=\"https:\/\/www.spiegel.de\/thema\/hamas\/\" rel=\"noreferrer noopener\" target=\"_blank\">Hamas<\/a> sehr still begangen. In Betlehem im <a href=\"https:\/\/www.spiegel.de\/thema\/westjordanland\/\" rel=\"noreferrer noopener\" target=\"_blank\">Westjordanland<\/a> \u2013 der \u00dcberlieferung nach der Geburtsort von Jesus Christus \u2013 sind anders als \u00fcblich kaum Touristen. Auf Weihnachtsb\u00e4ume wurde verzichtet. Der Zugang zur Stadt ist durch Stra\u00dfensperren der israelischen Armee extrem eingeschr\u00e4nkt. Auch in <a href=\"https:\/\/www.spiegel.de\/thema\/jerusalem\/\" rel=\"noreferrer noopener\" target=\"_blank\">Jerusalem<\/a> gibt es praktisch keine Weihnachtsdekoration.<\/p>\n","protected":false},"excerpt":{"rendered":"<p>Papst Franziskus hat die Christmette im Petersdom als Mahnung f\u00fcr den Frieden genutzt. Das Oberhaupt der etwa 1,3 Milliarden Katholiken erinnerte am Heiligabend bei dem Gottesdienst im Vatikan an die<\/p>\n","protected":false},"author":1,"featured_media":25465,"comment_status":"open","ping_status":"open","sticky":false,"template":"","format":"standard","meta":{"footnotes":""},"categories":[1],"tags":[],"class_list":["post-25464","post","type-post","status-publish","format-standard","has-post-thumbnail","hentry","category-nachrichten"],"_links":{"self":[{"href":"https:\/\/onlinetranslators.de\/news\/wp-json\/wp\/v2\/posts\/25464","targetHints":{"allow":["GET"]}}],"collection":[{"href":"https:\/\/onlinetranslators.de\/news\/wp-json\/wp\/v2\/posts"}],"about":[{"href":"https:\/\/onlinetranslators.de\/news\/wp-json\/wp\/v2\/types\/post"}],"author":[{"embeddable":true,"href":"https:\/\/onlinetranslators.de\/news\/wp-json\/wp\/v2\/users\/1"}],"replies":[{"embeddable":true,"href":"https:\/\/onlinetranslators.de\/news\/wp-json\/wp\/v2\/comments?post=25464"}],"version-history":[{"count":0,"href":"https:\/\/onlinetranslators.de\/news\/wp-json\/wp\/v2\/posts\/25464\/revisions"}],"wp:featuredmedia":[{"embeddable":true,"href":"https:\/\/onlinetranslators.de\/news\/wp-json\/wp\/v2\/media\/25465"}],"wp:attachment":[{"href":"https:\/\/onlinetranslators.de\/news\/wp-json\/wp\/v2\/media?parent=25464"}],"wp:term":[{"taxonomy":"category","embeddable":true,"href":"https:\/\/onlinetranslators.de\/news\/wp-json\/wp\/v2\/categories?post=25464"},{"taxonomy":"post_tag","embeddable":true,"href":"https:\/\/onlinetranslators.de\/news\/wp-json\/wp\/v2\/tags?post=25464"}],"curies":[{"name":"wp","href":"https:\/\/api.w.org\/{rel}","templated":true}]}}