{"id":25444,"date":"2023-12-24T03:10:04","date_gmt":"2023-12-24T00:10:04","guid":{"rendered":"https:\/\/onlinetranslators.de\/news\/nachrichten\/weihnachtsansprache-frank-walter-steinmeier-ruft-deutschland-zu-zusammenhalt-auf\/"},"modified":"2023-12-24T03:10:04","modified_gmt":"2023-12-24T00:10:04","slug":"weihnachtsansprache-frank-walter-steinmeier-ruft-deutschland-zu-zusammenhalt-auf","status":"publish","type":"post","link":"https:\/\/onlinetranslators.de\/news\/nachrichten\/weihnachtsansprache-frank-walter-steinmeier-ruft-deutschland-zu-zusammenhalt-auf\/","title":{"rendered":"Weihnachtsansprache: Frank-Walter Steinmeier ruft Deutschland zu Zusammenhalt auf"},"content":{"rendered":"<p class=\"caps\">Bundespr\u00e4sident Frank-Walter Steinmeier hat die Menschen in <a href=\"https:\/\/www.spiegel.de\/thema\/deutschland\/\" rel=\"noreferrer noopener\" target=\"_blank\">Deutschland<\/a> aufgerufen, die Hoffnung auf Frieden nicht aufzugeben und daf\u00fcr als Gesellschaft zusammenzur\u00fccken. Dieses Jahr habe sich die Welt \u00bbvon ihrer dunklen Seite gezeigt\u00ab, sagte Steinmeier in seiner Weihnachtsansprache. Alle h\u00e4tten Sehnsucht nach einer friedlicheren Welt, auch er selbst. \u00bbUnd ich finde, wir d\u00fcrfen sie nie aufgeben.\u00ab<\/p>\n<p>Der russische Angriffskrieg gegen die <a href=\"https:\/\/www.spiegel.de\/thema\/ukraine\/\" rel=\"noreferrer noopener\" target=\"_blank\">Ukraine<\/a> gehe nun schon in den zweiten Winter und seit Herbst \u00bbsehen wir mit Entsetzen die Gr\u00e4ueltaten der Hamas und die Opfer des Krieges im Nahen Osten\u00ab, fuhr Steinmeier fort.<\/p>\n<p>Die B\u00fcrgerinnen und B\u00fcrger d\u00fcrften erwarten, dass Demokraten zusammenarbeiten, wo es um das gemeinsame Ganze geht. \u00bbViele haben das vermisst. Manche wenden sich ab, andere schimpfen auf alles und jeden\u00ab, so der Bundespr\u00e4sident. Aber wenn es anstrengend werde in der Demokratie, dann gebe es laut Steinmeier \u00bbbessere Ratgeber als Wut und Verachtung\u00ab.<\/p>\n<h3>Mut und Miteinander als Ratgeber in der Demokratie<\/h3>\n<p>Stattdessen gehe es um \u00bbMut und Miteinander\u00ab, sagte Steinmeier weiter. Alle Menschen m\u00fcssten in den Blick genommen werden, \u00bbegal wo und wie sie leben: ob in der Stadt oder auf dem Land, ob sie jung sind oder alt, ob sie zugewandert sind oder schon immer hier leben\u00ab, sagte das deutsche Staatsoberhaupt. \u00bbWeiter kommen wir immer nur gemeinsam, und nicht, wenn jeder sich in seine Lebenswelt zur\u00fcckzieht.\u00ab<\/p>\n<p>Im n\u00e4chsten Jahr feiere Deutschland den 75. Geburtstag der eigenen Demokratie. \u00bbUnsere Verfassung ist etwas, worauf wir stolz sein d\u00fcrfen\u00ab, sagte er. Und: \u00bbDieses Fundament hat unser Land bisher gut getragen, auch dann, wenn es mal schwieriger wurde. Und ich bin \u00fcberzeugt: Es wird uns auch in Zukunft tragen. Und deshalb will ich uns alle ermutigen, auf dieses Fundament zu vertrauen. Machen wir uns doch \u00f6fter bewusst: Deutschland ist und bleibt ein gutes Land.\u00ab<\/p>\n<p>Er w\u00fcnsche den Menschen, dass sie nun \u00fcber die Feiertage die T\u00fcr hinter sich schlie\u00dfen und die Zeit mit ihren Liebsten genie\u00dfen k\u00f6nnten. Sein Dank gelte zugleich denen, die unterwegs seien, damit \u00bbwir alle in Ruhe und beh\u00fctet feiern k\u00f6nnen\u00ab. Er nannte Polizei, Feuerwehr und Bundeswehr. \u00bbOder Sie, in den Kliniken, in den Heimen oder in den Einrichtungen, die sich auch heute um andere Menschen k\u00fcmmern, um Menschen in seelischer Not, um Menschen ohne Dach \u00fcberm Kopf! Danke, dass Sie da sind.\u00ab<\/p>\n<p>Im vergangenen Jahr hatte Steinmeier einen <a href=\"https:\/\/www.spiegel.de\/politik\/deutschland\/frank-walter-steinmeier-bezeichnet-in-weihnachtsansprache-unterstuetzung-der-ukraine-als-gebot-der-menschlichkeit-a-5cc813e3-be56-4dae-b377-f3f4cb2a3e6a\" rel=\"noreferrer noopener\" target=\"_blank\">Gro\u00dfteil seiner Weihnachtsansprache dem Krieg in der Ukraine gewidmet<\/a> und gesagt, es sei \u00bbein Gebot der Menschlichkeit, dass wir den Angegriffenen, den Bedrohten und Bedr\u00fcckten beistehen\u00ab. Es sei \u00bbwohl unser sehnlichster Wunsch, dass wieder Friede herrscht\u00ab, sagte er. Ein Jahr sp\u00e4ter bleibt dies immer noch unerf\u00fcllt.<\/p>\n","protected":false},"excerpt":{"rendered":"<p>Bundespr\u00e4sident Frank-Walter Steinmeier hat die Menschen in Deutschland aufgerufen, die Hoffnung auf Frieden nicht aufzugeben und daf\u00fcr als Gesellschaft zusammenzur\u00fccken. Dieses Jahr habe sich die Welt \u00bbvon ihrer dunklen Seite<\/p>\n","protected":false},"author":1,"featured_media":25445,"comment_status":"open","ping_status":"open","sticky":false,"template":"","format":"standard","meta":{"footnotes":""},"categories":[1],"tags":[],"class_list":["post-25444","post","type-post","status-publish","format-standard","has-post-thumbnail","hentry","category-nachrichten"],"_links":{"self":[{"href":"https:\/\/onlinetranslators.de\/news\/wp-json\/wp\/v2\/posts\/25444","targetHints":{"allow":["GET"]}}],"collection":[{"href":"https:\/\/onlinetranslators.de\/news\/wp-json\/wp\/v2\/posts"}],"about":[{"href":"https:\/\/onlinetranslators.de\/news\/wp-json\/wp\/v2\/types\/post"}],"author":[{"embeddable":true,"href":"https:\/\/onlinetranslators.de\/news\/wp-json\/wp\/v2\/users\/1"}],"replies":[{"embeddable":true,"href":"https:\/\/onlinetranslators.de\/news\/wp-json\/wp\/v2\/comments?post=25444"}],"version-history":[{"count":0,"href":"https:\/\/onlinetranslators.de\/news\/wp-json\/wp\/v2\/posts\/25444\/revisions"}],"wp:featuredmedia":[{"embeddable":true,"href":"https:\/\/onlinetranslators.de\/news\/wp-json\/wp\/v2\/media\/25445"}],"wp:attachment":[{"href":"https:\/\/onlinetranslators.de\/news\/wp-json\/wp\/v2\/media?parent=25444"}],"wp:term":[{"taxonomy":"category","embeddable":true,"href":"https:\/\/onlinetranslators.de\/news\/wp-json\/wp\/v2\/categories?post=25444"},{"taxonomy":"post_tag","embeddable":true,"href":"https:\/\/onlinetranslators.de\/news\/wp-json\/wp\/v2\/tags?post=25444"}],"curies":[{"name":"wp","href":"https:\/\/api.w.org\/{rel}","templated":true}]}}