{"id":25406,"date":"2023-12-22T10:46:15","date_gmt":"2023-12-22T07:46:15","guid":{"rendered":"https:\/\/onlinetranslators.de\/news\/nachrichten\/news-prag-donald-trump-jens-lehmann\/"},"modified":"2023-12-22T10:46:15","modified_gmt":"2023-12-22T07:46:15","slug":"news-prag-donald-trump-jens-lehmann","status":"publish","type":"post","link":"https:\/\/onlinetranslators.de\/news\/nachrichten\/news-prag-donald-trump-jens-lehmann\/","title":{"rendered":"News: Prag, Donald Trump, Jens Lehmann"},"content":{"rendered":"<h3>Attacke in Prag<\/h3>\n<p class=\"caps\">Die Nachrichten aus Tschechien sind schrecklich: Ein Sch\u00fctze hat an der Karls-Universit\u00e4t in Prag mindestens 14 Menschen get\u00f6tet und Dutzende verletzt. Auch der T\u00e4ter sei tot, teilte der Polizeipr\u00e4sident mit.<\/p>\n<p>Wer ist der Mann? Es soll sich um einen 24-j\u00e4hrigen Studenten der Hochschule handeln. Der Polizei zufolge wurde David K. bereits vor den Sch\u00fcssen gesucht, da sein Vater westlich von Prag tot aufgefunden worden war. K. habe sich auf den Weg in die tschechische Hauptstadt gemacht und gesagt, er wolle sich selbst t\u00f6ten, so der Polizeipr\u00e4sident. Die Beamten hatten zuvor vermutet, dass der Sch\u00fctze seinen Vater get\u00f6tet habe. Der mutma\u00dfliche T\u00e4ter soll angeblich auf Telegram ein Tagebuch gef\u00fchrt haben, in dem er \u00fcber Amokl\u00e4ufe im Ausland geschrieben habe.<\/p>\n<ul>\n<li>\n<p><a href=\"https:\/\/www.spiegel.de\/panorama\/justiz\/prag-polizei-bringt-schuetzen-mit-mord-an-mann-und-saeugling-in-verbindung-a-c6e75653-ef80-4781-8b46-f0db20a7fbab\" rel=\"noreferrer noopener\" target=\"_blank\">Ermittlungen nach Bluttat: Polizei bringt Sch\u00fctzen von Prag mit Mord an Mann und S\u00e4ugling in Verbindung<\/a><\/p>\n<\/li>\n<\/ul>\n<h3>Tage l\u00e4nger, N\u00e4chte k\u00fcrzer<\/h3>\n<p>Sie haben es geschafft. Heute ist die dunkelste Zeit des Jahres, oder wie die Profis sagen: Wintersonnenwende. Hei\u00dft: Es geht aufw\u00e4rts. Ab morgen werden die Tage auf der Nordhalbkugel wieder l\u00e4nger, die N\u00e4chte entsprechend k\u00fcrzer.<\/p>\n<p>Eine liebe Kollegin empfahl mir just eine Sonnenstunden-App. Da schaue sie jeden Morgen bis zum M\u00e4rz und feiere fortan, wie der Tag die Nacht Woche f\u00fcr Woche weiter zur\u00fcckdr\u00e4ngt. Habe ich gestern auch heruntergeladen. Und erinnern Sie sich noch an diese B\u00fcchlein mit den Bullshit-Bingo-Spr\u00fcchen, die man dort f\u00fcr seine Schulfreunde in Sch\u00f6nschrift hineinmalte? Mach\u2019 es wie die Sonnenuhr, z\u00e4hl\u2019 die heiteren Stunden nur. Der Spruch war allgegenw\u00e4rtig. Pech nur, dass es damals noch keinen Mobilfunkapparat mit integrierter Sonnenuhr gab. Wie heiter h\u00e4tte es sein k\u00f6nnen, das Leben.<\/p>\n<p>Wobei: Im Januar sind die Tage dann zwar schon wieder einen Ticken l\u00e4nger, aber wirklich heiter? Eher nicht. Bei der Bahn drohen Streiks (immer nur drei bis f\u00fcnf Tage, sucht uns Claus Weselsky vom Lokf\u00fchrerstreikkollekiv zu erheitern), die Grippe wird voll mobilisiert haben und die Bauern protestieren sicherlich immer noch gegen dieses Dieseldings.<\/p>\n<p>Aber gut: Am 20. M\u00e4rz ist Fr\u00fchlingsanfang. Seien Sie gewiss.<\/p>\n<ul>\n<li>\n<p><a href=\"https:\/\/www.spiegel.de\/wirtschaft\/service\/deutsche-bahn-gdl-will-maximal-fuenf-tage-am-stueck-streiken-a-c02db6a6-bc5f-4f4b-903a-dff3008ffdec\" rel=\"noreferrer noopener\" target=\"_blank\">Nach 7. Januar: GDL will maximal f\u00fcnf Tage am St\u00fcck streiken<\/a><\/p>\n<\/li>\n<\/ul>\n<h3>Kampf um Amerikas Demokratie<\/h3>\n<p>Parlamentarisch ist in diesen Tagen Pause. Der Bundestag kommt erst Mitte Januar wieder zusammen (dann geht\u2019s weiter mit dem Haushalt). Der US-Senat startet am 8. Januar neu und ringt weiter um ein 110-Milliarden-Dollar-Paket, in dem auch die Ukrainehilfen enthalten sind. Werden die Republikaner weiter bocken und blocken? Es sind bereits die Schatten, die eine m\u00f6gliche Pr\u00e4sidentschaftskandidatur Donald Trumps auf Amerika werfen.<\/p>\n<p>In einem Washingtoner Antiquariat habe ich ein US-Geschichtsbuch aus dem Jahr 1947 gefunden. \u00bbThe March of Freedom\u00ab hei\u00dft es. Ein wenig pathetisch, aber darin die sch\u00f6ne Beobachtung, dass man keinen Pass vorzeigen m\u00fcsse, um durch dieses so unterschiedliche Amerika zu reisen. Nur Achtgeben aufs \u00bbideologische Gep\u00e4ck\u00ab solle man schon. Vers\u00f6hnliches Fazit: \u00bbWe are a country of strange bedfellows \u2013 but the bed ist huge.\u00ab<\/p>\n<p>Ein Dreivierteljahrhundert sp\u00e4ter stellt sich die Frage: Ist wirklich genug Platz f\u00fcr all die auseinanderstrebenden Ansichten \u2013 oder sind die Vereinigten Staaten wom\u00f6glich auf dem Weg ins autokratische Trumpistan? Nun ist gl\u00fccklicherweise die amerikanische Republik nicht ohne Grund bald 250 Jahre alt und hat dabei sogar einen B\u00fcrgerkrieg \u00fcberstanden. Wenn einer Alleinherrscher werden will, kann er das nicht so einfach. Das alte demokratische Gem\u00e4uer hat ein paar gute St\u00fctzpfeiler.<\/p>\n<p>Das Problem f\u00fcr die US-Demokratie ist deshalb nicht zuallererst Trump. Das wahre Problem sind die Republikaner. Denn wenn die Partei das willf\u00e4hrige Instrument dieses Mannes bleibt, wenn ihm niemand in den Arm f\u00e4llt, dann ist das Gem\u00e4uer in Gefahr.<\/p>\n<p>Ist dieses drohende Szenario hinreichend f\u00fcr Joe Bidens Wiederwahl im kommenden Jahr? Stand heute: leider nicht.<\/p>\n<ul>\n<li>\n<p><a href=\"https:\/\/www.spiegel.de\/ausland\/donald-trump-urteil-gegen-kandidatur-in-colorado-2024-wird-ein-politischer-albtraum-kommentar-a-b1349acb-d5ae-4214-b516-a4d1348987ab\" rel=\"noreferrer noopener\" target=\"_blank\">Colorados Urteil gegen Trump-Kandidatur: Freut euch nicht zu fr\u00fch \u2013 2024 wird ein politischer Albtraum                                       <\/a><\/p>\n<\/li>\n<\/ul>\n<h3>Stress am Weihnachtsbaum<\/h3>\n<p>Vielleicht kommt jetzt ein bisschen Nutzwert f\u00fcr Sie. Sollten Sie an Weihnachten politisch heikle Gespr\u00e4che mit Verwandten f\u00fcrchten, dann empfehle ich Ihnen den Artikel meines Kollegen Levin Kubeth.<\/p>\n<p>Levin hat an einem digitalen Workshop vom \u00bbKulturb\u00fcro Sachsen\u00ab teilgenommen, das ist ein Verein, der sich gegen rechtsextremistische Strukturen einsetzt. So viel vorab: Drei Schritte werden dort gelehrt f\u00fcr den Fall menschenfeindlicher Vorw\u00fcrfe am Tannenbaum.<\/p>\n<p>Erstens Einsch\u00e4tzung der Situation: Will die Person einfach nur Dampf ablassen oder inhaltliche Auseinandersetzung? Zweitens Setting ber\u00fccksichtigen: In gro\u00dfer Runde sind Auseinandersetzungen schwieriger. Drittens das eigene Ziel festlegen: M\u00f6chte man eine Diskussion anfangen oder etwa lieber einzelne Aussagen hinterfragen?<\/p>\n<p>Man k\u00f6nne aber auch das Gespr\u00e4ch einfach unterbinden.<\/p>\n<ul>\n<li>\n<p><a href=\"https:\/\/www.spiegel.de\/panorama\/gesellschaft\/familienstreit-an-weihnachten-wie-man-mit-menschenfeindlichen-aeusserungen-umgehen-kann-a-2df31377-cea6-44ef-8f44-a25d3e8d58ae\" rel=\"noreferrer noopener\" target=\"_blank\">Heikle Familiengespr\u00e4che unterm Baum: So diskutieren Sie an Weihnachten mit dem rassistischen Onkel <\/a><\/p>\n<\/li>\n<\/ul>\n<h3>Lesen Sie hier den aktuellen SPIEGEL-Leitartikel<\/h3>\n<ul>\n<li>\n<p><strong>Und nun die guten Nachrichten: <\/strong>Die Welt ist in einem schlechten Zustand. Aber wann, wenn nicht zur Weihnachtszeit, sollte man sagen, was gut ist. <a href=\"https:\/\/www.spiegel.de\/politik\/deutschland\/weihnachten-und-ein-perspektivwechsel-und-nun-die-guten-nachrichten-meinung-a-e95687e7-b845-4fd8-87f6-e835bc5a4dda\" rel=\"noreferrer noopener\" target=\"_blank\">Um zu wissen, was es zu bewahren gilt. <\/a><\/p>\n<\/li>\n<\/ul>\n<h3>Hier geht\u2019s zum aktuellen Tagesquiz<\/h3>\n<p>Die Startfrage heute: <a href=\"https:\/\/www.spiegel.de\/panorama\/taegliches-quiz-beim-spiegel-7-fragen-zum-allgemeinwissen-pro-tag-a-8a9692b2-4462-4192-942c-fd7809c7519c\" rel=\"noreferrer noopener\" target=\"_blank\">Der ehemalige US-Au\u00dfenminister Henry Kissinger ist im Alter von 100 Jahren gestorben. Wo wurde er geboren?<\/a><\/p>\n<h3>Gefallener Star des Tages\u2026<\/h3>\n<p>\u2026ist Jens Lehmann. In Boulevardmedien ist er der \u00bbWM-Held von 2006\u00ab (Sommerm\u00e4rchen, Elfmeterschie\u00dfen gegen Argentinien, Spickzettel im Stutzen, ja ja). Im realen Leben ist er ein Mann, der heute unter anderem wegen einer mutma\u00dflichen Kettens\u00e4genattacke auf die Garage seines Nachbarn ein Urteil vorm Amtsgericht Starnberg erwartet (das ist an dem sch\u00f6nen See). Es geht noch um ein paar andere Sachen, am Ende stehen Vorw\u00fcrfe im Raum zu Hausfriedensbruch, Beleidigung, Sachbesch\u00e4digung, versuchtem Betrug.<\/p>\n<p>Lehmanns Erkl\u00e4rung zu der Sache mit der Kettens\u00e4ge geht \u00fcbrigens so, wie meine Kollegin Julia J\u00fcttner in ihrer lesenswerten \u2013 und unter uns: sehr unterhaltsamen \u2013 Gerichtsreportage berichtet: \u00bbWarum ging er mit einer Kettens\u00e4ge zu seinem Nachbarn? \u203aIch wollte einfach mal schauen, was er vorhat.\u2039 Kurze Stille. \u203aZu welchem Zweck f\u00fchren Sie da eine Kettens\u00e4ge mit?\u2039 \u2013 \u203aDie hatte ich noch in der Hand.\u2039 Eigentlich habe er nur seine Hecken \u203atrimmen\u2039 wollen \u2013 und die des Nachbarn.\u00ab<\/p>\n<ul>\n<li>\n<p><a href=\"https:\/\/www.spiegel.de\/panorama\/justiz\/jens-lehmann-vor-gericht-angeblich-wollte-er-nur-die-hecke-trimmen-a-f4241c33-9c09-41b3-bc54-ab19c90da812\" rel=\"noreferrer noopener\" target=\"_blank\">Jens Lehmann und der Kettens\u00e4genvorfall: Angeblich wollte er nur die Hecke trimmen <\/a><\/p>\n<\/li>\n<\/ul>\n<h3>Nachrichten und Hintergr\u00fcnde zum Israel-Gaza-Krieg finden Sie hier:<\/h3>\n<ul>\n<li>\n<p><strong>\u00bbWir greifen Schiffe an \u2013 die Verantwortung liegt bei den USA\u00ab: <\/strong>Die Huthi-Milizen beschie\u00dfen Schiffe im Roten Meer \u2013 angeblich aus Solidarit\u00e4t mit den Pal\u00e4stinensern. <a href=\"https:\/\/www.spiegel.de\/ausland\/jemen-warum-die-huthi-in-den-konflikt-um-gaza-eingreifen-interview-mit-nasruddin-amer-a-249087e2-1f8b-453f-9156-67776606ec51\" rel=\"noreferrer noopener\" target=\"_blank\">Ein Sprecher der Gruppe verteidigt die Gewalt und droht den Vereinigten Staaten. <\/a><\/p>\n<\/li>\n<li>\n<p><strong>WHO berichtet von dramatischer Hungerkrise in Gaza: <\/strong>Die Weltgesundheitsorganisation hat alarmierende Zahlen ver\u00f6ffentlicht. 93 Prozent der Menschen in Gaza sind demnach von Hunger betroffen. <a href=\"https:\/\/www.spiegel.de\/ausland\/gaza-who-fuerchtet-dramatische-hungerkrise-a-9d3f1f0e-4d56-4428-af71-36fd19db072c\" rel=\"noreferrer noopener\" target=\"_blank\">Und Hunderttausende Infektionen werden wohl zu noch mehr Toten f\u00fchren.<\/a><\/p>\n<\/li>\n<li>\n<p><strong>Die Stadt unter der Stadt:<\/strong> Meter f\u00fcr Meter deckt die israelische Armee das Tunnelnetz der Hamas auf \u2013 und l\u00e4sst die Welt daran teilhaben. <a href=\"https:\/\/www.spiegel.de\/ausland\/hamas-in-gaza-videos-von-israels-tunnel-spezialeinheit-die-stadt-unter-der-stadt-a-2b46b866-8d67-4e18-9bb5-415f54698f60\" rel=\"noreferrer noopener\" target=\"_blank\">Neue Videos sollen zeigen, wie sich die Terrororganisation unter Gaza eingerichtet hat.<\/a><\/p>\n<\/li>\n<\/ul>\n<h3>Die j\u00fcngsten Meldungen aus der Nacht<\/h3>\n<ul>\n<li>\n<p><strong>Sturmflutwarnungen, Feuerwehreins\u00e4tze, Verletzte \u2013 Sturmtief zieht \u00fcber den Norden:<\/strong> Mit Wucht fegt das Sturmtief \u00bbZoltan\u00ab vor allem \u00fcber Norddeutschland. Im Zugverkehr gab es bereits massive Auswirkungen. <a href=\"https:\/\/www.spiegel.de\/panorama\/zoltan-prescht-ueber-den-norden-sturmflutwarnungen-feuerwehreinsaetze-verletzte-a-595e3440-da4c-4101-a466-db63ebd16dda\" rel=\"noreferrer noopener\" target=\"_blank\">F\u00fcr den Vormittag werden schwere Sturmfluten erwartet.<\/a><\/p>\n<\/li>\n<li>\n<p><strong>Russisches Milit\u00e4r wird laut Selenskyj immer langsamer:<\/strong> Wolodymyr Selenskyj spricht von verringerten russischen Aktivit\u00e4ten im Krieg gegen sein Land. Ukrainische Stellen sehen au\u00dferdem Belege daf\u00fcr, <a href=\"https:\/\/www.spiegel.de\/ausland\/wolodymyr-selenskyj-russlands-militaer-wird-immer-langsamer-a-7829c818-d9b1-420a-bcc4-3b9e81ce0ff9\" rel=\"noreferrer noopener\" target=\"_blank\">dass unter den Kremltruppen das \u00bbM\u00e4usefieber\u00ab grassiert.<\/a><\/p>\n<\/li>\n<li>\n<p><strong>\u00bbDas Lehrerzimmer\u00ab und Film von Wim Wenders auf der Shortlist: <\/strong>In Beverly Hills hat die Akademie die Shortlist f\u00fcr den Auslands-Oscar bekannt gegeben. <a href=\"https:\/\/www.spiegel.de\/kultur\/kino\/oscar-shortlist-das-lehrerzimmer-und-film-von-wim-wenders-bei-kandidaten-fuer-besten-internationalen-film-a-3bf717f3-0794-423f-9eaf-4bd997e306eb\" rel=\"noreferrer noopener\" target=\"_blank\">Ein deutscher Film und der Film \u00bbPerfect Days\u00ab von einem deutschen Regisseur haben eine weitere H\u00fcrde im Rennen gemeistert.<\/a><\/p>\n<\/li>\n<\/ul>\n<h3>Die SPIEGEL+-Empfehlungen f\u00fcr heute<\/h3>\n<ul>\n<li>\n<p><strong>Fr\u00f6hliches Weihnachtsshopping auf Pump: <\/strong>Das Geld ist knapp, daher setzen Amerikaner zunehmend auf \u00bbKauf jetzt, zahl sp\u00e4ter\u00ab. Die US-Finanzaufsicht warnt vor Risiken: H\u00e4ufig fallen \u00fcberh\u00f6hte Zinsen an, <a href=\"https:\/\/www.spiegel.de\/wirtschaft\/weihnachtsgeschenke-froehliches-weihnachtsshopping-auf-pump-kauf-jetzt-zahl-spaeter-a-600cca2e-d0e5-4258-9382-53a2e94b94c1\" rel=\"noreferrer noopener\" target=\"_blank\">betroffen sind oft j\u00fcngere K\u00e4ufer <\/a>.<\/p>\n<\/li>\n<li>\n<p><strong>Pr\u00e4sident mit Narrenkappe: <\/strong>Walter Scheel war Ende 1973 als Au\u00dfenminister beliebt, nun wollte er Bundespr\u00e4sident werden. Ein Genussmensch mit Hang zum Karneval und <a href=\"https:\/\/www.spiegel.de\/geschichte\/der-spiegel-vor-50-jahren-praesident-mit-narrenkappe-a-a3b3b701-b741-46dc-9c9b-3ba9f97b86d0\" rel=\"noreferrer noopener\" target=\"_blank\">einem Charts-Hit: \u00bbHoch auf dem gelben Wagen\u00ab <\/a>.<\/p>\n<\/li>\n<li>\n<p><strong>Sch\u00f6ner Schenken: <\/strong>In Japan und S\u00fcdkorea werden besondere Geschenke mit Stofft\u00fcchern eingewickelt. Eine jahrhundertealte Tradition, die nicht nur Pr\u00e4sente veredelt \u2013 <a href=\"https:\/\/www.spiegel.de\/ausland\/furoshiki-verpackungskunst-in-japan-und-suedkorea-a-43bb9b10-d651-45b2-82ca-806436e20afd\" rel=\"noreferrer noopener\" target=\"_blank\">sondern M\u00fcll vermeidet <\/a>.<\/p>\n<\/li>\n<li>\n<p><strong>Waass, ihr gebt euer Kind schon\/nicht in die Kita??? <\/strong>Mit einem Jahr ist mein Kind am besten in der Kita aufgehoben. Oder? Nein, das ist eine politische Entscheidung. Und sie f\u00e4llt von Land zu Land anders aus. <a href=\"https:\/\/www.spiegel.de\/familie\/kita-eingewoehnung-wer-hat-eigentlich-gesagt-dass-kinder-mit-einem-jahr-in-die-krippe-sollen-a-b85bc8ed-035f-4261-abd4-65cac3158e52\" rel=\"noreferrer noopener\" target=\"_blank\">Wie Eltern gut damit umgehen k\u00f6nnen. <\/a><\/p>\n<\/li>\n<\/ul>\n<p>\u00d6ffnen Sie hier das n\u00e4chste T\u00fcrchen unseres <strong>Adventskalenders<\/strong>! 24 der meistgelesenen Artikel von SPIEGEL+. Heute: <a href=\"https:\/\/www.spiegel.de\/wissenschaft\/medizin\/arthrose-neuer-knorpel-fuers-kaputte-knie-forscher-machen-hoffnung-a-cdcdbe92-a11a-4386-91bf-3a0078c433cf\" rel=\"noreferrer noopener\" target=\"_blank\">Die erstaunliche F\u00e4higkeit des Knorpels, sich zu verj\u00fcngen<\/a><\/p>\n<p>Ich w\u00fcnsche Ihnen einen guten Start in den Tag.<\/p>\n<p><em>Ihr <a href=\"https:\/\/www.spiegel.de\/impressum\/autor-9c4e5259-0001-0003-0000-000000000166\" rel=\"noreferrer noopener\" target=\"_blank\">Sebastian Fischer<\/a>, Leiter des SPIEGEL-Hauptstadtb\u00fcros<\/em><\/p>\n","protected":false},"excerpt":{"rendered":"<p>Attacke in Prag Die Nachrichten aus Tschechien sind schrecklich: Ein Sch\u00fctze hat an der Karls-Universit\u00e4t in Prag mindestens 14 Menschen get\u00f6tet und Dutzende verletzt. Auch der T\u00e4ter sei tot, teilte<\/p>\n","protected":false},"author":1,"featured_media":25407,"comment_status":"open","ping_status":"open","sticky":false,"template":"","format":"standard","meta":{"footnotes":""},"categories":[1],"tags":[],"class_list":["post-25406","post","type-post","status-publish","format-standard","has-post-thumbnail","hentry","category-nachrichten"],"_links":{"self":[{"href":"https:\/\/onlinetranslators.de\/news\/wp-json\/wp\/v2\/posts\/25406","targetHints":{"allow":["GET"]}}],"collection":[{"href":"https:\/\/onlinetranslators.de\/news\/wp-json\/wp\/v2\/posts"}],"about":[{"href":"https:\/\/onlinetranslators.de\/news\/wp-json\/wp\/v2\/types\/post"}],"author":[{"embeddable":true,"href":"https:\/\/onlinetranslators.de\/news\/wp-json\/wp\/v2\/users\/1"}],"replies":[{"embeddable":true,"href":"https:\/\/onlinetranslators.de\/news\/wp-json\/wp\/v2\/comments?post=25406"}],"version-history":[{"count":0,"href":"https:\/\/onlinetranslators.de\/news\/wp-json\/wp\/v2\/posts\/25406\/revisions"}],"wp:featuredmedia":[{"embeddable":true,"href":"https:\/\/onlinetranslators.de\/news\/wp-json\/wp\/v2\/media\/25407"}],"wp:attachment":[{"href":"https:\/\/onlinetranslators.de\/news\/wp-json\/wp\/v2\/media?parent=25406"}],"wp:term":[{"taxonomy":"category","embeddable":true,"href":"https:\/\/onlinetranslators.de\/news\/wp-json\/wp\/v2\/categories?post=25406"},{"taxonomy":"post_tag","embeddable":true,"href":"https:\/\/onlinetranslators.de\/news\/wp-json\/wp\/v2\/tags?post=25406"}],"curies":[{"name":"wp","href":"https:\/\/api.w.org\/{rel}","templated":true}]}}