{"id":25366,"date":"2023-12-20T16:16:10","date_gmt":"2023-12-20T13:16:10","guid":{"rendered":"https:\/\/onlinetranslators.de\/news\/nachrichten\/haushalt-2024-kurzungsliste-im-kabinett-hier-will-die-ampel-sparen\/"},"modified":"2023-12-20T16:16:10","modified_gmt":"2023-12-20T13:16:10","slug":"haushalt-2024-kurzungsliste-im-kabinett-hier-will-die-ampel-sparen","status":"publish","type":"post","link":"https:\/\/onlinetranslators.de\/news\/nachrichten\/haushalt-2024-kurzungsliste-im-kabinett-hier-will-die-ampel-sparen\/","title":{"rendered":"Haushalt 2024: K\u00fcrzungsliste im Kabinett \u2013 hier will die Ampel sparen"},"content":{"rendered":"<p class=\"caps\">Eine Woche nach dem Haushaltskompromiss der Ampel-Spitzen haben die K\u00fcrzungspl\u00e4ne f\u00fcr das kommende Jahr das Bundeskabinett passiert.<\/p>\n<p>Die Details der Vereinbarung wurden nicht formal beschlossen, sie seien der Ministerrunde nur \u00bbzur Kenntnis gegeben\u00ab worden, sagte Regierungssprecher Steffen Hebestreit. Das Finanzministerium sei schon dabei, \u00bbdie Verabredung technisch umzusetzen\u00ab.<\/p>\n<p>Das Trio aus Bundeskanzler Olaf Scholz (SPD), Bundeswirtschaftsminister Robert Habeck (Gr\u00fcne) und Finanzminister Christian Lindner (FDP) hatten sich am vergangenen Mittwoch darauf geeinigt, wie nach einem Urteil des Bundesverfassungsgerichts Milliardenl\u00f6cher im Haushalt gestopft werden sollen.<\/p>\n<p>Manche der Vereinbarungen sind politisch noch umstritten \u2013 auch innerhalb des Kabinetts und der Regierungsfraktionen. Das Parlament k\u00f6nnte noch \u00c4nderungen vornehmen. Ziel der Koalition ist es, den Haushalt 2024 Ende Januar im Bundestag zu beschlie\u00dfen.<\/p>\n<p>Die Ampel muss f\u00fcr den Kernhaushalt 2024 rund 17 Milliarden Euro auftreiben oder einsparen. Auch der Plan f\u00fcr den Klima- und Transformationsfonds (KTF) mit Milliarden-Investitionen in die Modernisierung der Wirtschaft musste \u00fcberarbeitet werden. Insgesamt geht es um eine Finanzierungsl\u00fccke von fast 30 Milliarden Euro.<\/p>\n<p>Die n\u00f6tigen Einsparungen sollen insbesondere durch die Abschaffung klimasch\u00e4dlicher Subventionen, geringere Ausgaben der Ministerien, eine bessere Integration Gefl\u00fcchteter in den Arbeitsmarkt und die Reduzierung von Bundeszusch\u00fcssen erreicht werden.<\/p>\n<p>Konkret z\u00e4hlen zu den Sparpl\u00e4nen folgende Posten:<\/p>\n<ul>\n<li>\n<p>Manche Ministerien sollen weniger Geld ausgeben: Aus den Etats des Ausw\u00e4rtigen Amts, des Wirtschaftsministeriums und des Entwicklungsministeriums werden zusammen <strong>800 Millionen Euro<\/strong> f\u00fcr internationales Engagement gestrichen. <strong>380 Millionen Euro<\/strong> muss das Verkehrsministerium beitragen, <strong>200 Millionen<\/strong> das Bildungsministerium.<\/p>\n<\/li>\n<li>\n<p>Die gesetzliche Rentenversicherung erh\u00e4lt <strong>600 Millionen Euro<\/strong> weniger vom Bund. Das sind nur die zus\u00e4tzlichen Belastungen. Insgesamt will die Bundesregierung bei der Rente noch deutlich mehr sparen, wie bereits aus dem Haushaltsentwurf hervorging.<\/p>\n<\/li>\n<li>\n<p>F\u00fcr Fahrzeuge in der Land- und Forstwirtschaft soll k\u00fcnftig Kfz-Steuer f\u00e4llig werden, zudem soll die Steuerbeg\u00fcnstigung beim Agrardiesel entfallen. <strong>450 Millionen Euro<\/strong> sollen so eingespart werden, weitere <strong>485 Millionen Euro<\/strong> durch den Wegfall der Steuerbeg\u00fcnstigung. <a href=\"https:\/\/www.spiegel.de\/wirtschaft\/service\/warum-die-landwirte-so-massiv-protestieren-und-was-verbrauchern-droht-a-2d6a4644-8bac-4f34-99a7-6e57b303af50\" rel=\"noreferrer noopener\" target=\"_blank\">Tausende Bauern in Berlin demonstrierten deshalb                                       <\/a>, auch Landwirtschaftsminister Cem \u00d6zdemir (Gr\u00fcne) kritisierte diese Pl\u00e4ne.<\/p>\n<\/li>\n<li>\n<p>Die Bundeswehr kauft Waffen nach, die aus den eigenen Best\u00e4nden an die Ukraine abgegeben wurden. Dies wird nun nicht aus dem Bundeshaushalt finanziert, sondern aus dem Sondertopf zur Ert\u00fcchtigung der Bundeswehr. Im Haushalt entstehen so <strong>520 Millionen Euro<\/strong> weniger Ausgaben.<\/p>\n<\/li>\n<li>\n<p>Die Ticketsteuer <a href=\"https:\/\/www.spiegel.de\/wirtschaft\/bundesregierung-will-ticketsteuer-auf-passagierfluege-erhoehen-a-e90e6334-2618-48c3-8e9b-52f843badf00\" rel=\"noreferrer noopener\" target=\"_blank\">f\u00fcr Passagierfl\u00fcge soll steigen<\/a>. Das soll rund <strong>650 Millionen Euro<\/strong> Spielraum schaffen \u2013 580 Millionen Euro Mehreinnahmen durch die h\u00f6here Abgabe und 70 Millionen Euro durch die Abschaffung des Absenkungsmechanismus. Die zuvor diskutierte Einf\u00fchrung einer Kerosinsteuer im inl\u00e4ndischen Flugverkehr ist indes wieder vom Tisch.<\/p>\n<\/li>\n<li>\n<p>Unternehmen sollen die Plastikabgabe selbst zahlen: Bisher zahlt die Bundesregierung eine Plastikabgabe an die EU, k\u00fcnftig sollen das die Hersteller selbst \u00fcbernehmen. Das soll Zusatzeinnahmen von <strong>1,4 Milliarden Euro<\/strong> bringen.<\/p>\n<\/li>\n<li>\n<p>Die Bundesagentur f\u00fcr Arbeit soll <strong>1,5 Milliarden Euro<\/strong> an den Bund zur\u00fcckzahlen, die w\u00e4hrend der Coronakrise als Zuschuss flossen.<\/p>\n<\/li>\n<li>\n<p>K\u00fcrzungen beim B\u00fcrgergeld: Beim B\u00fcrgergeld fallen Bonuszahlungen f\u00fcr Weiterbildungen weg, au\u00dferdem soll es Sanktionen f\u00fcr Totalverweigerer geben. Nach Angaben aus dem Finanzministerium bringt das <strong>250 Millionen Euro<\/strong>.<\/p>\n<\/li>\n<li>\n<p>Job-Turbo f\u00fcr Gefl\u00fcchtete: Bei der Integration von Gefl\u00fcchteten in den Arbeitsmarkt will man mehr erreichen. Dazu geh\u00f6ren h\u00e4ufigerer Kontakt und Sanktionen bei Pflichtverletzungen. Die Bundesregierung rechnet damit, dass so rund <strong>500 Millionen Euro<\/strong> eingespart werden.<\/p>\n<\/li>\n<li>\n<p>Zugleich soll der CO\u2082-Preis auf Heiz\u00f6l, Gas und Sprit zum Jahreswechsel steigen \u2013 statt auf 40 nun auf 45 Euro pro Tonne CO\u2082.<\/p>\n<\/li>\n<li>\n<p>Die Ausgaben des Klima- und Transformationsfonds werden um 12,7 Milliarden Euro reduziert.<\/p>\n<\/li>\n<\/ul>\n<p>Noch unklar ist, ob erneut die Schuldenbremse ausgesetzt wird. Die Bundesregierung will pr\u00fcfen, ob dies f\u00fcr die 2,7 Milliarden Euro an Fluthilfen f\u00fcr Opfer der Hochwasser-Katastrophe im Ahrtal m\u00f6glich ist. Auch sp\u00e4ter im Jahr k\u00f6nnte die Schuldenbremse noch ausgesetzt werden \u2013 etwa falls f\u00fcr die Unterst\u00fctzung der Ukraine mehr Geld n\u00f6tig sein sollte, als jetzt absehbar ist.<\/p>\n","protected":false},"excerpt":{"rendered":"<p>Eine Woche nach dem Haushaltskompromiss der Ampel-Spitzen haben die K\u00fcrzungspl\u00e4ne f\u00fcr das kommende Jahr das Bundeskabinett passiert. Die Details der Vereinbarung wurden nicht formal beschlossen, sie seien der Ministerrunde nur<\/p>\n","protected":false},"author":1,"featured_media":25367,"comment_status":"open","ping_status":"open","sticky":false,"template":"","format":"standard","meta":{"footnotes":""},"categories":[1],"tags":[],"class_list":["post-25366","post","type-post","status-publish","format-standard","has-post-thumbnail","hentry","category-nachrichten"],"_links":{"self":[{"href":"https:\/\/onlinetranslators.de\/news\/wp-json\/wp\/v2\/posts\/25366","targetHints":{"allow":["GET"]}}],"collection":[{"href":"https:\/\/onlinetranslators.de\/news\/wp-json\/wp\/v2\/posts"}],"about":[{"href":"https:\/\/onlinetranslators.de\/news\/wp-json\/wp\/v2\/types\/post"}],"author":[{"embeddable":true,"href":"https:\/\/onlinetranslators.de\/news\/wp-json\/wp\/v2\/users\/1"}],"replies":[{"embeddable":true,"href":"https:\/\/onlinetranslators.de\/news\/wp-json\/wp\/v2\/comments?post=25366"}],"version-history":[{"count":0,"href":"https:\/\/onlinetranslators.de\/news\/wp-json\/wp\/v2\/posts\/25366\/revisions"}],"wp:featuredmedia":[{"embeddable":true,"href":"https:\/\/onlinetranslators.de\/news\/wp-json\/wp\/v2\/media\/25367"}],"wp:attachment":[{"href":"https:\/\/onlinetranslators.de\/news\/wp-json\/wp\/v2\/media?parent=25366"}],"wp:term":[{"taxonomy":"category","embeddable":true,"href":"https:\/\/onlinetranslators.de\/news\/wp-json\/wp\/v2\/categories?post=25366"},{"taxonomy":"post_tag","embeddable":true,"href":"https:\/\/onlinetranslators.de\/news\/wp-json\/wp\/v2\/tags?post=25366"}],"curies":[{"name":"wp","href":"https:\/\/api.w.org\/{rel}","templated":true}]}}