{"id":25288,"date":"2023-12-17T06:45:55","date_gmt":"2023-12-17T03:45:55","guid":{"rendered":"https:\/\/onlinetranslators.de\/news\/nachrichten\/gazastreifen-al-jazeera-will-wegen-getotetem-kameramann-vor-den-internationalen-strafgerichtshof\/"},"modified":"2023-12-17T06:45:55","modified_gmt":"2023-12-17T03:45:55","slug":"gazastreifen-al-jazeera-will-wegen-getotetem-kameramann-vor-den-internationalen-strafgerichtshof","status":"publish","type":"post","link":"https:\/\/onlinetranslators.de\/news\/nachrichten\/gazastreifen-al-jazeera-will-wegen-getotetem-kameramann-vor-den-internationalen-strafgerichtshof\/","title":{"rendered":"Gazastreifen: Al Jazeera will wegen get\u00f6tetem Kameramann vor den Internationalen Strafgerichtshof"},"content":{"rendered":"<p class=\"caps\">Bei einem israelischen Drohnenangriff in Chan Junis im S\u00fcden des Gazastreifens ist am Freitag nach Angaben von <a href=\"https:\/\/www.spiegel.de\/thema\/al_dschasira\/\" rel=\"noreferrer noopener\" target=\"_blank\">Al Jazeera<\/a> ein Journalist des Fernsehsenders get\u00f6tet worden. Der in Katar ans\u00e4ssige Sender teilt nun mit, den Fall vor den Internationalen Strafgerichtshof bringen zu wollen und bezeichnet den Tod des Kameramanns als \u00bbErmordung\u00ab.<\/p>\n<p>Samer Abudaqa sei w\u00e4hrend der Arbeit mit dem in der arabischen Welt bekannten Al-Jazeera-Korrespondenten Wael al-Dahdu bei dem Angriff schwer verletzt worden und starb wenig sp\u00e4ter, teilte der Fernsehsender mit. Die beiden Reporter berichteten demnach \u00fcber die Bombardierung einer Schule, die im S\u00fcden des Gazastreifens als Unterkunft f\u00fcr Fl\u00fcchtende aus dem n\u00f6rdlichen Teil des Gebiets genutzt wurde. Wegen des anhaltenden Bombardements konnten Rettungskr\u00e4fte zun\u00e4chst nicht zu Abudaqa vordringen \u2013 letztlich konnten sie nur noch seine Leiche bergen, hie\u00df es weiter.<\/p>\n<p>Seit Beginn des Gazakriegs sind nach Angaben des in den USA ans\u00e4ssigen Komitees zum Schutz von Journalisten (CPJ) 63 Journalisten get\u00f6tet worden. Unter ihnen seien 56 Pal\u00e4stinenser und vier Israelis sowie drei Libanesen, teilte die Nichtregierungsorganisation am Freitag mit. Die Journalisten sind im Gazastreifen wegen der verheerenden Luftangriffe, unterbrochenen Kommunikationswege, Versorgungsengp\u00e4sse sowie Stromausf\u00e4lle gef\u00e4hrdet.<\/p>\n<p>In Ostjerusalem kam es unterdessen zu einem Vorfall, bei dem israelische Sicherheitskr\u00e4fte einen Journalisten verletzt haben sollen. In den sozialen Medien verbreitete sich am Freitag ein Video, in dem zu sehen ist, wie der Fotograf von den Sicherheitskr\u00e4ften angegriffen wird. Von den Beh\u00f6rden gab es dazu zun\u00e4chst keine offiziellen Informationen. \u00bbWir sind schockiert von der gewaltt\u00e4tigen Attacke auf das Mitglied unserer Organisation\u00ab, teilte die Union israelischer Journalisten auf X, vormals Twitter mit.<\/p>\n","protected":false},"excerpt":{"rendered":"<p>Bei einem israelischen Drohnenangriff in Chan Junis im S\u00fcden des Gazastreifens ist am Freitag nach Angaben von Al Jazeera ein Journalist des Fernsehsenders get\u00f6tet worden. Der in Katar ans\u00e4ssige Sender<\/p>\n","protected":false},"author":1,"featured_media":25289,"comment_status":"open","ping_status":"open","sticky":false,"template":"","format":"standard","meta":{"footnotes":""},"categories":[1],"tags":[],"class_list":["post-25288","post","type-post","status-publish","format-standard","has-post-thumbnail","hentry","category-nachrichten"],"_links":{"self":[{"href":"https:\/\/onlinetranslators.de\/news\/wp-json\/wp\/v2\/posts\/25288","targetHints":{"allow":["GET"]}}],"collection":[{"href":"https:\/\/onlinetranslators.de\/news\/wp-json\/wp\/v2\/posts"}],"about":[{"href":"https:\/\/onlinetranslators.de\/news\/wp-json\/wp\/v2\/types\/post"}],"author":[{"embeddable":true,"href":"https:\/\/onlinetranslators.de\/news\/wp-json\/wp\/v2\/users\/1"}],"replies":[{"embeddable":true,"href":"https:\/\/onlinetranslators.de\/news\/wp-json\/wp\/v2\/comments?post=25288"}],"version-history":[{"count":0,"href":"https:\/\/onlinetranslators.de\/news\/wp-json\/wp\/v2\/posts\/25288\/revisions"}],"wp:featuredmedia":[{"embeddable":true,"href":"https:\/\/onlinetranslators.de\/news\/wp-json\/wp\/v2\/media\/25289"}],"wp:attachment":[{"href":"https:\/\/onlinetranslators.de\/news\/wp-json\/wp\/v2\/media?parent=25288"}],"wp:term":[{"taxonomy":"category","embeddable":true,"href":"https:\/\/onlinetranslators.de\/news\/wp-json\/wp\/v2\/categories?post=25288"},{"taxonomy":"post_tag","embeddable":true,"href":"https:\/\/onlinetranslators.de\/news\/wp-json\/wp\/v2\/tags?post=25288"}],"curies":[{"name":"wp","href":"https:\/\/api.w.org\/{rel}","templated":true}]}}