{"id":25232,"date":"2023-12-14T20:06:26","date_gmt":"2023-12-14T17:06:26","guid":{"rendered":"https:\/\/onlinetranslators.de\/news\/nachrichten\/hamas-soll-anschlage-auf-juden-in-europa-geplant-haben-vier-festnahmen\/"},"modified":"2023-12-14T20:06:26","modified_gmt":"2023-12-14T17:06:26","slug":"hamas-soll-anschlage-auf-juden-in-europa-geplant-haben-vier-festnahmen","status":"publish","type":"post","link":"https:\/\/onlinetranslators.de\/news\/nachrichten\/hamas-soll-anschlage-auf-juden-in-europa-geplant-haben-vier-festnahmen\/","title":{"rendered":"Hamas soll Anschl\u00e4ge auf Juden in Europa geplant haben \u2013 vier Festnahmen"},"content":{"rendered":"<p class=\"caps\">Das Bundeskriminalamt (BKA) hat am Donnerstag drei mutma\u00dfliche Terroristen in Berlin festgenommen. Die niederl\u00e4ndische Polizei nahm in Rotterdam einen weiteren Verd\u00e4chtigen fest.<\/p>\n<p>Die Bundesanwaltschaft in Karlsruhe wirft den vier M\u00e4nnern vor, Mitglieder der pal\u00e4stinensischen Terrororganisation Hamas zu sein.<\/p>\n<p>Nach Erkenntnissen der Ermittler sollen sie von der Hamas den Auftrag erhalten haben, Waffen aus einem Erdversteck zu holen und in Berlin zu lagern. Mit den Waffen, so der Verdacht der Ermittler, sollten wom\u00f6glich Anschl\u00e4ge auf j\u00fcdische Einrichtungen in Europa ver\u00fcbt werden.<\/p>\n<h3>Mutma\u00dfliche Suche nach Waffenversteck<\/h3>\n<p>Die Bundesanwaltschaft geht davon aus, dass die mutma\u00dflichen Hamas-Mitglieder sich im Oktober mehrfach von Berlin aus auf die Suche nach dem Waffenversteck machten \u2013 aber offenbar nicht f\u00fcndig wurden.<\/p>\n<p>Bei der Razzia am Donnerstag wurden dem Vernehmen nach bislang keine Waffen gefunden.<\/p>\n<p>Die M\u00e4nner sollen enge Verbindungen zum milit\u00e4rischen Arm der Terrororganisation unterhalten haben, den Kassam-Brigaden.<\/p>\n<p>Nach Angaben der Bundesanwaltschaft handelt es sich bei den verhafteten M\u00e4nnern um den 56-j\u00e4hrigen Niederl\u00e4nder Nazih R., den im Libanon geborenen Abdelhamid Al A., 45, sowie den \u00e4gyptischen Staatsangeh\u00f6rigen Mohamed B., 33. Vorl\u00e4ufig festgenommen worden sei zudem der im Libanon geborene Ibrahim El-R., 40.<\/p>\n<p>In Sicherheitskreisen wird der Fall mit gro\u00dfer Besorgnis gesehen. Bisher galt Europa vor allem als \u00bbR\u00fcckzugsraum\u00ab der Hamas \u2013 dass die Terrororganisation hier wom\u00f6glich Waffendepots f\u00fcr Anschl\u00e4ge innerhalb Europas bereith\u00e4lt, k\u00f6nnte der Beginn eines Strategiewechsels sein.<\/p>\n<p>Erst k\u00fcrzlich hatte der Pr\u00e4sident des Bundesamts f\u00fcr Verfassungsschutz, Thomas Haldenwang, vor islamistischen Terroranschl\u00e4gen gegen J\u00fcdinnen und Juden gewarnt. Die Gefahr sei so hoch wie lange nicht.<\/p>\n","protected":false},"excerpt":{"rendered":"<p>Das Bundeskriminalamt (BKA) hat am Donnerstag drei mutma\u00dfliche Terroristen in Berlin festgenommen. Die niederl\u00e4ndische Polizei nahm in Rotterdam einen weiteren Verd\u00e4chtigen fest. Die Bundesanwaltschaft in Karlsruhe wirft den vier M\u00e4nnern<\/p>\n","protected":false},"author":1,"featured_media":25233,"comment_status":"open","ping_status":"open","sticky":false,"template":"","format":"standard","meta":{"footnotes":""},"categories":[1],"tags":[],"class_list":["post-25232","post","type-post","status-publish","format-standard","has-post-thumbnail","hentry","category-nachrichten"],"_links":{"self":[{"href":"https:\/\/onlinetranslators.de\/news\/wp-json\/wp\/v2\/posts\/25232","targetHints":{"allow":["GET"]}}],"collection":[{"href":"https:\/\/onlinetranslators.de\/news\/wp-json\/wp\/v2\/posts"}],"about":[{"href":"https:\/\/onlinetranslators.de\/news\/wp-json\/wp\/v2\/types\/post"}],"author":[{"embeddable":true,"href":"https:\/\/onlinetranslators.de\/news\/wp-json\/wp\/v2\/users\/1"}],"replies":[{"embeddable":true,"href":"https:\/\/onlinetranslators.de\/news\/wp-json\/wp\/v2\/comments?post=25232"}],"version-history":[{"count":0,"href":"https:\/\/onlinetranslators.de\/news\/wp-json\/wp\/v2\/posts\/25232\/revisions"}],"wp:featuredmedia":[{"embeddable":true,"href":"https:\/\/onlinetranslators.de\/news\/wp-json\/wp\/v2\/media\/25233"}],"wp:attachment":[{"href":"https:\/\/onlinetranslators.de\/news\/wp-json\/wp\/v2\/media?parent=25232"}],"wp:term":[{"taxonomy":"category","embeddable":true,"href":"https:\/\/onlinetranslators.de\/news\/wp-json\/wp\/v2\/categories?post=25232"},{"taxonomy":"post_tag","embeddable":true,"href":"https:\/\/onlinetranslators.de\/news\/wp-json\/wp\/v2\/tags?post=25232"}],"curies":[{"name":"wp","href":"https:\/\/api.w.org\/{rel}","templated":true}]}}