{"id":25226,"date":"2023-12-14T13:48:45","date_gmt":"2023-12-14T10:48:45","guid":{"rendered":"https:\/\/onlinetranslators.de\/news\/nachrichten\/immobilien-krise-regierung-stoppt-forderung-fur-klimafreundliche-neubauten\/"},"modified":"2023-12-14T13:48:45","modified_gmt":"2023-12-14T10:48:45","slug":"immobilien-krise-regierung-stoppt-forderung-fur-klimafreundliche-neubauten","status":"publish","type":"post","link":"https:\/\/onlinetranslators.de\/news\/nachrichten\/immobilien-krise-regierung-stoppt-forderung-fur-klimafreundliche-neubauten\/","title":{"rendered":"Immobilien-Krise: Regierung stoppt F\u00f6rderung f\u00fcr klimafreundliche Neubauten"},"content":{"rendered":"<p class=\"caps\">Das Bundesbauministerium hat \u00fcberraschend sein F\u00f6rderprogramm f\u00fcr klimafreundliche Neubauten gestoppt. \u00bbAb dem 14.12.2023 k\u00f6nnen aufgrund der ausgesch\u00f6pften Mittel keine neuen Antr\u00e4ge f\u00fcr das KFN-Programm bei der Kreditanstalt f\u00fcr Wiederaufbau (KfW) gestellt werden\u00ab, hei\u00dft es in einer Mitteilung des Ministeriums. Ab 2024 k\u00f6nnen neue Antr\u00e4ge eingereicht werden, sobald der neue Bundeshaushalt in Kraft tritt.<\/p>\n<p>Erst im Fr\u00fchjahr hatte das Bauministerium das Programm aufgelegt. Zusammen mit der am 1. Juni 2023 gestarteten Wohneigentumsf\u00f6rderung f\u00fcr Familien standen f\u00fcr beide Programme Mittel in H\u00f6he von 1,98 Milliarden Euro zur Verf\u00fcgung. Sowohl Privatpersonen als auch Unternehmen, Investoren und Kommunen konnten die Zinsverbilligungen beantragen.<\/p>\n<p>Laut dem Ministerium wurden bis zum 13.12.2023 \u00fcber 18.000 F\u00f6rderzusagen erteilt und damit rund 46.000 klimafreundliche Wohneinheiten gef\u00f6rdert. F\u00fcr die gef\u00f6rderten Geb\u00e4ude reduziert sich der CO\u2082-Aussto\u00df gegen\u00fcber einer Ausf\u00fchrung nach gesetzlichem Mindeststandard (EH55) um circa 750.000 Tonnen CO\u2082-\u00c4quivalente pro Jahr.<\/p>\n<p>Die Opposition zeigt sich entsetzt. \u00bbMit diesem F\u00f6rderstopp 3.0 wird endg\u00fcltig das letzte F\u00fcnkchen an Vertrauen in diese Regierung zerst\u00f6rt. Das ist ein Schlag ins Gesicht der Unternehmen und privaten Bauherren\u00ab, sagte Jan-Marco Luczak, baupolitischer Sprecher der Union dem SPIEGEL. Fehlender und bezahlbarer Wohnraum sei eine der dr\u00e4ngendsten sozialen Fragen dieser Zeit. \u00bbDass es der Bundesregierung dennoch nicht gelingt, hierf\u00fcr die notwendigen Mittel zur Verf\u00fcgung zu stellen, ist ein Armutszeugnis.\u00ab<\/p>\n","protected":false},"excerpt":{"rendered":"<p>Das Bundesbauministerium hat \u00fcberraschend sein F\u00f6rderprogramm f\u00fcr klimafreundliche Neubauten gestoppt. \u00bbAb dem 14.12.2023 k\u00f6nnen aufgrund der ausgesch\u00f6pften Mittel keine neuen Antr\u00e4ge f\u00fcr das KFN-Programm bei der Kreditanstalt f\u00fcr Wiederaufbau (KfW)<\/p>\n","protected":false},"author":1,"featured_media":25227,"comment_status":"open","ping_status":"open","sticky":false,"template":"","format":"standard","meta":{"footnotes":""},"categories":[1],"tags":[],"class_list":["post-25226","post","type-post","status-publish","format-standard","has-post-thumbnail","hentry","category-nachrichten"],"_links":{"self":[{"href":"https:\/\/onlinetranslators.de\/news\/wp-json\/wp\/v2\/posts\/25226","targetHints":{"allow":["GET"]}}],"collection":[{"href":"https:\/\/onlinetranslators.de\/news\/wp-json\/wp\/v2\/posts"}],"about":[{"href":"https:\/\/onlinetranslators.de\/news\/wp-json\/wp\/v2\/types\/post"}],"author":[{"embeddable":true,"href":"https:\/\/onlinetranslators.de\/news\/wp-json\/wp\/v2\/users\/1"}],"replies":[{"embeddable":true,"href":"https:\/\/onlinetranslators.de\/news\/wp-json\/wp\/v2\/comments?post=25226"}],"version-history":[{"count":0,"href":"https:\/\/onlinetranslators.de\/news\/wp-json\/wp\/v2\/posts\/25226\/revisions"}],"wp:featuredmedia":[{"embeddable":true,"href":"https:\/\/onlinetranslators.de\/news\/wp-json\/wp\/v2\/media\/25227"}],"wp:attachment":[{"href":"https:\/\/onlinetranslators.de\/news\/wp-json\/wp\/v2\/media?parent=25226"}],"wp:term":[{"taxonomy":"category","embeddable":true,"href":"https:\/\/onlinetranslators.de\/news\/wp-json\/wp\/v2\/categories?post=25226"},{"taxonomy":"post_tag","embeddable":true,"href":"https:\/\/onlinetranslators.de\/news\/wp-json\/wp\/v2\/tags?post=25226"}],"curies":[{"name":"wp","href":"https:\/\/api.w.org\/{rel}","templated":true}]}}