{"id":24964,"date":"2023-12-03T03:06:35","date_gmt":"2023-12-03T00:06:35","guid":{"rendered":"https:\/\/onlinetranslators.de\/news\/nachrichten\/paris-deutscher-tourist-mit-messer-attackiert-ein-toter-zwei-verletzte\/"},"modified":"2023-12-03T03:06:35","modified_gmt":"2023-12-03T00:06:35","slug":"paris-deutscher-tourist-mit-messer-attackiert-ein-toter-zwei-verletzte","status":"publish","type":"post","link":"https:\/\/onlinetranslators.de\/news\/nachrichten\/paris-deutscher-tourist-mit-messer-attackiert-ein-toter-zwei-verletzte\/","title":{"rendered":"Paris: Deutscher Tourist mit Messer attackiert \u2013 ein Toter, zwei Verletzte"},"content":{"rendered":"<p class=\"caps\">Bei einer Messerattacke in der franz\u00f6sischen Hauptstadt Paris ist ein Mann get\u00f6tet worden, mindestens zwei weitere Personen wurden verletzt. Der mutma\u00dfliche Angreifer wurde festgenommen, teilte Frankreichs Innenminister G\u00e9rald Darmanin auf X (vormals Twitter) mit. Vor Kameras sagte Darmanin sp\u00e4ter, bei dem Toten handele es sich um einen deutschen Touristen. \u00dcber die Identit\u00e4t der weiteren Opfer war zun\u00e4chst nichts bekannt. Nach Informationen des Fernsehsenders BFM handelte es sich bei zwei der Opfer um ein Paar.<\/p>\n<p>Der Vorfall ereignete sich nahe dem Quai de Grenelle im Pariser 15. Arrondissement. Der Tatort liegt am Ufer der Seine, unweit des Eiffelturms und der U-Bahnstation Bir-Hakeim. Darmanin erkl\u00e4rte unter Bezug auf Polizeikreise, der mutma\u00dfliche T\u00e4ter habe \u00bbAllahu akbar\u00ab gerufen \u2013 der Mann sei bereits wegen der Planung eines anderen Angriffs vorbestraft.<\/p>\n<p>Die franz\u00f6sische Staatsanwaltschaft f\u00fcr Terrorismusbek\u00e4mpfung teilte laut der Nachrichtenagentur Reuters mit, bislang noch keine Ermittlungen aufgenommen zu haben. <\/p>\n","protected":false},"excerpt":{"rendered":"<p>Bei einer Messerattacke in der franz\u00f6sischen Hauptstadt Paris ist ein Mann get\u00f6tet worden, mindestens zwei weitere Personen wurden verletzt. Der mutma\u00dfliche Angreifer wurde festgenommen, teilte Frankreichs Innenminister G\u00e9rald Darmanin auf<\/p>\n","protected":false},"author":1,"featured_media":24965,"comment_status":"open","ping_status":"open","sticky":false,"template":"","format":"standard","meta":{"footnotes":""},"categories":[1],"tags":[],"class_list":["post-24964","post","type-post","status-publish","format-standard","has-post-thumbnail","hentry","category-nachrichten"],"_links":{"self":[{"href":"https:\/\/onlinetranslators.de\/news\/wp-json\/wp\/v2\/posts\/24964","targetHints":{"allow":["GET"]}}],"collection":[{"href":"https:\/\/onlinetranslators.de\/news\/wp-json\/wp\/v2\/posts"}],"about":[{"href":"https:\/\/onlinetranslators.de\/news\/wp-json\/wp\/v2\/types\/post"}],"author":[{"embeddable":true,"href":"https:\/\/onlinetranslators.de\/news\/wp-json\/wp\/v2\/users\/1"}],"replies":[{"embeddable":true,"href":"https:\/\/onlinetranslators.de\/news\/wp-json\/wp\/v2\/comments?post=24964"}],"version-history":[{"count":0,"href":"https:\/\/onlinetranslators.de\/news\/wp-json\/wp\/v2\/posts\/24964\/revisions"}],"wp:featuredmedia":[{"embeddable":true,"href":"https:\/\/onlinetranslators.de\/news\/wp-json\/wp\/v2\/media\/24965"}],"wp:attachment":[{"href":"https:\/\/onlinetranslators.de\/news\/wp-json\/wp\/v2\/media?parent=24964"}],"wp:term":[{"taxonomy":"category","embeddable":true,"href":"https:\/\/onlinetranslators.de\/news\/wp-json\/wp\/v2\/categories?post=24964"},{"taxonomy":"post_tag","embeddable":true,"href":"https:\/\/onlinetranslators.de\/news\/wp-json\/wp\/v2\/tags?post=24964"}],"curies":[{"name":"wp","href":"https:\/\/api.w.org\/{rel}","templated":true}]}}