{"id":24958,"date":"2023-12-02T20:35:59","date_gmt":"2023-12-02T17:35:59","guid":{"rendered":"https:\/\/onlinetranslators.de\/news\/nachrichten\/krieg-in-nahost-israel-bestatigt-berichte-uber-geplante-gaza-pufferzone\/"},"modified":"2023-12-02T20:35:59","modified_gmt":"2023-12-02T17:35:59","slug":"krieg-in-nahost-israel-bestatigt-berichte-uber-geplante-gaza-pufferzone","status":"publish","type":"post","link":"https:\/\/onlinetranslators.de\/news\/nachrichten\/krieg-in-nahost-israel-bestatigt-berichte-uber-geplante-gaza-pufferzone\/","title":{"rendered":"Krieg in Nahost: Israel best\u00e4tigt Berichte \u00fcber geplante Gaza-Pufferzone"},"content":{"rendered":"<p class=\"caps\">Israel will nach dem Krieg gegen die Hamas eine Pufferzone im Grenzgebiet zum Gazastreifen einrichten. \u00bbIsrael wird eine Sicherheitsh\u00fclle brauchen\u00ab, sagte der Sicherheitsberater der israelischen Regierung, Mark Regev. \u00bbEs wird keine Situation mehr geben, in der sich Hamas-Leute an der Grenze aufhalten, die sie \u00fcberqueren und unsere Zivilisten t\u00f6ten k\u00f6nnen.\u00ab<\/p>\n<p>Genauere Details zu der geplanten Sicherheitszone nannte Regev nicht. Es wird jedoch davon ausgegangen, dass diese auf Kosten des Gazastreifens gehen d\u00fcrfte. Von dem Gebiet aus hatten Hamas-K\u00e4mpfer am 7. Oktober Israel angegriffen, rund 1200 Personen get\u00f6tet und mehr als 200 verschleppt. Einige der Geiseln wurden inzwischen im Tausch gegen pal\u00e4stinensische Gefangene aus israelischen Gef\u00e4ngnissen freigelassen.<\/p>\n<h3>\u00bbNeue Realit\u00e4t in Gaza schaffen\u00ab<\/h3>\n<p>Israel reagierte mit massiven Luftangriffen, einer Blockade des Gazastreifens und begann Ende Oktober eine Bodenoffensive. Dabei wurden nach Angaben der von der Hamas kontrollierten Gesundheitsbeh\u00f6rde mehr als 15.000 Menschen get\u00f6tet.<\/p>\n<p>Israel hat laut Regev kein Interesse daran, den Gazastreifen erneut zu besetzen oder dauerhaft zu beherrschen. Gleichzeitig sagte er, Israel m\u00fcsse nach dem Krieg die Kontrolle \u00fcber die Sicherheit des K\u00fcstenstreifens bewahren. Er bekr\u00e4ftigte das Ziel, die Herrschaft der Hamas im Gazastreifen nach 16 Jahren zu beenden und die milit\u00e4rischen F\u00e4higkeiten der Terrororganisation zu zerst\u00f6ren.<\/p>\n<p>Man wolle \u00bbeine neue Realit\u00e4t in Gaza schaffen, damit israelische Zivilisten nicht mehr in st\u00e4ndiger Angst vor der Hamas leben m\u00fcssen, in Angst, dass sie \u00fcber die Grenze kommen und ihre Kinder abschlachten\u00ab. Regev gab zu, dass die Hamas noch lange nicht besiegt sei. \u00bbSie schie\u00dfen immer noch Raketen auf Israel und kontrollieren immer noch gro\u00dfe Teile des Gazastreifens.\u00ab Israel habe noch \u00bbviel Arbeit vor sich\u00ab.<\/p>\n<h3>Macron: \u00bbDie vollst\u00e4ndige Vernichtung der Hamas, was ist das?\u00ab<\/h3>\n<p>Inzwischen mehren sich Stimmen, die bezweifeln, dass Israel seine milit\u00e4rischen Ziele in dem Krieg erreichen kann. Frankreichs Pr\u00e4sident Emmanuel Macron etwa \u00e4u\u00dfert Zweifel, ob die Hamas \u00fcberhaupt komplett geschlagen werden kann. \u00bbDie vollst\u00e4ndige Vernichtung der Hamas, was ist das? Glaubt irgendjemand, dass das m\u00f6glich ist? Wenn das so ist, wird der Krieg zehn Jahre dauern\u00ab, sagte Macron am Rande der Weltklimakonferenz in Dubai. Israel m\u00fcsse sein Kriegsziel pr\u00e4zisieren, forderte er.<\/p>\n<p>Macron kritisierte auch die Fortsetzung des Bombardements im Gazastreifen: \u00bbDer richtige Kampf gegen den Terrorismus ist nicht die systematische und permanente Bombardierung.\u00ab Er forderte erneut eine sofortige Feuerpause. Eine Waffenruhe war am Freitag zu Ende gegangen.<\/p>\n<p>Anschlie\u00dfend verst\u00e4rkte das israelische Milit\u00e4r sein Bombardement im s\u00fcdlichen Gazastreifen. Kampfflugzeuge h\u00e4tten in der Nacht zu Samstag in der Gegend der Stadt Chan Junis mehr als 50 Ziele bombardiert, teilte die Armee mit. Mitglieder und Infrastruktur der Terrororganisation Hamas seien zudem in der Gegend von Beit Lahija mit Panzern und gezielten Luftschl\u00e4gen attackiert worden. Dabei seien auch K\u00e4mpfer der Hamas get\u00f6tet worden. Eine Zahl nannte das Milit\u00e4r nicht. Hohe Opferzahlen unter Zivilisten werden bef\u00fcrchtet.<\/p>\n<p>Israelische Marineeinheiten h\u00e4tten zudem in der Nacht milit\u00e4rische Ziele der Hamas im Hafen von Chan Junis sowie in Deir al-Balah mit Pr\u00e4zisionsmunition angegriffen, hie\u00df es weiter. Dabei sei Infrastruktur und Ausr\u00fcstung der Marinestreitkr\u00e4fte der Hamas getroffen worden.<\/p>\n","protected":false},"excerpt":{"rendered":"<p>Israel will nach dem Krieg gegen die Hamas eine Pufferzone im Grenzgebiet zum Gazastreifen einrichten. \u00bbIsrael wird eine Sicherheitsh\u00fclle brauchen\u00ab, sagte der Sicherheitsberater der israelischen Regierung, Mark Regev. \u00bbEs wird<\/p>\n","protected":false},"author":1,"featured_media":24959,"comment_status":"open","ping_status":"open","sticky":false,"template":"","format":"standard","meta":{"footnotes":""},"categories":[1],"tags":[],"class_list":["post-24958","post","type-post","status-publish","format-standard","has-post-thumbnail","hentry","category-nachrichten"],"_links":{"self":[{"href":"https:\/\/onlinetranslators.de\/news\/wp-json\/wp\/v2\/posts\/24958","targetHints":{"allow":["GET"]}}],"collection":[{"href":"https:\/\/onlinetranslators.de\/news\/wp-json\/wp\/v2\/posts"}],"about":[{"href":"https:\/\/onlinetranslators.de\/news\/wp-json\/wp\/v2\/types\/post"}],"author":[{"embeddable":true,"href":"https:\/\/onlinetranslators.de\/news\/wp-json\/wp\/v2\/users\/1"}],"replies":[{"embeddable":true,"href":"https:\/\/onlinetranslators.de\/news\/wp-json\/wp\/v2\/comments?post=24958"}],"version-history":[{"count":0,"href":"https:\/\/onlinetranslators.de\/news\/wp-json\/wp\/v2\/posts\/24958\/revisions"}],"wp:featuredmedia":[{"embeddable":true,"href":"https:\/\/onlinetranslators.de\/news\/wp-json\/wp\/v2\/media\/24959"}],"wp:attachment":[{"href":"https:\/\/onlinetranslators.de\/news\/wp-json\/wp\/v2\/media?parent=24958"}],"wp:term":[{"taxonomy":"category","embeddable":true,"href":"https:\/\/onlinetranslators.de\/news\/wp-json\/wp\/v2\/categories?post=24958"},{"taxonomy":"post_tag","embeddable":true,"href":"https:\/\/onlinetranslators.de\/news\/wp-json\/wp\/v2\/tags?post=24958"}],"curies":[{"name":"wp","href":"https:\/\/api.w.org\/{rel}","templated":true}]}}