{"id":24930,"date":"2023-12-01T15:16:32","date_gmt":"2023-12-01T12:16:32","guid":{"rendered":"https:\/\/onlinetranslators.de\/news\/nachrichten\/konig-charles-eroffnungsrede-bei-der-cop28-unsere-eigene-uberlebensfahigkeit-ist-gefahrdet\/"},"modified":"2023-12-01T15:16:32","modified_gmt":"2023-12-01T12:16:32","slug":"konig-charles-eroffnungsrede-bei-der-cop28-unsere-eigene-uberlebensfahigkeit-ist-gefahrdet","status":"publish","type":"post","link":"https:\/\/onlinetranslators.de\/news\/nachrichten\/konig-charles-eroffnungsrede-bei-der-cop28-unsere-eigene-uberlebensfahigkeit-ist-gefahrdet\/","title":{"rendered":"K\u00f6nig Charles\u2019 Er\u00f6ffnungsrede bei der COP28: \u00bbUnsere eigene \u00dcberlebensf\u00e4higkeit ist gef\u00e4hrdet\u00ab"},"content":{"rendered":"<p class=\"caps\">K\u00f6nig Charles hat sich zum Auftakt der Weltkonferenz erstmals als Monarch an die rund 140 teilnehmenden Staats- und Regierungschefs gewandt. Er sagte, er sei ger\u00fchrt gewesen, als er gebeten wurde, bei der Er\u00f6ffnung der COP21 in Paris zu sprechen, die in dem bahnbrechenden Pariser Abkommen gipfelte, und f\u00fcgte hinzu: \u00bbIch bete von ganzem Herzen, dass die COP28 ein weiterer entscheidender Wendepunkt hin zu echten Transformationsma\u00dfnahmen sein wird, und das zu einer Zeit, in der wir bereits, wie Wissenschaftler seit Langem warnen, alarmierende Kipppunkte erreichen.\u00ab<\/p>\n<p>Er sei sehr besorgt dar\u00fcber, dass die Menschheit so weit vom Weg abgekommen sei, die Klimakrise zu bew\u00e4ltigen: \u00bbWenn wir nicht schnell die auf Harmonie und Gleichgewicht basierende Wirtschaft der Natur, die uns letztlich erh\u00e4lt, reparieren und wiederherstellen, wird unsere eigene Wirtschaft und \u00dcberlebensf\u00e4higkeit gef\u00e4hrdet sein.\u00ab<\/p>\n<p>K\u00f6nig Charles geh\u00f6rt zu den f\u00fchrenden Pers\u00f6nlichkeiten und Politikern, die an der Weltklimakonferenz in Dubai teilnehmen, auch COP28 genannt. Er ist im Namen der britischen Regierung und auf Einladung des Gastgebers, der Vereinigten Arabischen Emirate, vor Ort.<\/p>\n<p>Charles gilt als gr\u00fcner Vordenker: Seit Jahrzehnten warnt der heutige britische K\u00f6nig vor einem Raubbau an der Natur und stellte zum Beispiel auf seinen G\u00fctern in Gro\u00dfbritannien sehr fr\u00fch auf \u00f6kologische Landwirtschaft um.<\/p>\n<p><em>Die 23 wichtigsten Fragen und Antworten zur Weltklimakonferenz lesen Sie hier in unseren COP-FAQ.                                       <\/em><\/p>\n<h3>Fossile Energie: Nicht Reduzierung, sondern Schlusspunkt gefordert<\/h3>\n<p>Auch Uno-Generalsekret\u00e4r Ant\u00f3nio Guterres sprach zum Auftakt des Gipfeltreffens. Er hat zu einem raschen Aus f\u00fcr die Nutzung fossiler Energietr\u00e4ger aufgerufen. \u00bbWir k\u00f6nnen einen brennenden Planeten nicht retten mit einem Feuerwehrschlauch aus fossilen Brennstoffen\u00ab, sagte Guterres in Dubai. Stattdessen m\u00fcsse der Umstieg auf erneuerbare Energien beschleunigt werden.<\/p>\n<p>Das Ziel, die Erderw\u00e4rmung auf 1,5 Grad Celsius zu beschr\u00e4nken, l\u00e4sst sich nur einhalten, wenn \u00bbwir das Verbrennen aller fossilen Brennstoffe beenden\u00ab, stellte Guterres klar. Es gehe nicht um eine Reduzierung, sondern um einen Schlusspunkt, sagte der Uno-Generalsekret\u00e4r mit Verweis auf die Erkenntnisse des Weltklimarats IPCC. Auf dem Spiel stehe nichts anderes als \u00bbdas Schicksal der Menschheit\u00ab.<\/p>\n<p>Guterres wandte sich auch direkt an die Unternehmen der fossilen Energiewirtschaft. Diese sollten sich von \u00bbeinem \u00fcberholten Gesch\u00e4ftsmodell verabschieden\u00ab. Die Regierungen sollten dies durch entsprechende gesetzliche Rahmenbedingungen, die Bepreisung von CO\u2082-Emissionen und ein Ende von Subventionen f\u00fcr die fossile Wirtschaft unterst\u00fctzen.<\/p>\n<h3>Zwei Wochen Zeit f\u00fcr mehr Klimagerechtigkeit<\/h3>\n<p>Brasiliens Pr\u00e4sident Luiz In\u00e1cio Lula da Silva begann seine Rede mit einem Zitat der kenianischen Friedensnobelpreistr\u00e4gerin Wangari Maathai. \u00bbDie Generation, die die Umwelt zerst\u00f6rt, ist nicht die Generation, die den Preis daf\u00fcr zahlt\u00ab, sagte sie. Lula bezog sich dabei auf die Frage der Klimagerechtigkeit und die H\u00f6he der Gelder, die die reichen L\u00e4nder zugesagt haben, damit sich die Entwicklungsl\u00e4nder anpassen k\u00f6nnen.<\/p>\n<p>Helfen soll der Loss and Damage Fonds (L&amp;D). Mit dem Geld sollen stark betroffene Nationen, unterst\u00fctzt und entsch\u00e4digt werden. Deutschland und die Vereinigten Arabischen Emirate haben j\u00fcngst verk\u00fcndet, den Katastrophenfonds f\u00fcr arme L\u00e4nder ankurbeln zu wollen. Daf\u00fcr sollen insgesamt 200 Millionen Dollar bereitgestellt werden.<\/p>\n<p>W\u00e4hrend der Klimakonferenz kommen in Dubai die 198 Vertragsparteien (197 L\u00e4nder sowie die Europ\u00e4ische Union) zusammen, um \u00fcber weltweite Klimaziele und Verantwortlichkeiten zu beraten. Mehr als 70.000 Teilnehmende sind erwartet. Darunter Staats- und Regierungschefs, Ministerinnen und Minister, Beamte, Wirtschaftsvertreter, Forschende, NGOs, Indigene und Aktivisten aus aller Welt. Die Konferenz dauert grunds\u00e4tzlich zwei Wochen. Es ist jedoch nicht un\u00fcblich, dass die Konferenz um ein paar Tage verl\u00e4ngert wird, um doch noch eine gemeinsame Abschlusserkl\u00e4rung auf den letzten Metern zu erzielen.<\/p>\n","protected":false},"excerpt":{"rendered":"<p>K\u00f6nig Charles hat sich zum Auftakt der Weltkonferenz erstmals als Monarch an die rund 140 teilnehmenden Staats- und Regierungschefs gewandt. Er sagte, er sei ger\u00fchrt gewesen, als er gebeten wurde,<\/p>\n","protected":false},"author":1,"featured_media":24931,"comment_status":"open","ping_status":"open","sticky":false,"template":"","format":"standard","meta":{"footnotes":""},"categories":[1],"tags":[],"class_list":["post-24930","post","type-post","status-publish","format-standard","has-post-thumbnail","hentry","category-nachrichten"],"_links":{"self":[{"href":"https:\/\/onlinetranslators.de\/news\/wp-json\/wp\/v2\/posts\/24930","targetHints":{"allow":["GET"]}}],"collection":[{"href":"https:\/\/onlinetranslators.de\/news\/wp-json\/wp\/v2\/posts"}],"about":[{"href":"https:\/\/onlinetranslators.de\/news\/wp-json\/wp\/v2\/types\/post"}],"author":[{"embeddable":true,"href":"https:\/\/onlinetranslators.de\/news\/wp-json\/wp\/v2\/users\/1"}],"replies":[{"embeddable":true,"href":"https:\/\/onlinetranslators.de\/news\/wp-json\/wp\/v2\/comments?post=24930"}],"version-history":[{"count":0,"href":"https:\/\/onlinetranslators.de\/news\/wp-json\/wp\/v2\/posts\/24930\/revisions"}],"wp:featuredmedia":[{"embeddable":true,"href":"https:\/\/onlinetranslators.de\/news\/wp-json\/wp\/v2\/media\/24931"}],"wp:attachment":[{"href":"https:\/\/onlinetranslators.de\/news\/wp-json\/wp\/v2\/media?parent=24930"}],"wp:term":[{"taxonomy":"category","embeddable":true,"href":"https:\/\/onlinetranslators.de\/news\/wp-json\/wp\/v2\/categories?post=24930"},{"taxonomy":"post_tag","embeddable":true,"href":"https:\/\/onlinetranslators.de\/news\/wp-json\/wp\/v2\/tags?post=24930"}],"curies":[{"name":"wp","href":"https:\/\/api.w.org\/{rel}","templated":true}]}}