{"id":24922,"date":"2023-12-01T07:15:57","date_gmt":"2023-12-01T04:15:57","guid":{"rendered":"https:\/\/onlinetranslators.de\/news\/nachrichten\/20-jahriger-wegen-terrorverdachts-in-gewahrsam\/"},"modified":"2023-12-01T07:15:57","modified_gmt":"2023-12-01T04:15:57","slug":"20-jahriger-wegen-terrorverdachts-in-gewahrsam","status":"publish","type":"post","link":"https:\/\/onlinetranslators.de\/news\/nachrichten\/20-jahriger-wegen-terrorverdachts-in-gewahrsam\/","title":{"rendered":"20-J\u00e4hriger wegen Terrorverdachts in Gewahrsam"},"content":{"rendered":"<p class=\"caps\">In Niedersachsen ist ein Mann wegen Hinweisen auf Anschlagspl\u00e4ne in der Weihnachtszeit festgenommen worden. Er habe \u00bbangek\u00fcndigt, dass er Anschl\u00e4ge im Zusammenspiel von Gro\u00dfveranstaltungen in der Weihnachtszeit offensichtlich aus\u00fcben m\u00f6chte\u00ab, sagte die nieders\u00e4chsische Innenministerin Daniela Behrens (SPD) am Donnerstag im NDR. Deshalb sei der Verd\u00e4chtige \u00bbin Pr\u00e4ventionsgewahrsam genommen\u00ab worden.<\/p>\n<p>Bei dem Festgenommenen handelt es sich Berichten von WDR und NDR zufolge um einen 20-J\u00e4hrigen aus Sachsen-Anhalt, der bereits am 21. November im nieders\u00e4chsischen Helmstedt festgenommen wurde. Demnach soll es sich nach Erkenntnissen der Ermittler bei dem Mann um einen Islamisten handeln. Behrens sagte weiter, der Mann stamme aus dem Irak.<\/p>\n<p>Mit Blick auf die Sicherheitslage auf Weihnachtsm\u00e4rkten sagte Innenministerin Behrens, die Polizei sei dort \u00bbsehr klar und robust unterwegs\u00ab \u2013 unter anderem wegen der kriegerischen Auseinandersetzung im Nahen Osten.<\/p>\n<p>Es ist die dritte Festnahme binnen weniger Tage. Am Dienstag waren in Nordrhein-Westfalen und Brandenburg zwei Jugendliche festgenommen worden, die mit der Terrororganisation \u00bbIslamischen Staat\u00ab (IS) sympathisiert und einen Weihnachtsmarkt-Anschlag geplant haben sollen. Sie sitzen in Untersuchungshaft. Letztlich sollen sie vereinbart haben, \u00bbmittels einer durch Brennstoffe erzeugten Explosion eines Kleinlasters Anfang Dezember Besucher eines Weihnachtsmarktes in Leverkusen zu t\u00f6ten\u00ab, wie die Generalstaatsanwaltschaft D\u00fcsseldorf am Donnerstag mitteilte.<\/p>\n<p>Verfassungsschutzpr\u00e4sident Thomas Haldenwang warnte am Mittwoch vor der akuten Gefahr islamistischer Anschl\u00e4ge in Deutschland. Die Gefahr ist real und so hoch wie seit langem nicht mehr, sagte er.<\/p>\n<p>\u00bbAufgrund der Lage im Nahen Osten steigt die Terrorgefahr auch bei uns\u00ab, sagte der Hauptgesch\u00e4ftsf\u00fchrer des Deutschen St\u00e4dtetags, Helmut Dedy, dem Redaktionsnetzwerk Deutschland (RND). Der Schutz der B\u00fcrger \u00bbvor Anschl\u00e4gen im \u00f6ffentlichen Raum\u00ab sei den St\u00e4dten \u00bbein zentrales Anliegen\u00ab.<\/p>\n<p>\u00bbDie Menschen sollen sich auf Weihnachtsm\u00e4rkten in unseren St\u00e4dten wohl und sicher f\u00fchlen. Deshalb werden die Sicherheitsma\u00dfnahmen regelm\u00e4\u00dfig \u00fcberarbeitet\u00ab, so Dedy. Der Schutz vor Terrorgefahren k\u00f6nne jedoch \u00bbnie hundertprozentig sein\u00ab. \u00bbWir k\u00f6nnen und wollen die Innenst\u00e4dte nicht zu Festungen umbauen.\u00ab<\/p>\n","protected":false},"excerpt":{"rendered":"<p>In Niedersachsen ist ein Mann wegen Hinweisen auf Anschlagspl\u00e4ne in der Weihnachtszeit festgenommen worden. Er habe \u00bbangek\u00fcndigt, dass er Anschl\u00e4ge im Zusammenspiel von Gro\u00dfveranstaltungen in der Weihnachtszeit offensichtlich aus\u00fcben m\u00f6chte\u00ab,<\/p>\n","protected":false},"author":1,"featured_media":24923,"comment_status":"open","ping_status":"open","sticky":false,"template":"","format":"standard","meta":{"footnotes":""},"categories":[1],"tags":[],"class_list":["post-24922","post","type-post","status-publish","format-standard","has-post-thumbnail","hentry","category-nachrichten"],"_links":{"self":[{"href":"https:\/\/onlinetranslators.de\/news\/wp-json\/wp\/v2\/posts\/24922","targetHints":{"allow":["GET"]}}],"collection":[{"href":"https:\/\/onlinetranslators.de\/news\/wp-json\/wp\/v2\/posts"}],"about":[{"href":"https:\/\/onlinetranslators.de\/news\/wp-json\/wp\/v2\/types\/post"}],"author":[{"embeddable":true,"href":"https:\/\/onlinetranslators.de\/news\/wp-json\/wp\/v2\/users\/1"}],"replies":[{"embeddable":true,"href":"https:\/\/onlinetranslators.de\/news\/wp-json\/wp\/v2\/comments?post=24922"}],"version-history":[{"count":0,"href":"https:\/\/onlinetranslators.de\/news\/wp-json\/wp\/v2\/posts\/24922\/revisions"}],"wp:featuredmedia":[{"embeddable":true,"href":"https:\/\/onlinetranslators.de\/news\/wp-json\/wp\/v2\/media\/24923"}],"wp:attachment":[{"href":"https:\/\/onlinetranslators.de\/news\/wp-json\/wp\/v2\/media?parent=24922"}],"wp:term":[{"taxonomy":"category","embeddable":true,"href":"https:\/\/onlinetranslators.de\/news\/wp-json\/wp\/v2\/categories?post=24922"},{"taxonomy":"post_tag","embeddable":true,"href":"https:\/\/onlinetranslators.de\/news\/wp-json\/wp\/v2\/tags?post=24922"}],"curies":[{"name":"wp","href":"https:\/\/api.w.org\/{rel}","templated":true}]}}