{"id":24886,"date":"2023-11-29T17:26:46","date_gmt":"2023-11-29T14:26:46","guid":{"rendered":"https:\/\/onlinetranslators.de\/news\/nachrichten\/gil-ofarim-gestandnis-cdu-vize-prien-karin-prien-bittet-um-entschuldigung\/"},"modified":"2023-11-29T17:26:46","modified_gmt":"2023-11-29T14:26:46","slug":"gil-ofarim-gestandnis-cdu-vize-prien-karin-prien-bittet-um-entschuldigung","status":"publish","type":"post","link":"https:\/\/onlinetranslators.de\/news\/nachrichten\/gil-ofarim-gestandnis-cdu-vize-prien-karin-prien-bittet-um-entschuldigung\/","title":{"rendered":"Gil-Ofarim-Gest\u00e4ndnis: CDU-Vize Prien Karin Prien bittet um Entschuldigung"},"content":{"rendered":"<p class=\"caps\">Als Gil Ofarim im Oktober 2021 ein Video ver\u00f6ffentlichte, in dem er einem Hotelangestellten Antisemitismus vorwarf, sprangen ihm zahlreiche Menschen zur Seite. Inzwischen ist klar: Der Musiker hat gelogen. Nun, nach seinem Gest\u00e4ndnis, haben sich erneut einige von ihnen zu Wort gemeldet.<\/p>\n<p>Die stellvertretende CDU-Vorsitzende<strong> Karin Prien<\/strong>, die die Entlassung des Hotelmitarbeiters gefordert hatte, sagte dem \u00bbStern\u00ab            : \u00bbDas Gest\u00e4ndnis von Gil Ofarim habe ich ersch\u00fcttert zur Kenntnis genommen.\u00ab Und weiter: \u00bbEs tut mir leid, dass ich seiner L\u00fcge so einfach geglaubt habe und ich kann den betroffenen Mitarbeiter und sein Hotel nur aufrichtig um Entschuldigung bitten.\u00ab Der Vorwurf des Antisemitismus und des Rassismus sei zu Recht mit gesellschaftlicher Missachtung verbunden. \u00bbBei jedem neuen Opfer besteht nun die Gefahr, dass T\u00e4ter und Gesellschaft auf ihn und seine L\u00fcge verweisen.\u00ab<\/p>\n<p>Auch Sachsens Sozialministerin <strong>Petra K\u00f6pping<\/strong> (SPD) r\u00e4umte ein, sich geirrt zu haben, wie unter anderem der MDR  berichtet: \u00bbEr hat der Sache einen B\u00e4rendienst erwiesen. Es ist sehr vermessen, bei diesem Thema so zu handeln, bei dem es in Deutschland eine besondere Sensibilit\u00e4t gibt. Ich h\u00e4tte das nicht vermutet, und es tut mir sehr leid.\u00ab<\/p>\n<p>Schauspielerin <strong>Susan Sideropoulos<\/strong> sagte der \u00bbBild\u00ab -Zeitung: \u00bbF\u00fcr meine Realit\u00e4t ist es so weit weg, dass jemand in so einem Fall die Unwahrheit sagen k\u00f6nnte, daher bereue ich es auch nicht, dass ich am Anfang dem augenscheinlichen Opfer geglaubt habe\u00ab, sagte die 43-J\u00e4hrige. Es sei \u00bbunglaublich traurig und besch\u00e4mend\u00ab, dass es Menschen gebe, die Missst\u00e4nde wie Antisemitismus ausnutzten, um sich einen Vorteil zu verschaffen.<\/p>\n<p>Komiker <strong>Oliver Pocher<\/strong> behauptete hingegen in einem Instagram-Video, von Anfang an Zweifel gehabt zu haben. Ofarims Verhalten sei an \u00bbDreistigkeit nicht zu \u00fcberbieten\u00ab. Das sei schade, \u00bbgerade heutzutage, wo Antisemitismus so ein Riesenproblem ist\u00ab.<\/p>\n<p>Der <strong>Zentralrat der Juden<\/strong> hatte das Verhalten des S\u00e4ngers kurz nach dem Gest\u00e4ndnis verurteilt. Ofarim habe \u00bball denen, die tats\u00e4chlich von Antisemitismus betroffen sind, gro\u00dfen Schaden zugef\u00fcgt\u00ab. Ein derartiger Vorwurf d\u00fcrfe niemals grundlos erhoben werden. \u00bbEr muss in jeder Hinsicht die Konsequenzen f\u00fcr seine L\u00fcge tragen.\u00ab<\/p>\n<p>Der betroffene Hotelmanager ist nach Angaben seines Anwalts froh, dass \u00bbdie Wahrheit ans Licht gebracht werden konnte\u00ab. Details zu der H\u00f6he des Schadensersatzes nannte Rechtsanwalt Daniel B\u00e4umg\u00e4rtner nicht: \u00bbWir sind so weit mit dem Abschluss zufrieden, und dabei bleibt es auch\u00ab, sagte er. \u00bbWas Besseres h\u00e4tte uns nicht passieren k\u00f6nnen.\u00ab<\/p>\n<p>Ofarim hatte am Dienstag in einem Prozess wegen Verleumdung und falscher Verd\u00e4chtigung am Landgericht Leipzig \u00fcberraschend einger\u00e4umt, dass die Vorw\u00fcrfe der Anklage gegen ihn zutr\u00e4fen. Er entschuldigte sich bei dem Hotelmanager, dem er in einem viralen Video Antisemitismus vorgeworfen hatte. Der Musiker muss 10.000 Euro an die <strong>israelitische Religionsgemeinde zu Leipzig <\/strong>zahlen, das Verfahren wurde eingestellt.<\/p>\n<p>Die Gemeinde hat nach eigenen Angaben lange diskutiert, ob sie den vom Gericht zugewiesenen Geldbetrag \u00fcberhaupt annehmen soll. \u00bbDas Verhalten von Gil Ofarim war \u00fcberhaupt nicht koscher. Daher ist das Geld negativ belastet\u00ab, sagte der Vorsitzende der israelitischen Religionsgemeinde zu Leipzig, K\u00fcf Kaufmann, der Nachrichtenagentur dpa.<\/p>\n<p>Man habe sich schlie\u00dflich doch daf\u00fcr entschieden, das Geld anzunehmen. \u00bbWir werden es f\u00fcr die Vertiefung und Verbreitung der interreligi\u00f6sen Arbeit verwenden.\u00ab<\/p>\n","protected":false},"excerpt":{"rendered":"<p>Als Gil Ofarim im Oktober 2021 ein Video ver\u00f6ffentlichte, in dem er einem Hotelangestellten Antisemitismus vorwarf, sprangen ihm zahlreiche Menschen zur Seite. Inzwischen ist klar: Der Musiker hat gelogen. Nun,<\/p>\n","protected":false},"author":1,"featured_media":24887,"comment_status":"open","ping_status":"open","sticky":false,"template":"","format":"standard","meta":{"footnotes":""},"categories":[1],"tags":[],"class_list":["post-24886","post","type-post","status-publish","format-standard","has-post-thumbnail","hentry","category-nachrichten"],"_links":{"self":[{"href":"https:\/\/onlinetranslators.de\/news\/wp-json\/wp\/v2\/posts\/24886","targetHints":{"allow":["GET"]}}],"collection":[{"href":"https:\/\/onlinetranslators.de\/news\/wp-json\/wp\/v2\/posts"}],"about":[{"href":"https:\/\/onlinetranslators.de\/news\/wp-json\/wp\/v2\/types\/post"}],"author":[{"embeddable":true,"href":"https:\/\/onlinetranslators.de\/news\/wp-json\/wp\/v2\/users\/1"}],"replies":[{"embeddable":true,"href":"https:\/\/onlinetranslators.de\/news\/wp-json\/wp\/v2\/comments?post=24886"}],"version-history":[{"count":0,"href":"https:\/\/onlinetranslators.de\/news\/wp-json\/wp\/v2\/posts\/24886\/revisions"}],"wp:featuredmedia":[{"embeddable":true,"href":"https:\/\/onlinetranslators.de\/news\/wp-json\/wp\/v2\/media\/24887"}],"wp:attachment":[{"href":"https:\/\/onlinetranslators.de\/news\/wp-json\/wp\/v2\/media?parent=24886"}],"wp:term":[{"taxonomy":"category","embeddable":true,"href":"https:\/\/onlinetranslators.de\/news\/wp-json\/wp\/v2\/categories?post=24886"},{"taxonomy":"post_tag","embeddable":true,"href":"https:\/\/onlinetranslators.de\/news\/wp-json\/wp\/v2\/tags?post=24886"}],"curies":[{"name":"wp","href":"https:\/\/api.w.org\/{rel}","templated":true}]}}