{"id":24813,"date":"2023-11-26T15:37:39","date_gmt":"2023-11-26T12:37:39","guid":{"rendered":"https:\/\/onlinetranslators.de\/news\/nachrichten\/hamas-geisel-freigelassen-emily-ist-zu-uns-zuruckgekommen\/"},"modified":"2023-11-26T15:37:39","modified_gmt":"2023-11-26T12:37:39","slug":"hamas-geisel-freigelassen-emily-ist-zu-uns-zuruckgekommen","status":"publish","type":"post","link":"https:\/\/onlinetranslators.de\/news\/nachrichten\/hamas-geisel-freigelassen-emily-ist-zu-uns-zuruckgekommen\/","title":{"rendered":"Hamas-Geisel freigelassen: \u00bbEmily ist zu uns zur\u00fcckgekommen!\u00ab"},"content":{"rendered":"<p class=\"caps\">Unter den freigelassenen Geiseln der Hamas ist auch ein neunj\u00e4hriges irisches M\u00e4dchen: \u00bbEmily ist zu uns zur\u00fcckgekommen!\u00ab, schrieb ihre Familie in einer Mitteilung. \u00bbWir finden keine Worte, um unsere Gef\u00fchle nach 50 schwierigen und komplizierten Tagen zu beschreiben.\u00ab Emily war w\u00e4hrend ihrer Geiselhaft neun Jahre alt geworden, was in Dublin vor anderthalb Wochen mit einer Party gefeiert worden war.<\/p>\n<p>Nach der Terrorattacke der Hamas am 7. Oktober hatte man das M\u00e4dchen zun\u00e4chst f\u00fcr tot gehalten. Ihr aus Irland stammender Vater Thomas H. hatte sich danach in einem Fernsehinterview unter Tr\u00e4nen erleichtert dar\u00fcber ge\u00e4u\u00dfert, dass sie nicht in die H\u00e4nde der Hamas gefallen sei. Dies w\u00e4re noch \u00bbschlimmer als der Tod\u00ab gewesen, sagte er damals.<\/p>\n<p>Sp\u00e4ter hie\u00df es, sie sei wom\u00f6glich doch als Geisel nach Gaza verschleppt worden. In der vergangenen Woche hatte Thomas H. in einem emotionalen Appell um die Freilassung seiner Tochter gebeten. Die Familie erlebe einen Albtraum, sagte er. Nun wurde die Familie in einem Krankenhaus wiedervereint. Die israelische Botschaft in Deutschland ver\u00f6ffentlichte auf X             ein Video, in dem zu sehen ist, wie Emily auf ihren Vater zurennt \u2013 und er sie in die Arme schlie\u00dft.<\/p>\n<p>Kurz nach ihr umarmt in dem Video ein anderer Mann ein weiteres Kind: Es ist die 13-j\u00e4hrige Hila R., die von ihrem Onkel in Empfang genommen wird. Ihre Mutter Raya R. befindet sich weiter in den H\u00e4nden der Hamas.<\/p>\n<p>Insgesamt hatte das Rote Kreuz am Samstagabend 13 Israelis \u2013 unter ihnen erneut vier Deutsch-Israelis \u2013 sowie vier thail\u00e4ndische Staatsb\u00fcrger \u00fcber die Grenze nach \u00c4gypten gebracht. Nach dem Grenz\u00fcbertritt wurden die Geiseln in ein Krankenhaus in Israel geflogen. Israel hatte im Austausch 39 pal\u00e4stinensische Straft\u00e4ter aus der Haft entlassen.<\/p>\n<h3>\u00bbEin Tag der gro\u00dfen Freude\u00ab<\/h3>\n<p>Der irische Regierungschef Leo Varadkar schrieb auf X : \u00bbDies ist ein Tag der gro\u00dfen Freude und Erleichterung f\u00fcr Emily H. und ihre Familie. Ein unschuldiges Kind, das verloren war, wurde nun gefunden und ist zur\u00fcckgekehrt, und wir atmen erleichtert auf.\u00ab Auf der Social-Media-Plattform ist der Tweet mittlerweile mit einem Vermerk versehen. Emily H. war n\u00e4mlich nicht einfach \u00bbverloren\u00ab, sondern wurde von einer Terrororganisation entf\u00fchrt und als Geisel festgehalten.<\/p>\n<p>Schon am Freitag waren 24 Geiseln freigekommen, auch unter ihnen waren vier Deutsch-Israelis. Bei ihrem Terrorangriff am 7. Oktober hatte die Hamas insgesamt etwa 240 Menschen in den Gazastreifen verschleppt. Emily war aus ihrem Haus im Kibbuz Beeri entf\u00fchrt worden.<\/p>\n","protected":false},"excerpt":{"rendered":"<p>Unter den freigelassenen Geiseln der Hamas ist auch ein neunj\u00e4hriges irisches M\u00e4dchen: \u00bbEmily ist zu uns zur\u00fcckgekommen!\u00ab, schrieb ihre Familie in einer Mitteilung. \u00bbWir finden keine Worte, um unsere Gef\u00fchle<\/p>\n","protected":false},"author":1,"featured_media":24814,"comment_status":"open","ping_status":"open","sticky":false,"template":"","format":"standard","meta":{"footnotes":""},"categories":[1],"tags":[],"class_list":["post-24813","post","type-post","status-publish","format-standard","has-post-thumbnail","hentry","category-nachrichten"],"_links":{"self":[{"href":"https:\/\/onlinetranslators.de\/news\/wp-json\/wp\/v2\/posts\/24813","targetHints":{"allow":["GET"]}}],"collection":[{"href":"https:\/\/onlinetranslators.de\/news\/wp-json\/wp\/v2\/posts"}],"about":[{"href":"https:\/\/onlinetranslators.de\/news\/wp-json\/wp\/v2\/types\/post"}],"author":[{"embeddable":true,"href":"https:\/\/onlinetranslators.de\/news\/wp-json\/wp\/v2\/users\/1"}],"replies":[{"embeddable":true,"href":"https:\/\/onlinetranslators.de\/news\/wp-json\/wp\/v2\/comments?post=24813"}],"version-history":[{"count":0,"href":"https:\/\/onlinetranslators.de\/news\/wp-json\/wp\/v2\/posts\/24813\/revisions"}],"wp:featuredmedia":[{"embeddable":true,"href":"https:\/\/onlinetranslators.de\/news\/wp-json\/wp\/v2\/media\/24814"}],"wp:attachment":[{"href":"https:\/\/onlinetranslators.de\/news\/wp-json\/wp\/v2\/media?parent=24813"}],"wp:term":[{"taxonomy":"category","embeddable":true,"href":"https:\/\/onlinetranslators.de\/news\/wp-json\/wp\/v2\/categories?post=24813"},{"taxonomy":"post_tag","embeddable":true,"href":"https:\/\/onlinetranslators.de\/news\/wp-json\/wp\/v2\/tags?post=24813"}],"curies":[{"name":"wp","href":"https:\/\/api.w.org\/{rel}","templated":true}]}}