{"id":24777,"date":"2023-11-25T01:56:41","date_gmt":"2023-11-24T22:56:41","guid":{"rendered":"https:\/\/onlinetranslators.de\/news\/nachrichten\/olaf-scholz-und-joe-biden-zur-freilassung-der-hamas-geiseln-der-heutige-tag-kann-nur-ein-anfang-sein\/"},"modified":"2023-11-25T01:56:41","modified_gmt":"2023-11-24T22:56:41","slug":"olaf-scholz-und-joe-biden-zur-freilassung-der-hamas-geiseln-der-heutige-tag-kann-nur-ein-anfang-sein","status":"publish","type":"post","link":"https:\/\/onlinetranslators.de\/news\/nachrichten\/olaf-scholz-und-joe-biden-zur-freilassung-der-hamas-geiseln-der-heutige-tag-kann-nur-ein-anfang-sein\/","title":{"rendered":"Olaf Scholz und Joe Biden zur Freilassung der Hamas-Geiseln: \u00bbDer heutige Tag kann nur ein Anfang sein\u00ab"},"content":{"rendered":"<p class=\"caps\">Bundeskanzler Olaf Scholz hat sich erleichtert \u00fcber die Freilassung von Geiseln der Terrororganisation Hamas gezeigt und dies auch f\u00fcr die \u00fcbrigen mehr als 200 Geiseln gefordert. \u00bbEs ist eine gute Nachricht, dass endlich eine erste Gruppe von Geiseln freigelassen wurde. Wir k\u00f6nnen kaum ermessen, was sie und ihre Angeh\u00f6rigen in den letzten Wochen haben durchmachen m\u00fcssen\u00ab, hie\u00df es am Freitagabend auf seinem Kanal auf der Internet-Plattform X (fr\u00fcher Twitter).<\/p>\n<p>Dies sei das Ergebnis unerm\u00fcdlicher Diplomatie \u2013 der Dank gelte allen, die sich daf\u00fcr engagiert h\u00e4tten. \u00bbDer heutige Tag kann nur ein Anfang sein. Hamas muss alle Geiseln bedingungslos freilassen!\u00ab<\/p>\n<p>Auch US-Pr\u00e4sident Joe Biden reagierte mit einer Ansprache am Freitag auf die Freilassung erster Geiseln. \u00bbDie heutige Freilassung ist der Beginn eines Prozesses\u00ab, sagte der US-Pr\u00e4sident bei einer Ansprache am Freitag. Er erwarte am Samstag, Sonntag und Montag die Freilassung weiterer Geiseln. \u00bbWir gehen davon aus, dass in den n\u00e4chsten Tagen Dutzende von Geiseln zu ihren Familien zur\u00fcckkehren werden.\u00ab<\/p>\n<p>Biden bekr\u00e4ftige in der Ansprach auch mit deutlichen Worten das Ziel einer Zweistaatenl\u00f6sung. \u00bbWenn wir in die Zukunft blicken, m\u00fcssen wir den Kreislauf der Gewalt im Nahen Osten durchbrechen\u00ab, sagte Biden am Freitag. \u00bbWir m\u00fcssen unsere Entschlossenheit erneuern, diese Zweistaatenl\u00f6sung anzustreben, in der Israelis und Pal\u00e4stinenser eines Tages Seite an Seite (&#8230;) mit einem gleichen Ma\u00df an Freiheit und W\u00fcrde leben k\u00f6nnen\u00ab, betonte der US-Pr\u00e4sident. \u00bbZwei Staaten f\u00fcr zwei V\u00f6lker. Das ist jetzt wichtiger denn je.\u00ab Weiter sagte Biden: \u00bbDie Hamas hat diesen Terroranschlag ver\u00fcbt, weil sie nichts mehr f\u00fcrchtet, als dass Israelis und Pal\u00e4stinenser Seite an Seite in Frieden leben.\u00ab<\/p>\n<p>Auch Bundesau\u00dfenministerin Annalena Baerbock reagierte am Abend auf die Freilassung der deutschen Hamas-Geiseln. \u00bbIch bin unendlich erleichtert, dass soeben 24 Geiseln aus Gaza freigekommen sind, darunter vier Deutsche\u00ab, erkl\u00e4rte die Ministerin. \u00bbDie Freilassung aller verbliebenen Geiseln, insbesondere auch der Deutschen unter ihnen, bleibt f\u00fcr uns oberste Priorit\u00e4t\u00ab, f\u00fcgte sie hinzu.<\/p>\n<p>Zu den Freigelassenen mit deutscher und israelischer Staatsangeh\u00f6rigkeit geh\u00f6ren die 34-j\u00e4hrige Doron Katz-Asher sowie deren zwei kleinen T\u00f6chter <em>(Lesen Sie hier mehr \u00fcber das Schicksal der Familie)<\/em>. Baerbock \u00e4u\u00dferte sich erleichtert dar\u00fcber, \u00bbdass ein Vater nach 49 Tagen der H\u00f6lle des unglaublichen Bangens endlich seine zwei kleinen T\u00f6chter, seine Ehefrau wieder sicher in die Arme schlie\u00dfen kann\u00ab.<\/p>\n","protected":false},"excerpt":{"rendered":"<p>Bundeskanzler Olaf Scholz hat sich erleichtert \u00fcber die Freilassung von Geiseln der Terrororganisation Hamas gezeigt und dies auch f\u00fcr die \u00fcbrigen mehr als 200 Geiseln gefordert. \u00bbEs ist eine gute<\/p>\n","protected":false},"author":1,"featured_media":24778,"comment_status":"open","ping_status":"open","sticky":false,"template":"","format":"standard","meta":{"footnotes":""},"categories":[1],"tags":[],"class_list":["post-24777","post","type-post","status-publish","format-standard","has-post-thumbnail","hentry","category-nachrichten"],"_links":{"self":[{"href":"https:\/\/onlinetranslators.de\/news\/wp-json\/wp\/v2\/posts\/24777","targetHints":{"allow":["GET"]}}],"collection":[{"href":"https:\/\/onlinetranslators.de\/news\/wp-json\/wp\/v2\/posts"}],"about":[{"href":"https:\/\/onlinetranslators.de\/news\/wp-json\/wp\/v2\/types\/post"}],"author":[{"embeddable":true,"href":"https:\/\/onlinetranslators.de\/news\/wp-json\/wp\/v2\/users\/1"}],"replies":[{"embeddable":true,"href":"https:\/\/onlinetranslators.de\/news\/wp-json\/wp\/v2\/comments?post=24777"}],"version-history":[{"count":0,"href":"https:\/\/onlinetranslators.de\/news\/wp-json\/wp\/v2\/posts\/24777\/revisions"}],"wp:featuredmedia":[{"embeddable":true,"href":"https:\/\/onlinetranslators.de\/news\/wp-json\/wp\/v2\/media\/24778"}],"wp:attachment":[{"href":"https:\/\/onlinetranslators.de\/news\/wp-json\/wp\/v2\/media?parent=24777"}],"wp:term":[{"taxonomy":"category","embeddable":true,"href":"https:\/\/onlinetranslators.de\/news\/wp-json\/wp\/v2\/categories?post=24777"},{"taxonomy":"post_tag","embeddable":true,"href":"https:\/\/onlinetranslators.de\/news\/wp-json\/wp\/v2\/tags?post=24777"}],"curies":[{"name":"wp","href":"https:\/\/api.w.org\/{rel}","templated":true}]}}