{"id":24665,"date":"2023-11-20T04:37:37","date_gmt":"2023-11-20T01:37:37","guid":{"rendered":"https:\/\/onlinetranslators.de\/news\/nachrichten\/israelische-ministerin-schlagt-freiwillige-umsiedlung-von-palastinensern-in-gaza-vor\/"},"modified":"2023-11-20T04:37:37","modified_gmt":"2023-11-20T01:37:37","slug":"israelische-ministerin-schlagt-freiwillige-umsiedlung-von-palastinensern-in-gaza-vor","status":"publish","type":"post","link":"https:\/\/onlinetranslators.de\/news\/nachrichten\/israelische-ministerin-schlagt-freiwillige-umsiedlung-von-palastinensern-in-gaza-vor\/","title":{"rendered":"Israelische Ministerin schl\u00e4gt \u00bbfreiwillige Umsiedlung\u00ab von Pal\u00e4stinensern in Gaza vor"},"content":{"rendered":"<p class=\"caps\">Die israelische Geheimdienstministerin Gila Gamliel hat die internationale Gemeinschaft dazu aufgerufen, anstelle eines Wiederaufbaus des Gazastreifens eine \u00bbfreiwillige Umsiedlung\u00ab der Pal\u00e4stinenser aus dem K\u00fcstengebiet in andere L\u00e4nder zu f\u00f6rdern. <\/p>\n<p>Anstatt Geld f\u00fcr den Wiederaufbau des Gazastreifens oder das \u00bbgescheiterte\u00ab Uno-Hilfswerk f\u00fcr pal\u00e4stinensische Fl\u00fcchtlinge (UNRWA) bereitzustellen, \u00bbkann sich die internationale Gemeinschaft an den Kosten f\u00fcr die Umsiedlung beteiligen\u00ab und den Bewohnern des Gazastreifens helfen, \u00bbsich ein neues Leben in ihren neuen Gastl\u00e4ndern aufzubauen\u00ab, schrieb Gamliel in der Zeitung \u00bbJerusalem Post\u00ab            .<\/p>\n<h3>\u00bbWin-win-L\u00f6sung\u00ab<\/h3>\n<p>Nach dem Krieg sei es eine \u00bbOption\u00ab, \u00bbdie freiwillige Umsiedlung von Pal\u00e4stinensern in Gaza au\u00dferhalb des Streifens zu f\u00f6rdern, aus humanit\u00e4ren Gr\u00fcnden\u00ab, erkl\u00e4rte die Politikerin der Likud-Partei des israelischen Regierungschefs Benjamin Netanyahu.<\/p>\n<p>Alle bisherigen L\u00f6sungsversuche seien gescheitert. Ihr Vorschlag k\u00f6nnte \u00bbeine Win-win-L\u00f6sung sein: Ein Sieg f\u00fcr die Zivilisten Gazas, die ein besseres Leben wollen, und ein Sieg f\u00fcr Israel nach dieser verheerenden Katastrophe\u00ab, fuhr Gamliel fort.<\/p>\n<h3>Macron mahnt zum Schutz von Zivilisten<\/h3>\n<p>Derweil hat Frankreichs Pr\u00e4sident Emmanuel Macron in einem Telefonat den israelischen Ministerpr\u00e4sidenten Benjamin Netanyahu zum Schutz von Zivilisten im Gazastreifen ermahnt. Macron habe Netanyahu an die absolute Notwendigkeit erinnert, zwischen Terroristen und der Bev\u00f6lkerung zu unterscheiden, teilte der \u00c9lys\u00e9e-Palast in Paris im Anschluss an das Gespr\u00e4ch mit. Es habe zu viele zivile Verluste im Zusammenhang mit den laufenden milit\u00e4rischen Operationen im Gazastreifen gegeben.<\/p>\n<p>Nach \u00c9lys\u00e9e-Angaben wies Macron zudem auf die Notwendigkeit hin, eine sofortige Feuerpause einzurichten, die zu einem Waffenstillstand f\u00fchren sollte. Auch habe Macron seine Besorgnis angesichts steigender Gewalt gegen pal\u00e4stinensische Zivilisten im Westjordanland zum Ausdruck gebracht. Er habe darauf beharrt, dass alles Notwendige getan werden m\u00fcsse, um der Ausweitung der Gewalt vorzubeugen. In Bezug auf die weitere Region habe Macron betont, der Iran und seine verbundenen Kr\u00e4fte, insbesondere die Hisbollah, sollten sich von dem Konflikt fernhalten.<\/p>\n<h3>Macron: Wiederaufnahme politischer Gespr\u00e4che notwendig<\/h3>\n<p>Macron telefonierte ebenso mit dem pal\u00e4stinensischen Pr\u00e4sidenten Mahmoud Abbas. Er habe Abbas an die Notwendigkeit erinnert, dass die pal\u00e4stinensischen Beh\u00f6rden und die L\u00e4nder der Region den Terrorangriff der Hamas in Israel am 7. Oktober mit etwa 1.200 Toten entschieden verurteilten. Abbas und Macron waren sich demnach einig, dass eine Wiederaufnahme politischer Gespr\u00e4che notwendig sei. Demnach sprachen sie auch \u00fcber die Rolle, die Frankreich dabei spielen k\u00f6nnte.<\/p>\n<p>Pal\u00e4stinenserpr\u00e4sident Mahmoud Abbas hatte im Oktober angesichts einer von Israel angeordneten Evakuierung von mehr als einer Million Menschen aus dem n\u00f6rdlichen Gazastreifen infolge des Hamas-Angriffs vor einer \u00bbzweiten Nakba\u00ab gewarnt. Mit dem Begriff \u00bbNakba\u00ab (Katastrophe) bezog sich Abbas auf die Flucht oder Vertreibung von rund 760.000 Pal\u00e4stinensern nach Israels Staatsgr\u00fcndung im Jahr 1948.<\/p>\n","protected":false},"excerpt":{"rendered":"<p>Die israelische Geheimdienstministerin Gila Gamliel hat die internationale Gemeinschaft dazu aufgerufen, anstelle eines Wiederaufbaus des Gazastreifens eine \u00bbfreiwillige Umsiedlung\u00ab der Pal\u00e4stinenser aus dem K\u00fcstengebiet in andere L\u00e4nder zu f\u00f6rdern. Anstatt<\/p>\n","protected":false},"author":1,"featured_media":24666,"comment_status":"open","ping_status":"open","sticky":false,"template":"","format":"standard","meta":{"footnotes":""},"categories":[1],"tags":[],"class_list":["post-24665","post","type-post","status-publish","format-standard","has-post-thumbnail","hentry","category-nachrichten"],"_links":{"self":[{"href":"https:\/\/onlinetranslators.de\/news\/wp-json\/wp\/v2\/posts\/24665","targetHints":{"allow":["GET"]}}],"collection":[{"href":"https:\/\/onlinetranslators.de\/news\/wp-json\/wp\/v2\/posts"}],"about":[{"href":"https:\/\/onlinetranslators.de\/news\/wp-json\/wp\/v2\/types\/post"}],"author":[{"embeddable":true,"href":"https:\/\/onlinetranslators.de\/news\/wp-json\/wp\/v2\/users\/1"}],"replies":[{"embeddable":true,"href":"https:\/\/onlinetranslators.de\/news\/wp-json\/wp\/v2\/comments?post=24665"}],"version-history":[{"count":0,"href":"https:\/\/onlinetranslators.de\/news\/wp-json\/wp\/v2\/posts\/24665\/revisions"}],"wp:featuredmedia":[{"embeddable":true,"href":"https:\/\/onlinetranslators.de\/news\/wp-json\/wp\/v2\/media\/24666"}],"wp:attachment":[{"href":"https:\/\/onlinetranslators.de\/news\/wp-json\/wp\/v2\/media?parent=24665"}],"wp:term":[{"taxonomy":"category","embeddable":true,"href":"https:\/\/onlinetranslators.de\/news\/wp-json\/wp\/v2\/categories?post=24665"},{"taxonomy":"post_tag","embeddable":true,"href":"https:\/\/onlinetranslators.de\/news\/wp-json\/wp\/v2\/tags?post=24665"}],"curies":[{"name":"wp","href":"https:\/\/api.w.org\/{rel}","templated":true}]}}