{"id":24607,"date":"2023-11-17T15:56:15","date_gmt":"2023-11-17T12:56:15","guid":{"rendered":"https:\/\/onlinetranslators.de\/news\/nachrichten\/greta-thunberg-linken-politiker-stellen-sich-hinter-klimaaktivistin\/"},"modified":"2023-11-17T15:56:15","modified_gmt":"2023-11-17T12:56:15","slug":"greta-thunberg-linken-politiker-stellen-sich-hinter-klimaaktivistin","status":"publish","type":"post","link":"https:\/\/onlinetranslators.de\/news\/nachrichten\/greta-thunberg-linken-politiker-stellen-sich-hinter-klimaaktivistin\/","title":{"rendered":"Greta Thunberg: Linken-Politiker stellen sich hinter Klimaaktivistin"},"content":{"rendered":"<p class=\"caps\">Bei den Linken nehmen mehrere f\u00fchrende Politiker die in die Kritik geratene Klimaaktivistin Greta Thunberg in Schutz. Die Partei trifft sich dieser Tage zum Europaparteitag in Augsburg und will auch \u00fcber Israel und den Krieg diskutieren, es werden Kontroversen erwartet.<\/p>\n<p>Thunberg stellte sich im Nahostkonflikt deutlich auf die Seite der Pal\u00e4stinenser. So trat Thunberg mit einem Pal\u00e4stinensertuch bei einer Klimademonstration in Amsterdam auf und skandierte: \u00bbKeine Klimagerechtigkeit auf besetztem Land\u00ab. In Deutschland distanzierten sich Aktivisten und Politiker von Thunberg.<\/p>\n<p>Ex-Linkenchef Bernd Riexinger allerdings, der sich besonders mit dem Klimathema besch\u00e4ftigt, verteidigt Thunberg. \u00bbDer Umgang mit ihr ist zu hart. Es ist berechtigt, Israel f\u00fcr den Umgang mit der Zivilbev\u00f6lkerung in Gaza zu kritisieren\u00ab, sagte er dem SPIEGEL. Es handele sich um eine humanit\u00e4re Katastrophe. \u00bbDas ist kein Antisemitismus und auch keine Relativierung des furchtbaren Terrors der Hamas.\u00ab In anderen L\u00e4ndern, die nicht die Verantwortung f\u00fcr den Holocaust haben, sei es \u00bbselbstverst\u00e4ndlicher, die israelische Politik zu kritisieren, ohne des Antisemitismus verd\u00e4chtigt zu werden\u00ab.<\/p>\n<p>Die Klimabewegung sollte sich nicht durch den ungel\u00f6sten Konflikt im Nahen Osten spalten. \u00bbSie kann unterschiedliche Standpunkte aushalten, ohne ihr Ziel einer konsequent klimagerechten Politik aus dem Fokus zu verlieren\u00ab, so Riexinger.<\/p>\n<p>Linkenvorstand Luigi Pantisano befindet, der Umgang mit Thunberg sei \u00bbheuchlerisch\u00ab. \u00bbIch bin mit Greta Thunberg solidarisch. Ihre Aussagen und ihre Solidarit\u00e4t mit der pal\u00e4stinensischen Bev\u00f6lkerung und gegen die Besatzung Israels sind gedeckt von vielen Beschl\u00fcssen der Uno.\u00ab<\/p>\n<p>Es sei selbstverst\u00e4ndlich, dass \u00bbdie globale Bewegung f\u00fcr Klimagerechtigkeit sich auch gegen den tausendfachen Tod von Kindern im Gazastreifen\u00ab \u00e4u\u00dfere. Das gebiete allein schon die Menschlichkeit. \u00bbDas ist kein Antisemitismus.\u00ab<\/p>\n<p>Auch Didem Aydurmus, ebenfalls im Bundesvorstand der Linken, sieht die Debatte als falsch an: \u00bbGrunds\u00e4tzlich ist erkennbar, dass der deutsche Diskurs, was sagbar ist, ein anderer ist als der internationale Diskurs.\u00ab Und weiter: \u00bbWenn jetzt Leute sagen, Greta solle nicht politisch sein, muss ich schmunzeln. Das zeigt, wie sehr das Thema Klimagerechtigkeit missverstanden wird.\u00ab<\/p>\n","protected":false},"excerpt":{"rendered":"<p>Bei den Linken nehmen mehrere f\u00fchrende Politiker die in die Kritik geratene Klimaaktivistin Greta Thunberg in Schutz. Die Partei trifft sich dieser Tage zum Europaparteitag in Augsburg und will auch<\/p>\n","protected":false},"author":1,"featured_media":24608,"comment_status":"open","ping_status":"open","sticky":false,"template":"","format":"standard","meta":{"footnotes":""},"categories":[1],"tags":[],"class_list":["post-24607","post","type-post","status-publish","format-standard","has-post-thumbnail","hentry","category-nachrichten"],"_links":{"self":[{"href":"https:\/\/onlinetranslators.de\/news\/wp-json\/wp\/v2\/posts\/24607","targetHints":{"allow":["GET"]}}],"collection":[{"href":"https:\/\/onlinetranslators.de\/news\/wp-json\/wp\/v2\/posts"}],"about":[{"href":"https:\/\/onlinetranslators.de\/news\/wp-json\/wp\/v2\/types\/post"}],"author":[{"embeddable":true,"href":"https:\/\/onlinetranslators.de\/news\/wp-json\/wp\/v2\/users\/1"}],"replies":[{"embeddable":true,"href":"https:\/\/onlinetranslators.de\/news\/wp-json\/wp\/v2\/comments?post=24607"}],"version-history":[{"count":0,"href":"https:\/\/onlinetranslators.de\/news\/wp-json\/wp\/v2\/posts\/24607\/revisions"}],"wp:featuredmedia":[{"embeddable":true,"href":"https:\/\/onlinetranslators.de\/news\/wp-json\/wp\/v2\/media\/24608"}],"wp:attachment":[{"href":"https:\/\/onlinetranslators.de\/news\/wp-json\/wp\/v2\/media?parent=24607"}],"wp:term":[{"taxonomy":"category","embeddable":true,"href":"https:\/\/onlinetranslators.de\/news\/wp-json\/wp\/v2\/categories?post=24607"},{"taxonomy":"post_tag","embeddable":true,"href":"https:\/\/onlinetranslators.de\/news\/wp-json\/wp\/v2\/tags?post=24607"}],"curies":[{"name":"wp","href":"https:\/\/api.w.org\/{rel}","templated":true}]}}